{"id":358302,"date":"2020-03-05T10:47:51","date_gmt":"2020-03-05T09:47:51","guid":{"rendered":"https:\/\/hashtag.al\/?p=358302"},"modified":"2020-03-05T10:48:53","modified_gmt":"2020-03-05T09:48:53","slug":"u-arrestua-pas-termetit-gjykata-e-durresit-liron-ish-drejtorin-e-aluizni-t-arben-isakun","status":"publish","type":"post","link":"https:\/\/www.hashtag.al\/index.php\/2020\/03\/05\/u-arrestua-pas-termetit-gjykata-e-durresit-liron-ish-drejtorin-e-aluizni-t-arben-isakun\/","title":{"rendered":"U arrestua pas t\u00ebrmetit, Gjykata e Durr\u00ebsit liron ish- drejtorin e ALUIZNI-t Arben Isakun","gt_translate_keys":[{"key":"rendered","format":"text"}]},"content":{"rendered":"<p><a href=\"https:\/\/hashtag.al\/wp-content\/uploads\/2020\/03\/arben-isaku.jpg\"><img loading=\"lazy\" decoding=\"async\" class=\"aligncenter size-full wp-image-358303\" src=\"https:\/\/hashtag.al\/wp-content\/uploads\/2020\/03\/arben-isaku.jpg\" alt=\"\" width=\"570\" height=\"410\" srcset=\"https:\/\/www.hashtag.al\/wp-content\/uploads\/2020\/03\/arben-isaku.jpg 570w, https:\/\/www.hashtag.al\/wp-content\/uploads\/2020\/03\/arben-isaku-300x216.jpg 300w\" sizes=\"auto, (max-width: 570px) 100vw, 570px\" \/><\/a><\/p>\n<p><span style=\"color: #000000;\">Gjykata e Durr\u00ebsit ka liruar me garanci pasurore, ish- drejtorin e ALUIZNI-t \u00a0Arben Isaku.<\/span><\/p>\n<p><span style=\"color: #000000;\">Kujtojm\u00eb se Isaku u arrestua pas t\u00ebrmetit t\u00eb 26 n\u00ebntorit t\u00eb vitit t\u00eb shkuar, p\u00ebr shp\u00ebrdorim detyre lidhur me legalizimet\u00a0q\u00eb kishin b\u00ebr\u00eb zyrtar\u00eb t\u00eb ALUIZNI-t me objektet e d\u00ebmtuara nga t\u00ebrmeti.<\/span><\/p>\n<p><span style=\"color: #000000;\">Nd\u00ebrkoh\u00eb Klajdi Lame, i cili ka qen\u00eb inspektor i INUV n\u00eb Durr\u00ebs, n\u00eb pallatin 6-kat\u00ebsh ku vdiq\u00ebn dy vet\u00eb, \u00ebsht\u00eb l\u00ebn\u00eb n\u00eb qeli.<\/span><\/p>\n<p><span style=\"color: #000000;\">Arben Isaku\u00a0\u00ebsht\u00eb arrestuar edhe m\u00eb par\u00eb pas akuzave se kur ishte zv.drejtor i Kadastr\u00ebs n\u00eb Durr\u00ebs, kishte legalizuar me letra false truallin n\u00eb zon\u00ebn e plazhit.E nj\u00ebjta gjykat\u00eb e liroi at\u00eb n\u00eb gusht t\u00eb viti t\u00eb shkuar.<\/span><\/p>\n","protected":false,"gt_translate_keys":[{"key":"rendered","format":"html"}]},"excerpt":{"rendered":"<p>Gjykata e Durr\u00ebsit ka liruar me garanci pasurore, ish- drejtorin e ALUIZNI-t \u00a0Arben Isaku. Kujtojm\u00eb se Isaku u arrestua pas t\u00ebrmetit t\u00eb 26 n\u00ebntorit t\u00eb vitit t\u00eb shkuar, p\u00ebr shp\u00ebrdorim detyre lidhur me legalizimet\u00a0q\u00eb kishin b\u00ebr\u00eb zyrtar\u00eb t\u00eb ALUIZNI-t me objektet e d\u00ebmtuara nga t\u00ebrmeti. Nd\u00ebrkoh\u00eb Klajdi Lame, i cili ka qen\u00eb inspektor i INUV [&hellip;]<\/p>\n","protected":false,"gt_translate_keys":[{"key":"rendered","format":"html"}]},"author":30,"featured_media":358303,"comment_status":"open","ping_status":"open","sticky":false,"template":"","format":"standard","meta":{"footnotes":""},"categories":[65,13],"tags":[],"class_list":["post-358302","post","type-post","status-publish","format-standard","has-post-thumbnail","hentry","category-lajme","category-te-fundit"],"gt_translate_keys":[{"key":"link","format":"url"}],"_links":{"self":[{"href":"https:\/\/www.hashtag.al\/index.php\/wp-json\/wp\/v2\/posts\/358302","targetHints":{"allow":["GET"]}}],"collection":[{"href":"https:\/\/www.hashtag.al\/index.php\/wp-json\/wp\/v2\/posts"}],"about":[{"href":"https:\/\/www.hashtag.al\/index.php\/wp-json\/wp\/v2\/types\/post"}],"author":[{"embeddable":true,"href":"https:\/\/www.hashtag.al\/index.php\/wp-json\/wp\/v2\/users\/30"}],"replies":[{"embeddable":true,"href":"https:\/\/www.hashtag.al\/index.php\/wp-json\/wp\/v2\/comments?post=358302"}],"version-history":[{"count":0,"href":"https:\/\/www.hashtag.al\/index.php\/wp-json\/wp\/v2\/posts\/358302\/revisions"}],"wp:featuredmedia":[{"embeddable":true,"href":"https:\/\/www.hashtag.al\/index.php\/wp-json\/wp\/v2\/media\/358303"}],"wp:attachment":[{"href":"https:\/\/www.hashtag.al\/index.php\/wp-json\/wp\/v2\/media?parent=358302"}],"wp:term":[{"taxonomy":"category","embeddable":true,"href":"https:\/\/www.hashtag.al\/index.php\/wp-json\/wp\/v2\/categories?post=358302"},{"taxonomy":"post_tag","embeddable":true,"href":"https:\/\/www.hashtag.al\/index.php\/wp-json\/wp\/v2\/tags?post=358302"}],"curies":[{"name":"wp","href":"https:\/\/api.w.org\/{rel}","templated":true}]}}