{"id":358025,"date":"2020-03-04T11:33:46","date_gmt":"2020-03-04T10:33:46","guid":{"rendered":"https:\/\/hashtag.al\/?p=358025"},"modified":"2020-03-04T11:59:59","modified_gmt":"2020-03-04T10:59:59","slug":"ambulancat-shkojne-e-vijne-situate-kaotike-ne-urgjencen-e-fierit","status":"publish","type":"post","link":"https:\/\/www.hashtag.al\/index.php\/2020\/03\/04\/ambulancat-shkojne-e-vijne-situate-kaotike-ne-urgjencen-e-fierit\/","title":{"rendered":"Ambulancat shkojn\u00eb e vijn\u00eb, situat\u00eb kaotike n\u00eb Urgjenc\u00ebn e Fierit","gt_translate_keys":[{"key":"rendered","format":"text"}]},"content":{"rendered":"<p><a href=\"https:\/\/hashtag.al\/wp-content\/uploads\/2020\/03\/ambulanca.png\"><img loading=\"lazy\" decoding=\"async\" class=\"aligncenter size-full wp-image-358035\" src=\"https:\/\/hashtag.al\/wp-content\/uploads\/2020\/03\/ambulanca.png\" alt=\"\" width=\"770\" height=\"419\" srcset=\"https:\/\/www.hashtag.al\/wp-content\/uploads\/2020\/03\/ambulanca.png 770w, https:\/\/www.hashtag.al\/wp-content\/uploads\/2020\/03\/ambulanca-300x163.png 300w, https:\/\/www.hashtag.al\/wp-content\/uploads\/2020\/03\/ambulanca-768x418.png 768w\" sizes=\"auto, (max-width: 770px) 100vw, 770px\" \/><\/a><\/p>\n<p><span style=\"color: #000000;\">Helmohen p\u00ebrs\u00ebri \u00a0nx\u00ebn\u00ebsit e shkoll\u00ebs \u201cJanar Kilica\u201d n\u00eb Fier. Nx\u00ebn\u00ebsit jan\u00eb d\u00ebrguar n\u00eb Spitalin e Fierit p\u00ebr t\u00eb marr\u00eb ndihm\u00ebn e par\u00eb mjek\u00ebsore pasi shfaq\u00ebn probleme me frym\u00ebmarrjen dhe shenja t\u00eb helmimit.<\/span><\/p>\n<p><span style=\"color: #000000;\">Spitali \u00ebsht\u00eb mbushur me nx\u00ebn\u00ebs t\u00eb shumt\u00eb por edhe me familjar\u00eb t\u00eb tyre, t\u00eb cil\u00ebt jan\u00eb t\u00eb shqet\u00ebsuar pasi nuk e din\u00eb n\u00ebse f\u00ebmij\u00ebt e tyre jan\u00eb mes t\u00eb helmuarve. N\u00eb fillim u mendua p\u00ebr 7 nx\u00ebn\u00ebs t\u00eb helmuar, por me ambulancat q\u00eb vijn\u00eb e shkojn\u00eb nj\u00ebra pas tjetr\u00ebs duke transportuar nx\u00ebn\u00ebsit n\u00eb spitalin rajonal, besohet se numri i tyre \u00ebsht\u00eb mjaft i lart\u00eb.\u00a0<\/span><\/p>\n<p><span style=\"color: #000000;\">Disa nx\u00ebn\u00ebs kan\u00eb shoq\u00ebruar nj\u00ebri-tjetrin n\u00eb spital, por ka patur edhe nga ata q\u00eb jan\u00eb d\u00ebrguar me barrela nga mjek\u00ebt e ndihm\u00ebs s\u00eb shpejt\u00eb n\u00eb spital.<\/span><\/p>\n<p><span style=\"color: #000000;\">N\u00eb vend ndodhet edhe Drejtori i Policis\u00eb s\u00eb Fierit i cili ka nxjerr\u00eb nga spitali mediat dhe po ashtu edhe Drejtoresha e Arsimit n\u00eb Fier Yllka Beci. Nd\u00ebrkoh\u00eb edhe dera e shkoll\u00ebs \u00ebsht\u00eb e mbyllur dhe mediat nuk lejohen.<\/span><\/p>\n<p><span style=\"color: #000000;\">Kujtojm\u00eb se nj\u00eb situat\u00eb e ngjashme ndodhi edhe rreth nj\u00eb jav\u00eb m\u00eb par\u00eb, n\u00eb t\u00eb nj\u00ebjt\u00ebn shkoll\u00eb, ku u tha se shkak ishte b\u00ebr\u00eb nj\u00eb eksperiment n\u00eb laboratorin e kimis\u00eb.<strong>\/Hashtag.al<\/strong><\/span><\/p>\n<p><a href=\"https:\/\/hashtag.al\/wp-content\/uploads\/2020\/03\/barrela.jpg\"><img loading=\"lazy\" decoding=\"async\" class=\"aligncenter size-full wp-image-358040\" src=\"https:\/\/hashtag.al\/wp-content\/uploads\/2020\/03\/barrela.jpg\" alt=\"\" width=\"1033\" height=\"489\" srcset=\"https:\/\/www.hashtag.al\/wp-content\/uploads\/2020\/03\/barrela.jpg 1033w, https:\/\/www.hashtag.al\/wp-content\/uploads\/2020\/03\/barrela-300x142.jpg 300w, https:\/\/www.hashtag.al\/wp-content\/uploads\/2020\/03\/barrela-768x364.jpg 768w, https:\/\/www.hashtag.al\/wp-content\/uploads\/2020\/03\/barrela-1024x485.jpg 1024w\" sizes=\"auto, (max-width: 1033px) 100vw, 1033px\" \/><\/a><\/p>\n","protected":false,"gt_translate_keys":[{"key":"rendered","format":"html"}]},"excerpt":{"rendered":"<p>Helmohen p\u00ebrs\u00ebri \u00a0nx\u00ebn\u00ebsit e shkoll\u00ebs \u201cJanar Kilica\u201d n\u00eb Fier. Nx\u00ebn\u00ebsit jan\u00eb d\u00ebrguar n\u00eb Spitalin e Fierit p\u00ebr t\u00eb marr\u00eb ndihm\u00ebn e par\u00eb mjek\u00ebsore pasi shfaq\u00ebn probleme me frym\u00ebmarrjen dhe shenja t\u00eb helmimit. Spitali \u00ebsht\u00eb mbushur me nx\u00ebn\u00ebs t\u00eb shumt\u00eb por edhe me familjar\u00eb t\u00eb tyre, t\u00eb cil\u00ebt jan\u00eb t\u00eb shqet\u00ebsuar pasi nuk e din\u00eb n\u00ebse [&hellip;]<\/p>\n","protected":false,"gt_translate_keys":[{"key":"rendered","format":"html"}]},"author":30,"featured_media":358035,"comment_status":"open","ping_status":"open","sticky":false,"template":"","format":"standard","meta":{"footnotes":""},"categories":[22,65,13],"tags":[],"class_list":["post-358025","post","type-post","status-publish","format-standard","has-post-thumbnail","hentry","category-ballina","category-lajme","category-te-fundit"],"gt_translate_keys":[{"key":"link","format":"url"}],"_links":{"self":[{"href":"https:\/\/www.hashtag.al\/index.php\/wp-json\/wp\/v2\/posts\/358025","targetHints":{"allow":["GET"]}}],"collection":[{"href":"https:\/\/www.hashtag.al\/index.php\/wp-json\/wp\/v2\/posts"}],"about":[{"href":"https:\/\/www.hashtag.al\/index.php\/wp-json\/wp\/v2\/types\/post"}],"author":[{"embeddable":true,"href":"https:\/\/www.hashtag.al\/index.php\/wp-json\/wp\/v2\/users\/30"}],"replies":[{"embeddable":true,"href":"https:\/\/www.hashtag.al\/index.php\/wp-json\/wp\/v2\/comments?post=358025"}],"version-history":[{"count":0,"href":"https:\/\/www.hashtag.al\/index.php\/wp-json\/wp\/v2\/posts\/358025\/revisions"}],"wp:featuredmedia":[{"embeddable":true,"href":"https:\/\/www.hashtag.al\/index.php\/wp-json\/wp\/v2\/media\/358035"}],"wp:attachment":[{"href":"https:\/\/www.hashtag.al\/index.php\/wp-json\/wp\/v2\/media?parent=358025"}],"wp:term":[{"taxonomy":"category","embeddable":true,"href":"https:\/\/www.hashtag.al\/index.php\/wp-json\/wp\/v2\/categories?post=358025"},{"taxonomy":"post_tag","embeddable":true,"href":"https:\/\/www.hashtag.al\/index.php\/wp-json\/wp\/v2\/tags?post=358025"}],"curies":[{"name":"wp","href":"https:\/\/api.w.org\/{rel}","templated":true}]}}