{"id":358018,"date":"2020-03-04T11:04:38","date_gmt":"2020-03-04T10:04:38","guid":{"rendered":"https:\/\/hashtag.al\/?p=358018"},"modified":"2020-03-04T11:05:27","modified_gmt":"2020-03-04T10:05:27","slug":"spak-i-komunikon-akuzen-adriatik-llalles","status":"publish","type":"post","link":"https:\/\/www.hashtag.al\/index.php\/2020\/03\/04\/spak-i-komunikon-akuzen-adriatik-llalles\/","title":{"rendered":"SPAK i komunikon akuz\u00ebn Adriatik Llall\u00ebs","gt_translate_keys":[{"key":"rendered","format":"text"}]},"content":{"rendered":"<p><a href=\"https:\/\/hashtag.al\/wp-content\/uploads\/2020\/03\/adriatik-llalla.gif\"><img loading=\"lazy\" decoding=\"async\" class=\"aligncenter size-full wp-image-358019\" src=\"https:\/\/hashtag.al\/wp-content\/uploads\/2020\/03\/adriatik-llalla.gif\" alt=\"\" width=\"1024\" height=\"615\" \/><\/a><\/p>\n<p><span style=\"color: #000000;\">Prokuroria e Posa\u00e7me i ka komunikuar akuz\u00ebn ish-prokurorit t\u00eb P\u00ebrgjithsh\u00ebm Adriatik Llalla.<\/span><\/p>\n<p><span style=\"color: #000000;\">Sipas televizionit &#8220;News 24&#8221;, ish-kryeprokurori akuzohet p\u00ebr mosdeklarim t\u00eb t\u00eb hollave n\u00eb kufi.<\/span><\/p>\n<p><span style=\"color: #000000;\">Akuza lidhet me mosdeklarimin e nj\u00eb shume n\u00eb Gjermani q\u00eb Lalla e ka p\u00ebrdorur p\u00ebr shkollimin e vajz\u00ebs s\u00eb tij. K\u00ebto para Llalla pretendon se i ka marr\u00eb borxh nga nj\u00eb mik.<\/span><\/p>\n<p><span style=\"color: #000000;\">P\u00ebr shkak t\u00eb funksionit q\u00eb ka mbajtur si Prokuror i P\u00ebrgjithsh\u00ebm, Llalla po hetohet nga SPAK-u.<\/span><\/p>\n","protected":false,"gt_translate_keys":[{"key":"rendered","format":"html"}]},"excerpt":{"rendered":"<p>Prokuroria e Posa\u00e7me i ka komunikuar akuz\u00ebn ish-prokurorit t\u00eb P\u00ebrgjithsh\u00ebm Adriatik Llalla. Sipas televizionit &#8220;News 24&#8221;, ish-kryeprokurori akuzohet p\u00ebr mosdeklarim t\u00eb t\u00eb hollave n\u00eb kufi. Akuza lidhet me mosdeklarimin e nj\u00eb shume n\u00eb Gjermani q\u00eb Lalla e ka p\u00ebrdorur p\u00ebr shkollimin e vajz\u00ebs s\u00eb tij. K\u00ebto para Llalla pretendon se i ka marr\u00eb borxh nga [&hellip;]<\/p>\n","protected":false,"gt_translate_keys":[{"key":"rendered","format":"html"}]},"author":30,"featured_media":358019,"comment_status":"open","ping_status":"open","sticky":false,"template":"","format":"standard","meta":{"footnotes":""},"categories":[65,13],"tags":[],"class_list":["post-358018","post","type-post","status-publish","format-standard","has-post-thumbnail","hentry","category-lajme","category-te-fundit"],"gt_translate_keys":[{"key":"link","format":"url"}],"_links":{"self":[{"href":"https:\/\/www.hashtag.al\/index.php\/wp-json\/wp\/v2\/posts\/358018","targetHints":{"allow":["GET"]}}],"collection":[{"href":"https:\/\/www.hashtag.al\/index.php\/wp-json\/wp\/v2\/posts"}],"about":[{"href":"https:\/\/www.hashtag.al\/index.php\/wp-json\/wp\/v2\/types\/post"}],"author":[{"embeddable":true,"href":"https:\/\/www.hashtag.al\/index.php\/wp-json\/wp\/v2\/users\/30"}],"replies":[{"embeddable":true,"href":"https:\/\/www.hashtag.al\/index.php\/wp-json\/wp\/v2\/comments?post=358018"}],"version-history":[{"count":0,"href":"https:\/\/www.hashtag.al\/index.php\/wp-json\/wp\/v2\/posts\/358018\/revisions"}],"wp:featuredmedia":[{"embeddable":true,"href":"https:\/\/www.hashtag.al\/index.php\/wp-json\/wp\/v2\/media\/358019"}],"wp:attachment":[{"href":"https:\/\/www.hashtag.al\/index.php\/wp-json\/wp\/v2\/media?parent=358018"}],"wp:term":[{"taxonomy":"category","embeddable":true,"href":"https:\/\/www.hashtag.al\/index.php\/wp-json\/wp\/v2\/categories?post=358018"},{"taxonomy":"post_tag","embeddable":true,"href":"https:\/\/www.hashtag.al\/index.php\/wp-json\/wp\/v2\/tags?post=358018"}],"curies":[{"name":"wp","href":"https:\/\/api.w.org\/{rel}","templated":true}]}}