{"id":358016,"date":"2020-03-04T10:58:51","date_gmt":"2020-03-04T09:58:51","guid":{"rendered":"https:\/\/hashtag.al\/?p=358016"},"modified":"2020-03-04T10:59:23","modified_gmt":"2020-03-04T09:59:23","slug":"nuk-zgjat-as-dy-minuta-seanca-ndaj-emiljano-shullazit","status":"publish","type":"post","link":"https:\/\/www.hashtag.al\/index.php\/2020\/03\/04\/nuk-zgjat-as-dy-minuta-seanca-ndaj-emiljano-shullazit\/","title":{"rendered":"Nuk zgjat as dy minuta seanca ndaj Emiljano Shullazit","gt_translate_keys":[{"key":"rendered","format":"text"}]},"content":{"rendered":"<p><a href=\"https:\/\/hashtag.al\/wp-content\/uploads\/2019\/03\/emiljano-shullazi-1280x683-780x405.jpg\"><img loading=\"lazy\" decoding=\"async\" class=\"aligncenter size-full wp-image-284931\" src=\"https:\/\/hashtag.al\/wp-content\/uploads\/2019\/03\/emiljano-shullazi-1280x683-780x405.jpg\" alt=\"\" width=\"780\" height=\"405\" srcset=\"https:\/\/www.hashtag.al\/wp-content\/uploads\/2019\/03\/emiljano-shullazi-1280x683-780x405.jpg 780w, https:\/\/www.hashtag.al\/wp-content\/uploads\/2019\/03\/emiljano-shullazi-1280x683-780x405-300x156.jpg 300w, https:\/\/www.hashtag.al\/wp-content\/uploads\/2019\/03\/emiljano-shullazi-1280x683-780x405-768x399.jpg 768w\" sizes=\"auto, (max-width: 780px) 100vw, 780px\" \/><\/a><\/p>\n<p><span style=\"color: #000000;\">Shtyhet edhe nj\u00eb her\u00eb tjet\u00ebr gjyqi ndaj Emiljano Shullazit dhe an\u00ebtar\u00ebve t\u00eb tjer\u00eb t\u00eb band\u00ebs s\u00eb tij, n\u00eb Apelin e Gjykat\u00ebs s\u00eb Posa\u00e7me. Shtyrja k\u00ebsaj here erdhi p\u00ebr shkak t\u00eb mosplot\u00ebsimit t\u00eb trup\u00ebs gjykuese.<\/span><\/p>\n<p><span style=\"color: #000000;\">Seanca e sotme nuk ka zgjatur m\u00eb shum\u00eb se dy minuta.<\/span><\/p>\n<p><span style=\"color: #000000;\">Prej m\u00eb shum\u00eb se nj\u00eb viti procesi ndaj Shullazit\u00a0ka ngecur n\u00eb Apel, ku Shullazi dhe grupi i tij apeluan vendimin e shkall\u00ebs s\u00eb par\u00eb.<\/span><\/p>\n<p><span style=\"color: #000000;\">N\u00eb fund t\u00eb dhjetorit KLGJ i ka nisur nj\u00eb shkres\u00eb Ministris\u00eb s\u00eb Drejt\u00ebsis\u00eb, t\u00eb cil\u00ebs i k\u00ebrkon zhbllokimin e situat\u00ebs duke sugjeruar ndryshime ligjore.<\/span><\/p>\n<p><span style=\"color: #000000;\">N\u00ebse procesi vijon t\u00eb jet\u00eb i bllokuar, an\u00ebtar\u00ebt e grupit \u201cShullazi\u201d shkojn\u00eb drejt lirimit nga paraburgimi.<\/span><\/p>\n<p><span style=\"color: #000000;\">Emiljano Shullazi u d\u00ebnua nga Shkalla e Par\u00eb e Krimeve t\u00eb R\u00ebnda me 14 vite burg, nd\u00ebrsa grupi n\u00eb total me 55 vite p\u00ebr krijim t\u00eb grupit t\u00eb strukturat kriminal, gjobv\u00ebnie dhe kanosje p\u00ebr shkak t\u00eb detyr\u00ebs.<\/span><\/p>\n<p><span style=\"color: #000000;\">Tashm\u00eb dosja ndodhet n\u00eb Gjykat\u00ebn e Apelit Kund\u00ebr Krimit t\u00eb Organizuar dhe Korrupsionit.<\/span><\/p>\n","protected":false,"gt_translate_keys":[{"key":"rendered","format":"html"}]},"excerpt":{"rendered":"<p>Shtyhet edhe nj\u00eb her\u00eb tjet\u00ebr gjyqi ndaj Emiljano Shullazit dhe an\u00ebtar\u00ebve t\u00eb tjer\u00eb t\u00eb band\u00ebs s\u00eb tij, n\u00eb Apelin e Gjykat\u00ebs s\u00eb Posa\u00e7me. Shtyrja k\u00ebsaj here erdhi p\u00ebr shkak t\u00eb mosplot\u00ebsimit t\u00eb trup\u00ebs gjykuese. Seanca e sotme nuk ka zgjatur m\u00eb shum\u00eb se dy minuta. Prej m\u00eb shum\u00eb se nj\u00eb viti procesi ndaj Shullazit\u00a0ka ngecur [&hellip;]<\/p>\n","protected":false,"gt_translate_keys":[{"key":"rendered","format":"html"}]},"author":30,"featured_media":284931,"comment_status":"open","ping_status":"open","sticky":false,"template":"","format":"standard","meta":{"footnotes":""},"categories":[65,13],"tags":[],"class_list":["post-358016","post","type-post","status-publish","format-standard","has-post-thumbnail","hentry","category-lajme","category-te-fundit"],"gt_translate_keys":[{"key":"link","format":"url"}],"_links":{"self":[{"href":"https:\/\/www.hashtag.al\/index.php\/wp-json\/wp\/v2\/posts\/358016","targetHints":{"allow":["GET"]}}],"collection":[{"href":"https:\/\/www.hashtag.al\/index.php\/wp-json\/wp\/v2\/posts"}],"about":[{"href":"https:\/\/www.hashtag.al\/index.php\/wp-json\/wp\/v2\/types\/post"}],"author":[{"embeddable":true,"href":"https:\/\/www.hashtag.al\/index.php\/wp-json\/wp\/v2\/users\/30"}],"replies":[{"embeddable":true,"href":"https:\/\/www.hashtag.al\/index.php\/wp-json\/wp\/v2\/comments?post=358016"}],"version-history":[{"count":0,"href":"https:\/\/www.hashtag.al\/index.php\/wp-json\/wp\/v2\/posts\/358016\/revisions"}],"wp:featuredmedia":[{"embeddable":true,"href":"https:\/\/www.hashtag.al\/index.php\/wp-json\/wp\/v2\/media\/284931"}],"wp:attachment":[{"href":"https:\/\/www.hashtag.al\/index.php\/wp-json\/wp\/v2\/media?parent=358016"}],"wp:term":[{"taxonomy":"category","embeddable":true,"href":"https:\/\/www.hashtag.al\/index.php\/wp-json\/wp\/v2\/categories?post=358016"},{"taxonomy":"post_tag","embeddable":true,"href":"https:\/\/www.hashtag.al\/index.php\/wp-json\/wp\/v2\/tags?post=358016"}],"curies":[{"name":"wp","href":"https:\/\/api.w.org\/{rel}","templated":true}]}}