{"id":357432,"date":"2020-03-02T11:11:19","date_gmt":"2020-03-02T10:11:19","guid":{"rendered":"https:\/\/hashtag.al\/?p=357432"},"modified":"2020-03-02T11:12:07","modified_gmt":"2020-03-02T10:12:07","slug":"vatra-mbeshtet-manifestimin-e-sotem-meta-diaspora-shtysa-kryesore-ne-momentet-me-kyce","status":"publish","type":"post","link":"https:\/\/www.hashtag.al\/index.php\/2020\/03\/02\/vatra-mbeshtet-manifestimin-e-sotem-meta-diaspora-shtysa-kryesore-ne-momentet-me-kyce\/","title":{"rendered":"VATRA mb\u00ebshtet manifestimin e sot\u00ebm, Meta: Diaspora, shtysa kryesore n\u00eb momentet m\u00eb ky\u00e7e","gt_translate_keys":[{"key":"rendered","format":"text"}]},"content":{"rendered":"<p><a href=\"https:\/\/hashtag.al\/wp-content\/uploads\/2020\/03\/meta.jpg\"><img loading=\"lazy\" decoding=\"async\" class=\"aligncenter size-full wp-image-357434\" src=\"https:\/\/hashtag.al\/wp-content\/uploads\/2020\/03\/meta.jpg\" alt=\"\" width=\"850\" height=\"567\" srcset=\"https:\/\/www.hashtag.al\/wp-content\/uploads\/2020\/03\/meta.jpg 850w, https:\/\/www.hashtag.al\/wp-content\/uploads\/2020\/03\/meta-300x200.jpg 300w, https:\/\/www.hashtag.al\/wp-content\/uploads\/2020\/03\/meta-768x512.jpg 768w\" sizes=\"auto, (max-width: 850px) 100vw, 850px\" \/><\/a><\/p>\n<p><span style=\"color: #000000;\">Organizata m\u00eb e r\u00ebnd\u00ebsishme e shqiptar\u00ebve n\u00eb SHBA dhe gjith\u00eb diaspor\u00ebn, VATRA doli dje n\u00eb mbrojtje t\u00eb manifestimit t\u00eb 2 marsit t\u00eb thirrur nga presidenti i vendit Ilir Meta.<\/span><\/p>\n<p><span style=\"color: #000000;\">E ku i fundit ka dal\u00eb sot me nj\u00eb falenderim p\u00ebr mb\u00ebshtetjen nga VATRA, duke kujtuar se shqiptar\u00ebt e diaspor\u00ebs kan\u00eb qen\u00eb gjithmon\u00eb shtysa kryesore p\u00ebr lirin\u00eb dhe demokracin\u00eb e Shqip\u00ebris\u00eb.<\/span><\/p>\n<p><em><span style=\"color: #000000;\">&#8220;Falenderim t\u00eb p\u00ebrzem\u00ebrt p\u00ebr VATR\u00cbN, organizat\u00ebn m\u00eb t\u00eb vjet\u00ebr Panshqiptare n\u00eb SHBA, t\u00eb themeluar nga dy korifejt\u00eb dhe personalitetet e m\u00ebdhaja t\u00eb kombit ton\u00eb, Fan Noli dhe Faik Konica.<\/span><\/em><br \/>\n<span style=\"color: #000000;\"><em>Shqiptar\u00ebt e diaspor\u00ebs, ve\u00e7an\u00ebrisht ata n\u00eb SHBA, n\u00eb momentet m\u00eb ky\u00e7e dhe vendimtare t\u00eb kombit kan\u00eb qen\u00eb shtysa kryesore p\u00ebr lirin\u00eb, pavar\u00ebsin\u00eb dhe demokracin\u00eb e Shqip\u00ebris\u00eb!&#8221;<\/em>&#8211; shkruan Meta.<\/span><\/p>\n<p><span style=\"color: #000000;\">N\u00eb deklarat\u00ebn e Federat\u00ebs Panshqiptare VATRA theksohet se situata e krijuar n\u00eb Shqip\u00ebri si pasoj\u00eb e keqqeverisjes s\u00eb Edi Ram\u00ebs e ka b\u00ebr\u00eb t\u00eb domosdoshme mbrojtjen e Kushtetut\u00ebs. N\u00eb njoftim thuhet se VATRA e mb\u00ebshtet presidentin n\u00eb \u00e7do veprim q\u00eb do t\u00eb merret p\u00ebr rikthimin kushtetues t\u00eb institucioneve shqiptare. Nd\u00ebrsa e konsideron daljen n\u00eb rrug\u00eb t\u00eb presidentit si mjetin e fundit p\u00ebr t\u00eb kthyer pushtetin atje ku ai buron, tek Populli.<\/span><\/p>\n<p><a href=\"https:\/\/hashtag.al\/wp-content\/uploads\/2020\/03\/Vatra.jpg\"><img loading=\"lazy\" decoding=\"async\" class=\"aligncenter size-full wp-image-357433\" src=\"https:\/\/hashtag.al\/wp-content\/uploads\/2020\/03\/Vatra.jpg\" alt=\"\" width=\"1080\" height=\"797\" srcset=\"https:\/\/www.hashtag.al\/wp-content\/uploads\/2020\/03\/Vatra.jpg 1080w, https:\/\/www.hashtag.al\/wp-content\/uploads\/2020\/03\/Vatra-300x221.jpg 300w, https:\/\/www.hashtag.al\/wp-content\/uploads\/2020\/03\/Vatra-768x567.jpg 768w, https:\/\/www.hashtag.al\/wp-content\/uploads\/2020\/03\/Vatra-1024x756.jpg 1024w\" sizes=\"auto, (max-width: 1080px) 100vw, 1080px\" \/><\/a><\/p>\n","protected":false,"gt_translate_keys":[{"key":"rendered","format":"html"}]},"excerpt":{"rendered":"<p>Organizata m\u00eb e r\u00ebnd\u00ebsishme e shqiptar\u00ebve n\u00eb SHBA dhe gjith\u00eb diaspor\u00ebn, VATRA doli dje n\u00eb mbrojtje t\u00eb manifestimit t\u00eb 2 marsit t\u00eb thirrur nga presidenti i vendit Ilir Meta. E ku i fundit ka dal\u00eb sot me nj\u00eb falenderim p\u00ebr mb\u00ebshtetjen nga VATRA, duke kujtuar se shqiptar\u00ebt e diaspor\u00ebs kan\u00eb qen\u00eb gjithmon\u00eb shtysa kryesore p\u00ebr [&hellip;]<\/p>\n","protected":false,"gt_translate_keys":[{"key":"rendered","format":"html"}]},"author":30,"featured_media":357434,"comment_status":"open","ping_status":"open","sticky":false,"template":"","format":"standard","meta":{"footnotes":""},"categories":[65,13],"tags":[],"class_list":["post-357432","post","type-post","status-publish","format-standard","has-post-thumbnail","hentry","category-lajme","category-te-fundit"],"gt_translate_keys":[{"key":"link","format":"url"}],"_links":{"self":[{"href":"https:\/\/www.hashtag.al\/index.php\/wp-json\/wp\/v2\/posts\/357432","targetHints":{"allow":["GET"]}}],"collection":[{"href":"https:\/\/www.hashtag.al\/index.php\/wp-json\/wp\/v2\/posts"}],"about":[{"href":"https:\/\/www.hashtag.al\/index.php\/wp-json\/wp\/v2\/types\/post"}],"author":[{"embeddable":true,"href":"https:\/\/www.hashtag.al\/index.php\/wp-json\/wp\/v2\/users\/30"}],"replies":[{"embeddable":true,"href":"https:\/\/www.hashtag.al\/index.php\/wp-json\/wp\/v2\/comments?post=357432"}],"version-history":[{"count":0,"href":"https:\/\/www.hashtag.al\/index.php\/wp-json\/wp\/v2\/posts\/357432\/revisions"}],"wp:featuredmedia":[{"embeddable":true,"href":"https:\/\/www.hashtag.al\/index.php\/wp-json\/wp\/v2\/media\/357434"}],"wp:attachment":[{"href":"https:\/\/www.hashtag.al\/index.php\/wp-json\/wp\/v2\/media?parent=357432"}],"wp:term":[{"taxonomy":"category","embeddable":true,"href":"https:\/\/www.hashtag.al\/index.php\/wp-json\/wp\/v2\/categories?post=357432"},{"taxonomy":"post_tag","embeddable":true,"href":"https:\/\/www.hashtag.al\/index.php\/wp-json\/wp\/v2\/tags?post=357432"}],"curies":[{"name":"wp","href":"https:\/\/api.w.org\/{rel}","templated":true}]}}