{"id":357428,"date":"2020-03-02T11:01:39","date_gmt":"2020-03-02T10:01:39","guid":{"rendered":"https:\/\/hashtag.al\/?p=357428"},"modified":"2020-03-02T11:02:43","modified_gmt":"2020-03-02T10:02:43","slug":"ministrja-manastirliu-shqiperia-nuk-ka-asnje-rast-me-koronavirus-jane-testuar-31-veta","status":"publish","type":"post","link":"https:\/\/www.hashtag.al\/index.php\/2020\/03\/02\/ministrja-manastirliu-shqiperia-nuk-ka-asnje-rast-me-koronavirus-jane-testuar-31-veta\/","title":{"rendered":"Ministrja Manastirliu: Shqip\u00ebria nuk ka asnj\u00eb rast me koronavirus, jan\u00eb testuar 31 veta","gt_translate_keys":[{"key":"rendered","format":"text"}]},"content":{"rendered":"<p><a href=\"https:\/\/hashtag.al\/wp-content\/uploads\/2020\/03\/Manastirliu.jpg\"><img loading=\"lazy\" decoding=\"async\" class=\"aligncenter size-full wp-image-357429\" src=\"https:\/\/hashtag.al\/wp-content\/uploads\/2020\/03\/Manastirliu.jpg\" alt=\"\" width=\"780\" height=\"440\" srcset=\"https:\/\/www.hashtag.al\/wp-content\/uploads\/2020\/03\/Manastirliu.jpg 780w, https:\/\/www.hashtag.al\/wp-content\/uploads\/2020\/03\/Manastirliu-300x169.jpg 300w, https:\/\/www.hashtag.al\/wp-content\/uploads\/2020\/03\/Manastirliu-768x433.jpg 768w\" sizes=\"auto, (max-width: 780px) 100vw, 780px\" \/><\/a><\/p>\n<p><span style=\"color: #000000;\">Deri m\u00eb tani Shqip\u00ebria nuk ka asnj\u00eb rast t\u00eb konfirmuar nga koronavirusi. K\u00ebshtu \u00ebsht\u00eb shprehur ministrja e Sh\u00ebndet\u00ebsis\u00eb, Ogerta Manastirliu nga foltorja e Kuvendit.<\/span><\/p>\n<p><span style=\"color: #000000;\">Ministrja tha se deri tani jan\u00eb testuar 31 persona t\u00eb dyshuar p\u00ebr koronavirus, por t\u00eb gjith\u00eb kan\u00eb rezultuar negativ\u00eb.<\/span><\/p>\n<p><span style=\"color: #000000;\"><em>\u00a0\u201cAjo \u00e7far\u00eb t\u00eb gjith\u00eb vendet e bot\u00ebs jan\u00eb duke b\u00ebr\u00eb \u00ebsht\u00eb forcimi i vigjilenc\u00ebs. E r\u00ebnd\u00ebsishme sot p\u00ebr t\u00eb th\u00ebn\u00eb, se edhe qytetar\u00ebt tan\u00eb jan\u00eb shum\u00eb t\u00eb interesuar t\u00eb din\u00eb, \u00ebsht\u00eb se aktualisht Shqip\u00ebria nuk ka asnj\u00eb rast t\u00eb konfirmuar t\u00eb prekur, deri n\u00eb k\u00ebto momente q\u00eb flasim, jan\u00eb realizuar disa teste n\u00eb raport me peronat q\u00eb kan\u00eb shfaqur simptomat, jan\u00eb 31 t\u00eb testuar q\u00eb kan\u00eb rezultuar negativ\u00eb\u201d-<\/em> tha Manastirliu.<\/span><\/p>\n<p><span style=\"color: #000000;\">Ministrja shtoi se jan\u00eb mbi 1 mij\u00eb udh\u00ebtar\u00eb t\u00eb skeduar dhe t\u00eb kontrolluar lidhur me virusin, nd\u00ebrkoh\u00eb q\u00eb sipas saj po b\u00ebhet nj\u00eb pun\u00eb e madhe p\u00ebr mbrojtjen e personelit.<\/span><\/p>\n<p><span style=\"color: #000000;\">Ajo tha se 1 milion\u00eb dollar\u00eb jan\u00eb shtuar n\u00eb buxhetin p\u00ebr spitalet p\u00ebr rritjen e\u00a0stokut t\u00eb medikamenteve dhe se jan\u00eb shp\u00ebrndar\u00eb maska p\u00ebr fytyr\u00ebn p\u00ebr stafin mjek\u00ebsor.<\/span><\/p>\n<p><span style=\"color: #000000;\"><em>&#8220;Nj\u00eb milion dollar\u00eb jan\u00eb shtuar nga buxheti p\u00ebr masat personale dhe 1.2 milion\u00eb maska jan\u00eb shp\u00ebrndar\u00eb p\u00ebr forcimin e masave personale. Spitali infektiv do t\u00eb pres\u00eb rastet n\u00ebse do t\u00eb ket\u00eb m\u00eb pas do t\u00eb ket\u00eb nj\u00eb transformim te spitalit &#8216;Shefqet Ndroqi&#8217;. Urgjenca komb\u00ebtare ka marr\u00eb t\u00eb gjitha masat p\u00ebr transportin e rasteve&#8221;<\/em>&#8211; shtoi ajo.<\/span><\/p>\n<p><span style=\"color: #000000;\">Manastirliu ka p\u00ebrs\u00ebritur apelin p\u00ebr t\u00eb gjith\u00eb ata persona q\u00eb kthehen nga zonat e prekura, apo kan\u00eb patur kontakt me persona t\u00eb prekur, q\u00eb t\u00eb vendosen p\u00ebr 14 dit\u00eb n\u00eb vet\u00ebkarantin\u00eb.<\/span><\/p>\n","protected":false,"gt_translate_keys":[{"key":"rendered","format":"html"}]},"excerpt":{"rendered":"<p>Deri m\u00eb tani Shqip\u00ebria nuk ka asnj\u00eb rast t\u00eb konfirmuar nga koronavirusi. K\u00ebshtu \u00ebsht\u00eb shprehur ministrja e Sh\u00ebndet\u00ebsis\u00eb, Ogerta Manastirliu nga foltorja e Kuvendit. Ministrja tha se deri tani jan\u00eb testuar 31 persona t\u00eb dyshuar p\u00ebr koronavirus, por t\u00eb gjith\u00eb kan\u00eb rezultuar negativ\u00eb. \u00a0\u201cAjo \u00e7far\u00eb t\u00eb gjith\u00eb vendet e bot\u00ebs jan\u00eb duke b\u00ebr\u00eb \u00ebsht\u00eb forcimi [&hellip;]<\/p>\n","protected":false,"gt_translate_keys":[{"key":"rendered","format":"html"}]},"author":30,"featured_media":357429,"comment_status":"open","ping_status":"open","sticky":false,"template":"","format":"standard","meta":{"footnotes":""},"categories":[65,13],"tags":[],"class_list":["post-357428","post","type-post","status-publish","format-standard","has-post-thumbnail","hentry","category-lajme","category-te-fundit"],"gt_translate_keys":[{"key":"link","format":"url"}],"_links":{"self":[{"href":"https:\/\/www.hashtag.al\/index.php\/wp-json\/wp\/v2\/posts\/357428","targetHints":{"allow":["GET"]}}],"collection":[{"href":"https:\/\/www.hashtag.al\/index.php\/wp-json\/wp\/v2\/posts"}],"about":[{"href":"https:\/\/www.hashtag.al\/index.php\/wp-json\/wp\/v2\/types\/post"}],"author":[{"embeddable":true,"href":"https:\/\/www.hashtag.al\/index.php\/wp-json\/wp\/v2\/users\/30"}],"replies":[{"embeddable":true,"href":"https:\/\/www.hashtag.al\/index.php\/wp-json\/wp\/v2\/comments?post=357428"}],"version-history":[{"count":0,"href":"https:\/\/www.hashtag.al\/index.php\/wp-json\/wp\/v2\/posts\/357428\/revisions"}],"wp:featuredmedia":[{"embeddable":true,"href":"https:\/\/www.hashtag.al\/index.php\/wp-json\/wp\/v2\/media\/357429"}],"wp:attachment":[{"href":"https:\/\/www.hashtag.al\/index.php\/wp-json\/wp\/v2\/media?parent=357428"}],"wp:term":[{"taxonomy":"category","embeddable":true,"href":"https:\/\/www.hashtag.al\/index.php\/wp-json\/wp\/v2\/categories?post=357428"},{"taxonomy":"post_tag","embeddable":true,"href":"https:\/\/www.hashtag.al\/index.php\/wp-json\/wp\/v2\/tags?post=357428"}],"curies":[{"name":"wp","href":"https:\/\/api.w.org\/{rel}","templated":true}]}}