{"id":357379,"date":"2020-03-02T08:41:18","date_gmt":"2020-03-02T07:41:18","guid":{"rendered":"https:\/\/hashtag.al\/?p=357379"},"modified":"2020-03-02T08:44:28","modified_gmt":"2020-03-02T07:44:28","slug":"muzeu-i-luvrit-mbyll-dyert-per-shkak-te-koronavirusit","status":"publish","type":"post","link":"https:\/\/www.hashtag.al\/index.php\/2020\/03\/02\/muzeu-i-luvrit-mbyll-dyert-per-shkak-te-koronavirusit\/","title":{"rendered":"Muzeu i Luvrit mbyll dyert p\u00ebr shkak t\u00eb koronavirusit","gt_translate_keys":[{"key":"rendered","format":"text"}]},"content":{"rendered":"<p><a href=\"https:\/\/hashtag.al\/wp-content\/uploads\/2020\/03\/Louvre.jpg\"><img loading=\"lazy\" decoding=\"async\" class=\"size-full wp-image-357380\" src=\"https:\/\/hashtag.al\/wp-content\/uploads\/2020\/03\/Louvre.jpg\" alt=\"\" width=\"457\" height=\"305\" srcset=\"https:\/\/www.hashtag.al\/wp-content\/uploads\/2020\/03\/Louvre.jpg 457w, https:\/\/www.hashtag.al\/wp-content\/uploads\/2020\/03\/Louvre-300x200.jpg 300w\" sizes=\"auto, (max-width: 457px) 100vw, 457px\" \/><\/a><\/p>\n<p><span style=\"color: #000000;\">Muzeu i Luvrit ka mbyllur dyert t\u00eb diel\u00ebn e 1 marsit p\u00ebr vizitor\u00ebt, p\u00ebr shkak t\u00eb nj\u00eb <em>&#8220;takimi informativ&#8221;<\/em> mbi p\u00ebrhapjen e koronavirusit. Lajmi u konfirmua p\u00ebrmes faqes zyrtare t\u00eb muzeut.<\/span><\/p>\n<p><span style=\"color: #000000;\"><em>&#8220;Nj\u00eb takim informativ p\u00ebr gjendjen sh\u00ebndet\u00ebsore lidhur me masat parandaluese\u00a0 p\u00ebr virusin COVID19 pas udh\u00ebzimeve ministrore t\u00eb transmetuara nga autoritetet kompetente, vonon hapjen e muzeut t\u00eb Luvrit t\u00eb diel\u00ebn, 1 Mars. Muzeu nuk mund t\u00eb hapet p\u00ebr momentin.&#8221;-<\/em> thuhej n\u00eb njoftim.<\/span><\/p>\n<p><span style=\"color: #000000;\">N\u00eb mbledhje po diskutohej n\u00ebse muzeu duhej t\u00eb mbyllej si mas\u00eb parandaluese p\u00ebr koronavirusin ose jo, pas shqet\u00ebsimit t\u00eb ngritur nga punonj\u00ebsit. Nj\u00eb grumbull njer\u00ebzish kan\u00eb pritur jasht\u00eb n\u00eb radh\u00eb, me shpres\u00ebn se dera do hapej p\u00ebr t&#8217;u futur brenda.<\/span><\/p>\n<blockquote class=\"twitter-tweet\">\n<p dir=\"ltr\" lang=\"fr\">Longue file d&#8217;attente au Louvre. Mus\u00e9e toujours ferm\u00e9 pour l&#8217;instant (10h). Pas d&#8217;annonce officielle mais apparemment, \u00e0 l&#8217;int\u00e9rieur, assembl\u00e9e g\u00e9n\u00e9rale du personnel pour d\u00e9cider s&#8217;il faut ouvrir \u00e0 cause du <a href=\"https:\/\/twitter.com\/hashtag\/coronavirus?src=hash&amp;ref_src=twsrc%5Etfw\">#coronavirus<\/a> <a href=\"https:\/\/t.co\/fFrR3o1e5a\">pic.twitter.com\/fFrR3o1e5a<\/a><\/p>\n<p>\u2014 Anthony Morel (@AnthonyMorel) <a href=\"https:\/\/twitter.com\/AnthonyMorel\/status\/1234041112970612737?ref_src=twsrc%5Etfw\">March 1, 2020<\/a><\/p><\/blockquote>\n<p><script async src=\"https:\/\/platform.twitter.com\/widgets.js\" charset=\"utf-8\"><\/script><\/p>\n<p><span style=\"color: #000000;\">Edhe pse muzet\u00eb nuk preken nga vendimi i qeveris\u00eb p\u00ebr t\u00eb ndaluar tubimet e njer\u00ebzve, punonj\u00ebsit e muzeut t\u00eb Luvrit nuk jan\u00eb t\u00eb bindur dhe kan\u00eb shprehur shqet\u00ebsimin e tyre p\u00ebr epidemin\u00eb q\u00eb po vazhdon t\u00eb p\u00ebrhapet n\u00eb Franc\u00eb.<\/span><\/p>\n<p><span style=\"color: #000000;\"><span style=\"color: #0000ff;\"><a style=\"color: #0000ff;\" href=\"http:\/\/www.leparisien.fr\/paris-75\/coronaviris-le-musee-du-louvre-ferme-pour-la-journee-01-03-2020-8270142.php\">Le Parisien<\/a><\/span> shkruan se ata kan\u00eb organizuar dhe nj\u00eb mbledhje t\u00eb jasht\u00ebzakonshme t\u00eb Komitetit t\u00eb Sh\u00ebndetit, Siguris\u00eb dhe Kushteve t\u00eb Pun\u00ebs k\u00ebt\u00eb t\u00eb h\u00ebn\u00eb, n\u00eb p\u00ebrfundim t\u00eb t\u00eb cil\u00ebs do t\u00eb vendosin se \u00e7far\u00eb t\u00eb b\u00ebjn\u00eb p\u00ebr dit\u00ebt n\u00eb vijim.<\/span><\/p>\n","protected":false,"gt_translate_keys":[{"key":"rendered","format":"html"}]},"excerpt":{"rendered":"<p>Muzeu i Luvrit ka mbyllur dyert t\u00eb diel\u00ebn e 1 marsit p\u00ebr vizitor\u00ebt, p\u00ebr shkak t\u00eb nj\u00eb &#8220;takimi informativ&#8221; mbi p\u00ebrhapjen e koronavirusit. Lajmi u konfirmua p\u00ebrmes faqes zyrtare t\u00eb muzeut. &#8220;Nj\u00eb takim informativ p\u00ebr gjendjen sh\u00ebndet\u00ebsore lidhur me masat parandaluese\u00a0 p\u00ebr virusin COVID19 pas udh\u00ebzimeve ministrore t\u00eb transmetuara nga autoritetet kompetente, vonon hapjen e [&hellip;]<\/p>\n","protected":false,"gt_translate_keys":[{"key":"rendered","format":"html"}]},"author":30,"featured_media":357380,"comment_status":"open","ping_status":"open","sticky":false,"template":"","format":"standard","meta":{"footnotes":""},"categories":[53,6],"tags":[],"class_list":["post-357379","post","type-post","status-publish","format-standard","has-post-thumbnail","hentry","category-fast-foodi","category-nderkombetare"],"gt_translate_keys":[{"key":"link","format":"url"}],"_links":{"self":[{"href":"https:\/\/www.hashtag.al\/index.php\/wp-json\/wp\/v2\/posts\/357379","targetHints":{"allow":["GET"]}}],"collection":[{"href":"https:\/\/www.hashtag.al\/index.php\/wp-json\/wp\/v2\/posts"}],"about":[{"href":"https:\/\/www.hashtag.al\/index.php\/wp-json\/wp\/v2\/types\/post"}],"author":[{"embeddable":true,"href":"https:\/\/www.hashtag.al\/index.php\/wp-json\/wp\/v2\/users\/30"}],"replies":[{"embeddable":true,"href":"https:\/\/www.hashtag.al\/index.php\/wp-json\/wp\/v2\/comments?post=357379"}],"version-history":[{"count":0,"href":"https:\/\/www.hashtag.al\/index.php\/wp-json\/wp\/v2\/posts\/357379\/revisions"}],"wp:featuredmedia":[{"embeddable":true,"href":"https:\/\/www.hashtag.al\/index.php\/wp-json\/wp\/v2\/media\/357380"}],"wp:attachment":[{"href":"https:\/\/www.hashtag.al\/index.php\/wp-json\/wp\/v2\/media?parent=357379"}],"wp:term":[{"taxonomy":"category","embeddable":true,"href":"https:\/\/www.hashtag.al\/index.php\/wp-json\/wp\/v2\/categories?post=357379"},{"taxonomy":"post_tag","embeddable":true,"href":"https:\/\/www.hashtag.al\/index.php\/wp-json\/wp\/v2\/tags?post=357379"}],"curies":[{"name":"wp","href":"https:\/\/api.w.org\/{rel}","templated":true}]}}