{"id":357353,"date":"2020-03-02T07:46:21","date_gmt":"2020-03-02T06:46:21","guid":{"rendered":"https:\/\/hashtag.al\/?p=357353"},"modified":"2020-03-02T07:52:39","modified_gmt":"2020-03-02T06:52:39","slug":"sot-tubimi-i-thirrur-nga-meta-per-mbrojtjen-e-kushtetutes-dhe-kunder-grushtit-te-shtetit","status":"publish","type":"post","link":"https:\/\/www.hashtag.al\/index.php\/2020\/03\/02\/sot-tubimi-i-thirrur-nga-meta-per-mbrojtjen-e-kushtetutes-dhe-kunder-grushtit-te-shtetit\/","title":{"rendered":"Sot tubimi i thirrur nga Meta p\u00ebr mbrojtjen e Kushtetut\u00ebs dhe kund\u00ebr &#8216;grushtit t\u00eb shtetit&#8217;","gt_translate_keys":[{"key":"rendered","format":"text"}]},"content":{"rendered":"<p><a href=\"https:\/\/hashtag.al\/wp-content\/uploads\/2019\/11\/metakushtetuta22nentor2.jpg\"><img loading=\"lazy\" decoding=\"async\" class=\"aligncenter size-full wp-image-336045\" src=\"https:\/\/hashtag.al\/wp-content\/uploads\/2019\/11\/metakushtetuta22nentor2.jpg\" alt=\"\" width=\"1051\" height=\"774\" srcset=\"https:\/\/www.hashtag.al\/wp-content\/uploads\/2019\/11\/metakushtetuta22nentor2.jpg 1051w, https:\/\/www.hashtag.al\/wp-content\/uploads\/2019\/11\/metakushtetuta22nentor2-300x221.jpg 300w, https:\/\/www.hashtag.al\/wp-content\/uploads\/2019\/11\/metakushtetuta22nentor2-768x566.jpg 768w, https:\/\/www.hashtag.al\/wp-content\/uploads\/2019\/11\/metakushtetuta22nentor2-1024x754.jpg 1024w\" sizes=\"auto, (max-width: 1051px) 100vw, 1051px\" \/><\/a><\/p>\n<p><span style=\"color: #000000;\">Sot do t\u00eb mbahet protesta e thirrur nga presidenti i vendit Ilir Meta, n\u00eb mbrojtje t\u00eb Kushtetut\u00ebs dhe kund\u00ebr asaj q\u00eb ai e quan &#8220;grusht shteti&#8221;. Tubimi do t\u00eb nis\u00eb rreth or\u00ebs 17:00, te Bulevardi D\u00ebshmor\u00ebt e Kombit.<\/span><\/p>\n<p><span style=\"color: #000000;\">Presidenti Meta dit\u00ebt e fundit ka publikuar her\u00eb pas her\u00eb prova q\u00eb sipas tij v\u00ebrtetojn\u00eb p\u00ebrpjekjen e maxhoranc\u00ebs p\u00ebr t\u00eb kapur t\u00eb gjitha institucionet n\u00eb vend, e ve\u00e7an\u00ebrisht Gjykat\u00ebn Kushtetuese. Ai ka publikuar dhe nj\u00eb skem\u00eb se si po b\u00ebhet ky grusht shteti.<\/span><\/p>\n<p><a href=\"https:\/\/hashtag.al\/wp-content\/uploads\/2020\/03\/grushti-i-shtetit.jpg\"><img loading=\"lazy\" decoding=\"async\" class=\"aligncenter size-full wp-image-357357\" src=\"https:\/\/hashtag.al\/wp-content\/uploads\/2020\/03\/grushti-i-shtetit.jpg\" alt=\"\" width=\"900\" height=\"563\" srcset=\"https:\/\/www.hashtag.al\/wp-content\/uploads\/2020\/03\/grushti-i-shtetit.jpg 900w, https:\/\/www.hashtag.al\/wp-content\/uploads\/2020\/03\/grushti-i-shtetit-300x188.jpg 300w, https:\/\/www.hashtag.al\/wp-content\/uploads\/2020\/03\/grushti-i-shtetit-768x480.jpg 768w\" sizes=\"auto, (max-width: 900px) 100vw, 900px\" \/><\/a><\/p>\n<p><span style=\"color: #000000;\">Meta ka akuzuar qeverin\u00eb Rama p\u00ebr miratime t\u00eb ligjeve antikushtetuese, duke mos respektuar Kushtetut\u00ebn e Shqip\u00ebris\u00eb.<\/span><\/p>\n<p><em><span style=\"color: #000000;\">\u201cNga data 2 mars kur do t\u00eb firmoset dekreti i par\u00eb kund\u00ebr grushtit t\u00eb shtetit. Pik\u00ebrisht p\u00ebrpara popullit shqiptar n\u00eb Bulevardin \u201cD\u00ebshmoret e Kombit\u201d do t\u00eb lidh\u00eb nj\u00eb bes\u00eblidhje p\u00ebr t\u00eb shpartallur regjimin e oligark\u00ebve, q\u00eb ka dhunuar sovranitetin me q\u00ebllim shpopullimin e vendit dhe shnd\u00ebrrimin n\u00eb pastrim parash, baz\u00eb operacionale e krimit t\u00eb organizuar.<\/span><\/em><\/p>\n<p><span style=\"color: #000000;\"><em>Ne n\u00eb 2 mars do tju presim t\u00eb gjith\u00ebve mbasdite n\u00eb bulevard. Do tju japin fjal\u00ebn se fal\u00eb popullit shqiptar nuk do t\u00eb ket\u00eb vet\u00ebm nj\u00eb institucion n\u00eb mbrojtje t\u00eb interesit publik, por t\u00eb gjitha institucionet q\u00eb jan\u00eb n\u00eb bulevard dhe kudo, do t\u2019i kthehen popullit shqiptar\u201d<\/em> &#8211; ishte thirrja e presidentit p\u00ebr protest\u00eb.<\/span><\/p>\n<p><span style=\"color: #000000;\">Opozita nga ana tjet\u00ebr ka treguar mb\u00ebshtetjen e sajme kryedemokratin Lulzim Bashai cili u shpreh se do t\u00eb ishte n\u00eb or\u00ebn 17:00 n\u00eb Bulevard.<\/span><\/p>\n<p><span style=\"color: #000000;\"><em>\u201cSi qytetar i vendit tim, si bashk\u00ebshort dhe si prind, \u00ebsht\u00eb detyra ime t\u00eb mblidhem s\u00eb bashku me bashk\u00ebqytetar\u00ebt e mi n\u00eb mbrojtje t\u00eb kushtetut\u00ebs! Mirutakofshim nes\u00ebr n\u00eb or\u00ebn 17:00 n\u00eb Bulevardin D\u00ebshmor\u00ebt e Kombit!\u201d<\/em>, jan\u00eb fjal\u00ebt e Bash\u00ebs. E pranishme do t\u00eb jet\u00eb edhe kryetarja e LSI-s\u00eb Monika Kryemadhi.<\/span><\/p>\n<p><span style=\"color: #000000;\">Nd\u00ebrkoh\u00eb maxhoranca \u00ebsht\u00eb tallur me manifestimin e thirrur nga presidenti, me kryeministrin Edi Rama q\u00eb her\u00eb pas here \u00ebsht\u00eb shprehur se Meta po p\u00ebrpiqet t\u00eb b\u00ebj\u00eb p\u00ebr s\u00eb dyti bes\u00eblidhjen e Lezh\u00ebs, por e ironizonte duke i kujtuar se ai nuk \u00ebsht\u00eb &#8220;Gjergj Kastrioti&#8221;.<\/span><\/p>\n<p><span style=\"color: #000000;\">\u00a0Lidhur me frik\u00ebn se mund t\u00eb ket\u00eb dhun\u00eb n\u00eb manifestimin e 2 marsit, z\u00ebdh\u00ebn\u00ebsi i presidentit, Tedi Blushi e ka k\u00ebshilluar Ram\u00ebn q\u00eb t\u00eb mos mobilizoj\u00eb policin\u00eb kot por t\u2019i d\u00ebrgoj\u00eb t\u00eb luftojn\u00eb trafikun e drog\u00ebs.<\/span><\/p>\n<p><span style=\"color: #000000;\">Sipas presidenc\u00ebs q\u00ebllimi i k\u00ebtij manifesti \u00ebsht\u00eb gjith\u00ebp\u00ebrfshirja dhe ka theksuar se vet\u00ebm flamujt kuqezi dhe mimozat jan\u00eb t\u00eb mir\u00ebpritur n\u00eb Bulevard.<\/span><\/p>\n<p><span style=\"color: #000000;\">Ky manifestim vjen pas p\u00ebrplasjeve mes Presidenc\u00ebs dhe maxhoranc\u00ebs lidhur me em\u00ebrimin e an\u00ebtar\u00ebve t\u00eb Gjykat\u00ebs Kushtetuese. Meta ka dor\u00ebzuar n\u00eb prokurori nj\u00eb padi ndaj kreut t\u00eb K\u00ebshillit t\u00eb Em\u00ebrimeve n\u00eb Drejt\u00ebsi, Dvorani, t\u00eb cilin e akuzon se po luan rol n\u00eb p\u00ebrpjekjet e shumic\u00ebs p\u00ebr kapjen e Gjykat\u00ebs Kushtetuese. Po ashtu ka kall\u00ebzuar n\u00eb SPAK dhe ministren e Drejt\u00ebsis\u00eb Etilda Gjonaj, dhe 2 zyrtar\u00eb t\u00eb tjer\u00eb p\u00ebr shkelje t\u00eb Kushtetut\u00ebs gjat\u00eb zgjedhjes s\u00eb nj\u00eb prej an\u00ebtar\u00ebve t\u00eb Gjykat\u00ebs Kushtetuese (GJK).<\/span><\/p>\n<p><span style=\"color: #000000;\">Ministrja replikoi duke th\u00ebn\u00eb se do ta linte drejt\u00ebsin\u00eb t\u00eb p\u00ebrgjigjej duke i konsideruar absurde akuzat e presidentit. Meta e ka kall\u00ebzuar at\u00eb p\u00ebr shp\u00ebrdorim detyre; ushtrim t\u00eb ndikimit; falsifikim dokumentash; p\u00ebrvet\u00ebsim kompetencash.<\/span><\/p>\n<p><span style=\"color: #000000;\">\u00a0Meta para pak dit\u00ebsh publikoi nj\u00eb skem\u00eb me 8 hapa, q\u00eb shpjegonte sipas tij se si ka vepruar maxhoranca p\u00ebr grushtin e shtetit.<\/span><\/p>\n<p><span style=\"color: #000000;\">K\u00ebto hapa sipas tij nisin me vjedhjen e zgjedhjeve t\u00eb vitit 2017 dhe p\u00ebrfundojn\u00eb me shkarkimin e presidentit t\u00eb vendit. Thirrja e presidentit Meta p\u00ebr nj\u00eb manifestim n\u00eb mbrojtje t\u00eb Kushtetut\u00ebs, ka gjetur mb\u00ebshtetje t\u00eb gjer\u00eb edhe nga personazhe t\u00eb njohur si mjeshtri i karikatur\u00ebs Bujar Kapexhiu, aktori Neritan Li\u00e7aj dhe aktivist\u00eb t\u00eb tjer\u00eb t\u00eb Aleanc\u00ebs p\u00ebr Mbrojtjen e Teatrit, Saimir Kodra dhe Gentian Zenelaj.\/<strong>Hashtag.al<\/strong><\/span><\/p>\n<p>&nbsp;<\/p>\n","protected":false,"gt_translate_keys":[{"key":"rendered","format":"html"}]},"excerpt":{"rendered":"<p>Sot do t\u00eb mbahet protesta e thirrur nga presidenti i vendit Ilir Meta, n\u00eb mbrojtje t\u00eb Kushtetut\u00ebs dhe kund\u00ebr asaj q\u00eb ai e quan &#8220;grusht shteti&#8221;. Tubimi do t\u00eb nis\u00eb rreth or\u00ebs 17:00, te Bulevardi D\u00ebshmor\u00ebt e Kombit. Presidenti Meta dit\u00ebt e fundit ka publikuar her\u00eb pas her\u00eb prova q\u00eb sipas tij v\u00ebrtetojn\u00eb p\u00ebrpjekjen e [&hellip;]<\/p>\n","protected":false,"gt_translate_keys":[{"key":"rendered","format":"html"}]},"author":30,"featured_media":329770,"comment_status":"open","ping_status":"open","sticky":false,"template":"","format":"standard","meta":{"footnotes":""},"categories":[22,65,13],"tags":[],"class_list":["post-357353","post","type-post","status-publish","format-standard","has-post-thumbnail","hentry","category-ballina","category-lajme","category-te-fundit"],"gt_translate_keys":[{"key":"link","format":"url"}],"_links":{"self":[{"href":"https:\/\/www.hashtag.al\/index.php\/wp-json\/wp\/v2\/posts\/357353","targetHints":{"allow":["GET"]}}],"collection":[{"href":"https:\/\/www.hashtag.al\/index.php\/wp-json\/wp\/v2\/posts"}],"about":[{"href":"https:\/\/www.hashtag.al\/index.php\/wp-json\/wp\/v2\/types\/post"}],"author":[{"embeddable":true,"href":"https:\/\/www.hashtag.al\/index.php\/wp-json\/wp\/v2\/users\/30"}],"replies":[{"embeddable":true,"href":"https:\/\/www.hashtag.al\/index.php\/wp-json\/wp\/v2\/comments?post=357353"}],"version-history":[{"count":0,"href":"https:\/\/www.hashtag.al\/index.php\/wp-json\/wp\/v2\/posts\/357353\/revisions"}],"wp:featuredmedia":[{"embeddable":true,"href":"https:\/\/www.hashtag.al\/index.php\/wp-json\/wp\/v2\/media\/329770"}],"wp:attachment":[{"href":"https:\/\/www.hashtag.al\/index.php\/wp-json\/wp\/v2\/media?parent=357353"}],"wp:term":[{"taxonomy":"category","embeddable":true,"href":"https:\/\/www.hashtag.al\/index.php\/wp-json\/wp\/v2\/categories?post=357353"},{"taxonomy":"post_tag","embeddable":true,"href":"https:\/\/www.hashtag.al\/index.php\/wp-json\/wp\/v2\/tags?post=357353"}],"curies":[{"name":"wp","href":"https:\/\/api.w.org\/{rel}","templated":true}]}}