{"id":357232,"date":"2020-03-01T13:50:31","date_gmt":"2020-03-01T12:50:31","guid":{"rendered":"https:\/\/hashtag.al\/?p=357232"},"modified":"2020-03-01T13:50:31","modified_gmt":"2020-03-01T12:50:31","slug":"aleati-i-kurtit-ne-qeverisje-mbeshtet-vendimin-per-heqjen-e-takses","status":"publish","type":"post","link":"https:\/\/www.hashtag.al\/index.php\/2020\/03\/01\/aleati-i-kurtit-ne-qeverisje-mbeshtet-vendimin-per-heqjen-e-takses\/","title":{"rendered":"Aleati i Kurtit n\u00eb qeverisje mb\u00ebshtet vendimin p\u00ebr heqjen e taks\u00ebs","gt_translate_keys":[{"key":"rendered","format":"text"}]},"content":{"rendered":"<p><img loading=\"lazy\" decoding=\"async\" class=\"aligncenter size-full wp-image-349205\" src=\"https:\/\/hashtag.al\/wp-content\/uploads\/2020\/01\/mustafakurti25janar.jpg\" alt=\"\" width=\"635\" height=\"374\" srcset=\"https:\/\/www.hashtag.al\/wp-content\/uploads\/2020\/01\/mustafakurti25janar.jpg 635w, https:\/\/www.hashtag.al\/wp-content\/uploads\/2020\/01\/mustafakurti25janar-300x177.jpg 300w\" sizes=\"auto, (max-width: 635px) 100vw, 635px\" \/><\/p>\n<p><span style=\"color: #000000;\">Kreu i Lidhjes Demokratike t\u00eb Kosov\u00ebs, Isa Mustafa, po k\u00ebrkon q\u00eb deputet\u00ebt e Kuvendit t\u00eb Kosov\u00ebs t\u00eb votojn\u00eb pro heqjes s\u00eb taks\u00ebs ndaj mallrave Serbe. Mustafa ka shkruar n\u00eb Facebook se SHBA \u00ebsht\u00eb aleati m\u00eb u fuqish\u00ebm i Kosov\u00ebs, prandaj duhet t\u00eb respektohet k\u00ebrkesa q\u00eb taksa t\u00eb hiqet. Ai ka theksuar se partia e tij e mb\u00ebshtet plot\u00ebsisht heqjen e menj\u00ebhershme t\u00eb tarif\u00ebs<\/span><\/p>\n<p><span style=\"color: #000000;\">Mustafa ka shkruar se q\u00eb nga fillimi i vendosjes s\u00eb taks\u00ebs, ka theksuar se tarifa s\u00eb pari 10 p\u00ebr qind e pastaj 100 p\u00ebr qind, e caktuar nga Qeveria Haradinaj, nuk kishte arsyetim ekonomik por ishte v\u00ebn\u00eb p\u00ebr t\u2019u mbrojtur nga d\u00ebshtimet, sidomos n\u00eb politik\u00ebn e jashtme.<\/span><\/p>\n<p><span style=\"color: #000000;\">\u201c<em>Presidenti i Serbis\u00eb, Vu\u00e7i\u00e7, i dha tarif\u00ebs dimension t\u00eb kusht\u00ebzimit t\u00eb dialogut. Prandaj kur doli n\u00eb pah mund\u00ebsia e pazareve me territorin nd\u00ebrmjet dy president\u00ebve, atij t\u00eb Serbis\u00eb dhe t\u00eb Kosov\u00ebs, tarifa rr\u00ebshqiti n\u00eb lev\u00ebn e pengimit t\u00eb k\u00ebtij dialogu t\u00eb d\u00ebmsh\u00ebm. At\u00ebher\u00eb e kam p\u00ebrkrahur ish Kryeministrin Haradinaj p\u00ebr vazhdimin e tarif\u00ebs<\/em>\u201d- ka shkruar Mustafa.<\/span><\/p>\n<p><span style=\"color: #000000;\">Mustafa ka shtuar se p\u00ebrmes taks\u00ebs, Serbia po paraqitet si viktim\u00eb n\u00eb aren\u00ebn nd\u00ebrkomb\u00ebtare.<\/span><\/p>\n<p><span style=\"color: #000000;\">\u201c<em>Pas zgjedhjeve t\u00eb vitit t\u00eb kaluar t\u00eb Komisionit Evropian dhe sidomos pas angazhimit shum\u00eb aktiv t\u00eb SHBA-ve me p\u00ebrfaq\u00ebsuesin special t\u00eb Presidentit Trump, ambasadorin Grenell, tarifa objektivisht mbetet vet\u00ebm si relikt, i cili po i sh\u00ebrben Serbis\u00eb t\u00eb paraqitet si viktim\u00eb n\u00eb aren\u00ebn nd\u00ebrkomb\u00ebtare dhe disave n\u00eb Kosov\u00eb si mjet i vet\u00ebm i nj\u00eb kauze t\u00eb paq\u00ebndrueshme politike. Askujt nuk i mbushet mendja se Kosova e detyron Serbin\u00eb q\u00eb ta njoh\u00eb p\u00ebrmes tarif\u00ebs<\/em>\u201d-ka shkruar ai.<\/span><\/p>\n<p><span style=\"color: #000000;\">M\u00eb tej kreu i LDK-s\u00eb ka th\u00ebn\u00eb se SHBA dhe BE mund ta bindin Serbin\u00eb q\u00eb p\u00ebrmes procesit t\u00eb dialogut ta njoh\u00eb shtet\u00ebsin\u00eb e Kosov\u00ebs.<\/span><\/p>\n<p><span style=\"color: #000000;\">Mustafa shkruan se do duhej q\u00eb n\u00eb mbledhjen e Kuvendit t\u00eb Kosov\u00ebs e cila do t\u00eb mbahet t\u00eb h\u00ebn\u00ebn, deputet\u00ebt duhet t\u00eb votojn\u00eb pro heqjes s\u00eb taks\u00ebs, ashtu si\u00e7 po k\u00ebrkon Amerika.<\/span><\/p>\n<p><span style=\"color: #000000;\">\u201c<em>D\u00ebshiroj t\u00eb besoj se mbledhja e nes\u00ebrme e Kuvendit do t\u2019i jap\u00eb p\u00ebrkrahje Qeveris\u00eb dhe Kryeministrit Kurti t\u00eb hiqet tarifa. T\u00eb hiqet ashtu si\u00e7 po k\u00ebrkojn\u00eb SHBA-t\u00eb. Nuk jam i sigurt q\u00eb dikush nga grupet parlamentare ose deputet\u00ebt e Kuvendit apo qeveritar\u00ebt ta ken\u00eb gjetur nj\u00eb partner m\u00eb t\u00eb fort\u00eb, m\u00eb meritor dhe m\u00eb t\u00eb p\u00ebrkushtuar sesa SHBA-t\u00eb p\u00ebr shtetin dhe shtet\u00ebsin\u00eb e Kosov\u00ebs. E as nj\u00eb rrug\u00eb m\u00eb me perspektiv\u00eb se ajo e integrimit evropian dhe euroatlantik<\/em>\u201d- ka shkruar ai.<\/span><\/p>\n","protected":false,"gt_translate_keys":[{"key":"rendered","format":"html"}]},"excerpt":{"rendered":"<p>Kreu i Lidhjes Demokratike t\u00eb Kosov\u00ebs, Isa Mustafa, po k\u00ebrkon q\u00eb deputet\u00ebt e Kuvendit t\u00eb Kosov\u00ebs t\u00eb votojn\u00eb pro heqjes s\u00eb taks\u00ebs ndaj mallrave Serbe. Mustafa ka shkruar n\u00eb Facebook se SHBA \u00ebsht\u00eb aleati m\u00eb u fuqish\u00ebm i Kosov\u00ebs, prandaj duhet t\u00eb respektohet k\u00ebrkesa q\u00eb taksa t\u00eb hiqet. Ai ka theksuar se partia e tij [&hellip;]<\/p>\n","protected":false,"gt_translate_keys":[{"key":"rendered","format":"html"}]},"author":32,"featured_media":349205,"comment_status":"open","ping_status":"open","sticky":false,"template":"","format":"standard","meta":{"footnotes":""},"categories":[149,13],"tags":[359,308,358,238,305],"class_list":["post-357232","post","type-post","status-publish","format-standard","has-post-thumbnail","hentry","category-kosoverajon","category-te-fundit","tag-359","tag-kurti","tag-mustafa","tag-serbia","tag-taksa"],"gt_translate_keys":[{"key":"link","format":"url"}],"_links":{"self":[{"href":"https:\/\/www.hashtag.al\/index.php\/wp-json\/wp\/v2\/posts\/357232","targetHints":{"allow":["GET"]}}],"collection":[{"href":"https:\/\/www.hashtag.al\/index.php\/wp-json\/wp\/v2\/posts"}],"about":[{"href":"https:\/\/www.hashtag.al\/index.php\/wp-json\/wp\/v2\/types\/post"}],"author":[{"embeddable":true,"href":"https:\/\/www.hashtag.al\/index.php\/wp-json\/wp\/v2\/users\/32"}],"replies":[{"embeddable":true,"href":"https:\/\/www.hashtag.al\/index.php\/wp-json\/wp\/v2\/comments?post=357232"}],"version-history":[{"count":0,"href":"https:\/\/www.hashtag.al\/index.php\/wp-json\/wp\/v2\/posts\/357232\/revisions"}],"wp:featuredmedia":[{"embeddable":true,"href":"https:\/\/www.hashtag.al\/index.php\/wp-json\/wp\/v2\/media\/349205"}],"wp:attachment":[{"href":"https:\/\/www.hashtag.al\/index.php\/wp-json\/wp\/v2\/media?parent=357232"}],"wp:term":[{"taxonomy":"category","embeddable":true,"href":"https:\/\/www.hashtag.al\/index.php\/wp-json\/wp\/v2\/categories?post=357232"},{"taxonomy":"post_tag","embeddable":true,"href":"https:\/\/www.hashtag.al\/index.php\/wp-json\/wp\/v2\/tags?post=357232"}],"curies":[{"name":"wp","href":"https:\/\/api.w.org\/{rel}","templated":true}]}}