{"id":357212,"date":"2020-03-01T11:45:22","date_gmt":"2020-03-01T10:45:22","guid":{"rendered":"https:\/\/hashtag.al\/?p=357212"},"modified":"2020-03-01T11:35:42","modified_gmt":"2020-03-01T10:35:42","slug":"haradinaj-reagon-ndaj-rames-nuk-ma-fal-dot-prishjen-planin-serbomadh","status":"publish","type":"post","link":"https:\/\/www.hashtag.al\/index.php\/2020\/03\/01\/haradinaj-reagon-ndaj-rames-nuk-ma-fal-dot-prishjen-planin-serbomadh\/","title":{"rendered":"Haradinaj reagon ndaj Ram\u00ebs: Nuk ma fal dot prishjen planin serbomadh","gt_translate_keys":[{"key":"rendered","format":"text"}]},"content":{"rendered":"<p><img loading=\"lazy\" decoding=\"async\" class=\"aligncenter size-full wp-image-330774\" src=\"https:\/\/hashtag.al\/wp-content\/uploads\/2019\/10\/Rama-Haradinaj-2-min-600x360.jpg\" alt=\"\" width=\"600\" height=\"360\" srcset=\"https:\/\/www.hashtag.al\/wp-content\/uploads\/2019\/10\/Rama-Haradinaj-2-min-600x360.jpg 600w, https:\/\/www.hashtag.al\/wp-content\/uploads\/2019\/10\/Rama-Haradinaj-2-min-600x360-300x180.jpg 300w\" sizes=\"auto, (max-width: 600px) 100vw, 600px\" \/><\/p>\n<p><span style=\"color: #000000;\">Ish-kryeministri i Kosov\u00ebs Ramush Haradinaj, ka reaguar pas sulmeve nga kreu u qeveris\u00eb s\u00eb Shqip\u00ebris\u00eb Edi Rama pak minuta m\u00eb par\u00eb n\u00ebp\u00ebrmjet Twitter-it.<\/span><\/p>\n<p><span style=\"color: #000000;\">Haradinaj shprehet se e kupton frustrimin e Ram\u00ebs pasi nuk i fal do q\u00eb i prishi planin serbomadh.<\/span><\/p>\n<p><span style=\"color: #000000;\">M\u00eb pas ish-kryeministri ka nj\u00eb mesazh p\u00ebr pasardh\u00ebsin e tij n\u00eb krye t\u00eb qeveris\u00eb, t\u00eb cilit i k\u00ebrkon q\u00eb t\u00eb vazhdoj\u00eb rrug\u00ebn e tij t\u00eb bllokimit t\u00eb Ram\u00ebs dhe t\u00eb tjer\u00ebve p\u00ebr coptimin Kosov\u00ebs.<\/span><\/p>\n<p><span style=\"color: #000000;\">\u201c<em>I kuptuesh\u00ebm frustrimi i Edi Ram\u00ebs ndaj meje. E di q\u00eb nuk ma fal dot q\u00eb ia prisha planin serbomadh.<\/em><\/span><\/p>\n<p><span style=\"color: #000000;\"><em>Edi Rama pas kthimit nga Moska, vepron pa humbur koh\u00eb n\u00eb zbatimin e k\u00ebshillave t\u00eb Lavrovit.<\/em><\/span><\/p>\n<p><span style=\"color: #000000;\"><em>Uroj q\u00eb Kryeministri Kurti t\u00eb vazhdoj\u00eb rrug\u00ebn time t\u00eb bllokimit t\u00eb shtegut t\u00eb Edi Ram\u00ebs e t\u00eb tjer\u00ebve p\u00ebr cop\u00ebtimin e Kosov\u00ebs dhe fuqizimin e Serbis\u00eb e Rusis\u00eb n\u00eb rajonin ton\u00eb, duke mbajtur taks\u00ebn deri n\u00eb kontrat\u00ebn finale p\u00ebr njohje. T\u00eb tjerat jan\u00eb tashm\u00eb histori<\/em>\u201d-shkruan Haradinaj.<\/span><\/p>\n","protected":false,"gt_translate_keys":[{"key":"rendered","format":"html"}]},"excerpt":{"rendered":"<p>Ish-kryeministri i Kosov\u00ebs Ramush Haradinaj, ka reaguar pas sulmeve nga kreu u qeveris\u00eb s\u00eb Shqip\u00ebris\u00eb Edi Rama pak minuta m\u00eb par\u00eb n\u00ebp\u00ebrmjet Twitter-it. Haradinaj shprehet se e kupton frustrimin e Ram\u00ebs pasi nuk i fal do q\u00eb i prishi planin serbomadh. M\u00eb pas ish-kryeministri ka nj\u00eb mesazh p\u00ebr pasardh\u00ebsin e tij n\u00eb krye t\u00eb qeveris\u00eb, [&hellip;]<\/p>\n","protected":false,"gt_translate_keys":[{"key":"rendered","format":"html"}]},"author":32,"featured_media":330774,"comment_status":"open","ping_status":"open","sticky":false,"template":"","format":"standard","meta":{"footnotes":""},"categories":[65,13],"tags":[],"class_list":["post-357212","post","type-post","status-publish","format-standard","has-post-thumbnail","hentry","category-lajme","category-te-fundit"],"gt_translate_keys":[{"key":"link","format":"url"}],"_links":{"self":[{"href":"https:\/\/www.hashtag.al\/index.php\/wp-json\/wp\/v2\/posts\/357212","targetHints":{"allow":["GET"]}}],"collection":[{"href":"https:\/\/www.hashtag.al\/index.php\/wp-json\/wp\/v2\/posts"}],"about":[{"href":"https:\/\/www.hashtag.al\/index.php\/wp-json\/wp\/v2\/types\/post"}],"author":[{"embeddable":true,"href":"https:\/\/www.hashtag.al\/index.php\/wp-json\/wp\/v2\/users\/32"}],"replies":[{"embeddable":true,"href":"https:\/\/www.hashtag.al\/index.php\/wp-json\/wp\/v2\/comments?post=357212"}],"version-history":[{"count":0,"href":"https:\/\/www.hashtag.al\/index.php\/wp-json\/wp\/v2\/posts\/357212\/revisions"}],"wp:featuredmedia":[{"embeddable":true,"href":"https:\/\/www.hashtag.al\/index.php\/wp-json\/wp\/v2\/media\/330774"}],"wp:attachment":[{"href":"https:\/\/www.hashtag.al\/index.php\/wp-json\/wp\/v2\/media?parent=357212"}],"wp:term":[{"taxonomy":"category","embeddable":true,"href":"https:\/\/www.hashtag.al\/index.php\/wp-json\/wp\/v2\/categories?post=357212"},{"taxonomy":"post_tag","embeddable":true,"href":"https:\/\/www.hashtag.al\/index.php\/wp-json\/wp\/v2\/tags?post=357212"}],"curies":[{"name":"wp","href":"https:\/\/api.w.org\/{rel}","templated":true}]}}