{"id":357193,"date":"2020-03-01T10:05:24","date_gmt":"2020-03-01T09:05:24","guid":{"rendered":"https:\/\/hashtag.al\/?p=357193"},"modified":"2020-03-01T09:59:39","modified_gmt":"2020-03-01T08:59:39","slug":"greqia-konfirmon-rastin-e-peste-me-koronavirus","status":"publish","type":"post","link":"https:\/\/www.hashtag.al\/index.php\/2020\/03\/01\/greqia-konfirmon-rastin-e-peste-me-koronavirus\/","title":{"rendered":"Greqia konfirmon rastin e pest\u00eb me koronavirus","gt_translate_keys":[{"key":"rendered","format":"text"}]},"content":{"rendered":"<p><img loading=\"lazy\" decoding=\"async\" class=\"aligncenter size-full wp-image-355990\" src=\"https:\/\/hashtag.al\/wp-content\/uploads\/2020\/02\/koronavirus-4.jpg\" alt=\"\" width=\"600\" height=\"360\" srcset=\"https:\/\/www.hashtag.al\/wp-content\/uploads\/2020\/02\/koronavirus-4.jpg 600w, https:\/\/www.hashtag.al\/wp-content\/uploads\/2020\/02\/koronavirus-4-300x180.jpg 300w\" sizes=\"auto, (max-width: 600px) 100vw, 600px\" \/><\/p>\n<p><span style=\"color: #000000;\">Greqia ka konfirmuar rastin e pest\u00eb me koronavirus. Pacientja \u00ebsht\u00eb nj\u00eb m\u00ebsuese q\u00eb jeton n\u00eb Selanik.<\/span><\/p>\n<p><span style=\"color: #000000;\">Deri m\u00eb tani, ka pasur kat\u00ebr raste, dy n\u00eb Athin\u00eb dhe dy n\u00eb Selanik. Rasti i par\u00eb n\u00eb Greqi ishte ai i 38-vje\u00e7ares n\u00eb Selanik dhe i dyti i djalit t\u00eb saj 9-vje\u00e7ar.<\/span><\/p>\n<p><span style=\"color: #000000;\">Rasti i tret\u00eb ishte i vendosur n\u00eb Athin\u00eb. Ishte 40-vje\u00e7ari nga Marousi q\u00eb ishte shtruar n\u00eb spital n\u00eb Atticon. Nd\u00ebrsa rasti i kat\u00ebr \u00ebsht\u00eb nj\u00eb 36-vje\u00e7ar, i cili u shtrua n\u00eb spital n\u00eb t\u00eb nj\u00ebjtin spital ku ishte edhe rasti i tret\u00eb.<\/span><\/p>\n<p><span style=\"color: #000000;\">Personat t\u00eb gjetur pozitiv\u00eb p\u00ebr infeksionin e ri koronavirus vazhdojn\u00eb t\u00eb trajtohen n\u00eb Athin\u00eb dhe Selanik dhe jan\u00eb n\u00eb gjendje t\u00eb mir\u00eb.<\/span><\/p>\n","protected":false,"gt_translate_keys":[{"key":"rendered","format":"html"}]},"excerpt":{"rendered":"<p>Greqia ka konfirmuar rastin e pest\u00eb me koronavirus. Pacientja \u00ebsht\u00eb nj\u00eb m\u00ebsuese q\u00eb jeton n\u00eb Selanik. Deri m\u00eb tani, ka pasur kat\u00ebr raste, dy n\u00eb Athin\u00eb dhe dy n\u00eb Selanik. Rasti i par\u00eb n\u00eb Greqi ishte ai i 38-vje\u00e7ares n\u00eb Selanik dhe i dyti i djalit t\u00eb saj 9-vje\u00e7ar. Rasti i tret\u00eb ishte i vendosur [&hellip;]<\/p>\n","protected":false,"gt_translate_keys":[{"key":"rendered","format":"html"}]},"author":32,"featured_media":355990,"comment_status":"open","ping_status":"open","sticky":false,"template":"","format":"standard","meta":{"footnotes":""},"categories":[149,13],"tags":[],"class_list":["post-357193","post","type-post","status-publish","format-standard","has-post-thumbnail","hentry","category-kosoverajon","category-te-fundit"],"gt_translate_keys":[{"key":"link","format":"url"}],"_links":{"self":[{"href":"https:\/\/www.hashtag.al\/index.php\/wp-json\/wp\/v2\/posts\/357193","targetHints":{"allow":["GET"]}}],"collection":[{"href":"https:\/\/www.hashtag.al\/index.php\/wp-json\/wp\/v2\/posts"}],"about":[{"href":"https:\/\/www.hashtag.al\/index.php\/wp-json\/wp\/v2\/types\/post"}],"author":[{"embeddable":true,"href":"https:\/\/www.hashtag.al\/index.php\/wp-json\/wp\/v2\/users\/32"}],"replies":[{"embeddable":true,"href":"https:\/\/www.hashtag.al\/index.php\/wp-json\/wp\/v2\/comments?post=357193"}],"version-history":[{"count":0,"href":"https:\/\/www.hashtag.al\/index.php\/wp-json\/wp\/v2\/posts\/357193\/revisions"}],"wp:featuredmedia":[{"embeddable":true,"href":"https:\/\/www.hashtag.al\/index.php\/wp-json\/wp\/v2\/media\/355990"}],"wp:attachment":[{"href":"https:\/\/www.hashtag.al\/index.php\/wp-json\/wp\/v2\/media?parent=357193"}],"wp:term":[{"taxonomy":"category","embeddable":true,"href":"https:\/\/www.hashtag.al\/index.php\/wp-json\/wp\/v2\/categories?post=357193"},{"taxonomy":"post_tag","embeddable":true,"href":"https:\/\/www.hashtag.al\/index.php\/wp-json\/wp\/v2\/tags?post=357193"}],"curies":[{"name":"wp","href":"https:\/\/api.w.org\/{rel}","templated":true}]}}