{"id":357189,"date":"2020-03-01T09:50:58","date_gmt":"2020-03-01T08:50:58","guid":{"rendered":"https:\/\/hashtag.al\/?p=357189"},"modified":"2020-03-01T09:48:22","modified_gmt":"2020-03-01T08:48:22","slug":"joe-biden-fiton-primaret-ne-karolinen-e-jugut-por-eshte-prapa-sanders-me-kandidate","status":"publish","type":"post","link":"https:\/\/www.hashtag.al\/index.php\/2020\/03\/01\/joe-biden-fiton-primaret-ne-karolinen-e-jugut-por-eshte-prapa-sanders-me-kandidate\/","title":{"rendered":"Joe Biden fiton primaret n\u00eb Karolin\u00ebn e Jugut por \u00ebsht\u00eb prapa Sanders me kandidat\u00eb","gt_translate_keys":[{"key":"rendered","format":"text"}]},"content":{"rendered":"<p><img loading=\"lazy\" decoding=\"async\" class=\"aligncenter size-full wp-image-357190\" src=\"https:\/\/hashtag.al\/wp-content\/uploads\/2020\/03\/kaorline-e-jugut-votime.jpg\" alt=\"\" width=\"980\" height=\"551\" srcset=\"https:\/\/www.hashtag.al\/wp-content\/uploads\/2020\/03\/kaorline-e-jugut-votime.jpg 980w, https:\/\/www.hashtag.al\/wp-content\/uploads\/2020\/03\/kaorline-e-jugut-votime-300x169.jpg 300w, https:\/\/www.hashtag.al\/wp-content\/uploads\/2020\/03\/kaorline-e-jugut-votime-768x432.jpg 768w\" sizes=\"auto, (max-width: 980px) 100vw, 980px\" \/><\/p>\n<p><span style=\"color: #000000;\">Fushata e Joe Biden tregoi shenjat e saj t\u00eb para t\u00eb jet\u00ebs n\u00eb Karolin\u00ebn e Jugut, me ish-zv.Presidentin duke marr\u00eb ep\u00ebrsin\u00eb ndaj demokrat\u00ebve t\u00eb tjer\u00eb n\u00eb filloren e shtetit, duke p\u00ebrfshir\u00eb drejtuesin e par\u00eb Bernie Sanders.<\/span><\/p>\n<p><span style=\"color: #000000;\">P\u00ebrpjekjet e Bidenit n\u00eb k\u00ebt\u00eb shtet u shpaguan pasi ai fitoi gati gjysm\u00ebn e votave t\u00eb Shtun\u00ebn, duke shtuar 33 delegat\u00eb t\u00eb premtuar. Sanders morri \u00a0me m\u00eb pak se 20 p\u00ebrqind t\u00eb votave, por prap\u00eb udh\u00ebheq Biden nga tet\u00eb delegat\u00eb n\u00eb p\u00ebrgjith\u00ebsi pasi fitoi New Hampshire dhe Nevada dhe arriti nj\u00eb performanc\u00eb t\u00eb fort\u00eb n\u00eb Iowa.<\/span><\/p>\n<p><span style=\"color: #000000;\">Karolina e Jugut u perceptua nga shum\u00eb v\u00ebzhgues si nj\u00eb moment befasie p\u00ebr fushat\u00ebn e Biden. Sondazhet parashikuan se ai do t\u00eb fitonte, por fitorja duhej t\u00eb ishte bind\u00ebse, p\u00ebrndryshe ai do t\u00eb ishte n\u00eb nj\u00eb pozit\u00eb t\u00eb dob\u00ebsuar p\u00ebrpara \u00a0Super t\u00eb Mart\u00ebs s\u00eb jav\u00ebs s\u00eb ardhshme, ku mbi 1.000 delegat\u00eb jan\u00eb gati p\u00ebr tu kapur.<\/span><\/p>\n<p><span style=\"color: #000000;\">Senatori i Vermont pranoi humbjen n\u00eb nj\u00eb fushat\u00eb fushate n\u00eb Norfolk, Virxhinia, por ishte optimist p\u00ebr shanset e tij n\u00eb Super t\u00eb Mart\u00ebn, duke e konsideruar humbjen e s\u00eb Shtun\u00ebs si nj\u00eb penges\u00eb e vog\u00ebl.<\/span><\/p>\n<p><img loading=\"lazy\" decoding=\"async\" class=\"aligncenter size-full wp-image-357191\" src=\"https:\/\/hashtag.al\/wp-content\/uploads\/2020\/03\/political-polls.png\" alt=\"\" width=\"501\" height=\"349\" srcset=\"https:\/\/www.hashtag.al\/wp-content\/uploads\/2020\/03\/political-polls.png 501w, https:\/\/www.hashtag.al\/wp-content\/uploads\/2020\/03\/political-polls-300x209.png 300w\" sizes=\"auto, (max-width: 501px) 100vw, 501px\" \/><\/p>\n","protected":false,"gt_translate_keys":[{"key":"rendered","format":"html"}]},"excerpt":{"rendered":"<p>Fushata e Joe Biden tregoi shenjat e saj t\u00eb para t\u00eb jet\u00ebs n\u00eb Karolin\u00ebn e Jugut, me ish-zv.Presidentin duke marr\u00eb ep\u00ebrsin\u00eb ndaj demokrat\u00ebve t\u00eb tjer\u00eb n\u00eb filloren e shtetit, duke p\u00ebrfshir\u00eb drejtuesin e par\u00eb Bernie Sanders. P\u00ebrpjekjet e Bidenit n\u00eb k\u00ebt\u00eb shtet u shpaguan pasi ai fitoi gati gjysm\u00ebn e votave t\u00eb Shtun\u00ebn, duke shtuar [&hellip;]<\/p>\n","protected":false,"gt_translate_keys":[{"key":"rendered","format":"html"}]},"author":32,"featured_media":357190,"comment_status":"open","ping_status":"open","sticky":false,"template":"","format":"standard","meta":{"footnotes":""},"categories":[6,13],"tags":[],"class_list":["post-357189","post","type-post","status-publish","format-standard","has-post-thumbnail","hentry","category-nderkombetare","category-te-fundit"],"gt_translate_keys":[{"key":"link","format":"url"}],"_links":{"self":[{"href":"https:\/\/www.hashtag.al\/index.php\/wp-json\/wp\/v2\/posts\/357189","targetHints":{"allow":["GET"]}}],"collection":[{"href":"https:\/\/www.hashtag.al\/index.php\/wp-json\/wp\/v2\/posts"}],"about":[{"href":"https:\/\/www.hashtag.al\/index.php\/wp-json\/wp\/v2\/types\/post"}],"author":[{"embeddable":true,"href":"https:\/\/www.hashtag.al\/index.php\/wp-json\/wp\/v2\/users\/32"}],"replies":[{"embeddable":true,"href":"https:\/\/www.hashtag.al\/index.php\/wp-json\/wp\/v2\/comments?post=357189"}],"version-history":[{"count":0,"href":"https:\/\/www.hashtag.al\/index.php\/wp-json\/wp\/v2\/posts\/357189\/revisions"}],"wp:featuredmedia":[{"embeddable":true,"href":"https:\/\/www.hashtag.al\/index.php\/wp-json\/wp\/v2\/media\/357190"}],"wp:attachment":[{"href":"https:\/\/www.hashtag.al\/index.php\/wp-json\/wp\/v2\/media?parent=357189"}],"wp:term":[{"taxonomy":"category","embeddable":true,"href":"https:\/\/www.hashtag.al\/index.php\/wp-json\/wp\/v2\/categories?post=357189"},{"taxonomy":"post_tag","embeddable":true,"href":"https:\/\/www.hashtag.al\/index.php\/wp-json\/wp\/v2\/tags?post=357189"}],"curies":[{"name":"wp","href":"https:\/\/api.w.org\/{rel}","templated":true}]}}