{"id":356857,"date":"2020-02-28T15:27:52","date_gmt":"2020-02-28T14:27:52","guid":{"rendered":"https:\/\/hashtag.al\/?p=356857"},"modified":"2020-02-28T15:29:24","modified_gmt":"2020-02-28T14:29:24","slug":"papa-francesku-i-semure-mbyllet-ne-shtepine-e-tij-ne-santa-marta","status":"publish","type":"post","link":"https:\/\/www.hashtag.al\/index.php\/2020\/02\/28\/papa-francesku-i-semure-mbyllet-ne-shtepine-e-tij-ne-santa-marta\/","title":{"rendered":"Papa Fran\u00e7esku i s\u00ebmur\u00eb, mbyllet n\u00eb sht\u00ebpin\u00eb e tij n\u00eb Santa Marta","gt_translate_keys":[{"key":"rendered","format":"text"}]},"content":{"rendered":"<p><a href=\"https:\/\/hashtag.al\/wp-content\/uploads\/2020\/02\/Papa.jpg\"><img loading=\"lazy\" decoding=\"async\" class=\"aligncenter size-full wp-image-356859\" src=\"https:\/\/hashtag.al\/wp-content\/uploads\/2020\/02\/Papa.jpg\" alt=\"\" width=\"839\" height=\"510\" srcset=\"https:\/\/www.hashtag.al\/wp-content\/uploads\/2020\/02\/Papa.jpg 839w, https:\/\/www.hashtag.al\/wp-content\/uploads\/2020\/02\/Papa-300x182.jpg 300w, https:\/\/www.hashtag.al\/wp-content\/uploads\/2020\/02\/Papa-768x467.jpg 768w\" sizes=\"auto, (max-width: 839px) 100vw, 839px\" \/><\/a><\/p>\n<p><span style=\"color: #000000;\">Papa Fran\u00e7esku \u00ebsht\u00eb ende pak i s\u00ebmur\u00eb, gj\u00eb q\u00eb e ka detyruar t\u00eb shtyj\u00eb t\u00eb gjitha daljet e tij zyrtare p\u00ebr t\u00eb premten, por po punon nga rezidenca e tij.<\/span><\/p>\n<p><span style=\"color: #000000;\">N\u00eb deklarat\u00ebn p\u00ebr shtyp, Vatikani nuk specifikoi se nga \u00e7far\u00eb vuante papa 83-vje\u00e7ar.<\/span><\/p>\n<p><span style=\"color: #000000;\">N\u00eb daljen e tij t\u00eb m\u00ebrkur\u00ebn, Papa Fran\u00e7esku dukej se kishte nj\u00eb ftohje dhe foli me nj\u00eb z\u00eb pak t\u00eb ngjirur, dhe ai kolliti gjat\u00eb sh\u00ebrbimit n\u00eb mesh\u00ebn e t\u00eb nj\u00ebjt\u00ebs pasdite n\u00eb Rom\u00eb.<\/span><\/p>\n<p><a href=\"https:\/\/hashtag.al\/wp-content\/uploads\/2020\/02\/pope-francis.jpg\"><img loading=\"lazy\" decoding=\"async\" class=\"aligncenter size-full wp-image-356858\" src=\"https:\/\/hashtag.al\/wp-content\/uploads\/2020\/02\/pope-francis.jpg\" alt=\"\" width=\"1286\" height=\"857\" srcset=\"https:\/\/www.hashtag.al\/wp-content\/uploads\/2020\/02\/pope-francis.jpg 1286w, https:\/\/www.hashtag.al\/wp-content\/uploads\/2020\/02\/pope-francis-300x200.jpg 300w, https:\/\/www.hashtag.al\/wp-content\/uploads\/2020\/02\/pope-francis-768x512.jpg 768w, https:\/\/www.hashtag.al\/wp-content\/uploads\/2020\/02\/pope-francis-1024x682.jpg 1024w\" sizes=\"auto, (max-width: 1286px) 100vw, 1286px\" \/><\/a><\/p>\n<p><span style=\"color: #000000;\">Z\u00ebdh\u00ebn\u00ebsi i tij Matteo Bruni tha se Papa e kishte sh\u00ebrbyer mesh\u00ebn e zakonshme t\u00eb m\u00ebngjesit n\u00eb sht\u00ebpin\u00eb e mysafir\u00ebve n\u00eb Santa Marta ku ai jeton dhe i p\u00ebrsh\u00ebndeti ata q\u00eb mor\u00ebn pjes\u00eb.<\/span><\/p>\n<p><span style=\"color: #000000;\">Si\u00e7 shkruan <span style=\"color: #0000ff;\"><a style=\"color: #0000ff;\" href=\"https:\/\/www.reuters.com\/article\/us-pope-health\/pope-ill-for-second-day-postpones-audiences-but-working-idUSKCN20M16G\">Reuters<\/a><\/span>, Bruni tha se Papa ishte akoma <em>&#8220;pak keq&#8221;<\/em>. Papa zakonisht i kalon m\u00ebngjeset duke b\u00ebr\u00eb fjalime p\u00ebr grupe t\u00eb ndryshme dhe duke takuar krer\u00ebt e shteteve n\u00eb Pallatin Apostolik t\u00eb Vatikanit.<\/span><\/p>\n<p>&nbsp;<\/p>\n","protected":false,"gt_translate_keys":[{"key":"rendered","format":"html"}]},"excerpt":{"rendered":"<p>Papa Fran\u00e7esku \u00ebsht\u00eb ende pak i s\u00ebmur\u00eb, gj\u00eb q\u00eb e ka detyruar t\u00eb shtyj\u00eb t\u00eb gjitha daljet e tij zyrtare p\u00ebr t\u00eb premten, por po punon nga rezidenca e tij. N\u00eb deklarat\u00ebn p\u00ebr shtyp, Vatikani nuk specifikoi se nga \u00e7far\u00eb vuante papa 83-vje\u00e7ar. N\u00eb daljen e tij t\u00eb m\u00ebrkur\u00ebn, Papa Fran\u00e7esku dukej se kishte nj\u00eb [&hellip;]<\/p>\n","protected":false,"gt_translate_keys":[{"key":"rendered","format":"html"}]},"author":30,"featured_media":356858,"comment_status":"open","ping_status":"open","sticky":false,"template":"","format":"standard","meta":{"footnotes":""},"categories":[6],"tags":[],"class_list":["post-356857","post","type-post","status-publish","format-standard","has-post-thumbnail","hentry","category-nderkombetare"],"gt_translate_keys":[{"key":"link","format":"url"}],"_links":{"self":[{"href":"https:\/\/www.hashtag.al\/index.php\/wp-json\/wp\/v2\/posts\/356857","targetHints":{"allow":["GET"]}}],"collection":[{"href":"https:\/\/www.hashtag.al\/index.php\/wp-json\/wp\/v2\/posts"}],"about":[{"href":"https:\/\/www.hashtag.al\/index.php\/wp-json\/wp\/v2\/types\/post"}],"author":[{"embeddable":true,"href":"https:\/\/www.hashtag.al\/index.php\/wp-json\/wp\/v2\/users\/30"}],"replies":[{"embeddable":true,"href":"https:\/\/www.hashtag.al\/index.php\/wp-json\/wp\/v2\/comments?post=356857"}],"version-history":[{"count":0,"href":"https:\/\/www.hashtag.al\/index.php\/wp-json\/wp\/v2\/posts\/356857\/revisions"}],"wp:featuredmedia":[{"embeddable":true,"href":"https:\/\/www.hashtag.al\/index.php\/wp-json\/wp\/v2\/media\/356858"}],"wp:attachment":[{"href":"https:\/\/www.hashtag.al\/index.php\/wp-json\/wp\/v2\/media?parent=356857"}],"wp:term":[{"taxonomy":"category","embeddable":true,"href":"https:\/\/www.hashtag.al\/index.php\/wp-json\/wp\/v2\/categories?post=356857"},{"taxonomy":"post_tag","embeddable":true,"href":"https:\/\/www.hashtag.al\/index.php\/wp-json\/wp\/v2\/tags?post=356857"}],"curies":[{"name":"wp","href":"https:\/\/api.w.org\/{rel}","templated":true}]}}