{"id":356854,"date":"2020-02-28T15:09:44","date_gmt":"2020-02-28T14:09:44","guid":{"rendered":"https:\/\/hashtag.al\/?p=356854"},"modified":"2020-02-28T15:10:54","modified_gmt":"2020-02-28T14:10:54","slug":"ofl-iu-kerkon-te-deklarojne-pasurine-dy-te-denuarve-nga-kruja-e-elbasani","status":"publish","type":"post","link":"https:\/\/www.hashtag.al\/index.php\/2020\/02\/28\/ofl-iu-kerkon-te-deklarojne-pasurine-dy-te-denuarve-nga-kruja-e-elbasani\/","title":{"rendered":"OFL iu k\u00ebrkon t\u00eb deklarojn\u00eb pasurin\u00eb dy t\u00eb d\u00ebnuarve nga Kruja e Elbasani","gt_translate_keys":[{"key":"rendered","format":"text"}]},"content":{"rendered":"<p><a href=\"https:\/\/hashtag.al\/wp-content\/uploads\/2020\/02\/OFL-1.jpg\"><img loading=\"lazy\" decoding=\"async\" class=\"aligncenter size-full wp-image-356855\" src=\"https:\/\/hashtag.al\/wp-content\/uploads\/2020\/02\/OFL-1.jpg\" alt=\"\" width=\"780\" height=\"440\" srcset=\"https:\/\/www.hashtag.al\/wp-content\/uploads\/2020\/02\/OFL-1.jpg 780w, https:\/\/www.hashtag.al\/wp-content\/uploads\/2020\/02\/OFL-1-300x169.jpg 300w, https:\/\/www.hashtag.al\/wp-content\/uploads\/2020\/02\/OFL-1-768x433.jpg 768w\" sizes=\"auto, (max-width: 780px) 100vw, 780px\" \/><\/a><\/p>\n<p><span style=\"color: #000000;\">Operacioni Forca e Ligjit u ka d\u00ebrguar formularin e deklarimit t\u00eb pasuris\u00eb dy personave t\u00eb tjer\u00eb t\u00eb d\u00ebnuar, t\u00eb cil\u00ebt duhet ta plot\u00ebsojn\u00eb at\u00eb brenda 48 or\u00ebve.<\/span><\/p>\n<p><span style=\"color: #000000;\">Personat e v\u00ebn\u00eb n\u00eb sh\u00ebnjest\u00ebr nga OFL jan\u00eb Flamur Haka nga Nikla dhe Talo Cela nga Elbasani.<\/span><br \/>\n<span style=\"color: #000000;\">I pari akuzohet p\u00ebr vjedhje me dhun\u00eb, nd\u00ebrsa i dyti p\u00ebr trafik droge.<\/span><\/p>\n<p><span style=\"color: #000000;\">&#8220;N\u00eb zbatim t\u00eb detyrave t\u00eb p\u00ebrcaktuara n\u00eb Aktin Normativ t\u00eb dat\u00ebs 31 janar 2020, vijon operacioni Forca e Ligjit, n\u00eb bashk\u00ebpunim me strukturat vendore t\u00eb Policis\u00eb, p\u00ebr d\u00ebrgimin e k\u00ebrkesave p\u00ebr vet\u00ebdeklarim t\u00eb pasuris\u00eb.<\/span><\/p>\n<p><span style=\"color: #000000;\">N\u00eb k\u00ebt\u00eb kuad\u00ebr, OFL u ka d\u00ebrguar k\u00ebrkesat p\u00ebr vet\u00ebdeklarim t\u00eb pasuris\u00eb shtetasve:<\/span><\/p>\n<ol>\n<li><span style=\"color: #000000;\">H., banues n\u00eb Kruj\u00eb, i d\u00ebnuar p\u00ebr vepr\u00ebn penale &#8220;Vjedhja me dhun\u00eb&#8221;;<\/span><\/li>\n<li><span style=\"color: #000000;\">\u00c7., banues n\u00eb Elbasan, i d\u00ebnuar p\u00ebr vepr\u00ebn penale \u201cTrafikim i l\u00ebnd\u00ebve narkotike\u201d;<\/span><\/li>\n<\/ol>\n<p><span style=\"color: #000000;\">K\u00ebta individ\u00eb, si subjekt i Ligjit Special, duhet t\u2019u p\u00ebrgjigjen me shkrim, brenda 48 or\u00ebsh, t\u00eb gjitha pyetjeve t\u00eb OFL-s\u00eb.<\/span><\/p>\n<p><span style=\"color: #000000;\">M\u00eb pas, p\u00ebrgjigjet e marra do t\u2019i d\u00ebrgohen SPAK-ut, p\u00ebr veprime t\u00eb m\u00ebtejshme.<\/span><\/p>\n<p><span style=\"color: #000000;\">OFL \u00ebsht\u00eb n\u00eb veprim t\u00eb pand\u00ebrprer\u00eb dhe n\u00eb kryerje t\u00eb veprimeve komplekse, p\u00ebr t\u00eb evidentuar dhe d\u00ebrguar n\u00eb SPAK, t\u00eb gjith\u00eb personat q\u00eb jan\u00eb subjekt i Ligjit Special.<\/span><\/p>\n<p><span style=\"color: #000000;\">OFL do t\u00eb informoj\u00eb publikun n\u00eb vijim\u00ebsi p\u00ebr t\u00eb gjitha nismat procedurale dhe operacionet ekzekutive q\u00eb do t\u00eb kryej\u00eb.&#8221;- thuhet n\u00eb njoftimin e policis\u00eb.<\/span><\/p>\n<p>&nbsp;<\/p>\n","protected":false,"gt_translate_keys":[{"key":"rendered","format":"html"}]},"excerpt":{"rendered":"<p>Operacioni Forca e Ligjit u ka d\u00ebrguar formularin e deklarimit t\u00eb pasuris\u00eb dy personave t\u00eb tjer\u00eb t\u00eb d\u00ebnuar, t\u00eb cil\u00ebt duhet ta plot\u00ebsojn\u00eb at\u00eb brenda 48 or\u00ebve. Personat e v\u00ebn\u00eb n\u00eb sh\u00ebnjest\u00ebr nga OFL jan\u00eb Flamur Haka nga Nikla dhe Talo Cela nga Elbasani. I pari akuzohet p\u00ebr vjedhje me dhun\u00eb, nd\u00ebrsa i dyti p\u00ebr [&hellip;]<\/p>\n","protected":false,"gt_translate_keys":[{"key":"rendered","format":"html"}]},"author":30,"featured_media":356855,"comment_status":"open","ping_status":"open","sticky":false,"template":"","format":"standard","meta":{"footnotes":""},"categories":[65,13],"tags":[],"class_list":["post-356854","post","type-post","status-publish","format-standard","has-post-thumbnail","hentry","category-lajme","category-te-fundit"],"gt_translate_keys":[{"key":"link","format":"url"}],"_links":{"self":[{"href":"https:\/\/www.hashtag.al\/index.php\/wp-json\/wp\/v2\/posts\/356854","targetHints":{"allow":["GET"]}}],"collection":[{"href":"https:\/\/www.hashtag.al\/index.php\/wp-json\/wp\/v2\/posts"}],"about":[{"href":"https:\/\/www.hashtag.al\/index.php\/wp-json\/wp\/v2\/types\/post"}],"author":[{"embeddable":true,"href":"https:\/\/www.hashtag.al\/index.php\/wp-json\/wp\/v2\/users\/30"}],"replies":[{"embeddable":true,"href":"https:\/\/www.hashtag.al\/index.php\/wp-json\/wp\/v2\/comments?post=356854"}],"version-history":[{"count":0,"href":"https:\/\/www.hashtag.al\/index.php\/wp-json\/wp\/v2\/posts\/356854\/revisions"}],"wp:featuredmedia":[{"embeddable":true,"href":"https:\/\/www.hashtag.al\/index.php\/wp-json\/wp\/v2\/media\/356855"}],"wp:attachment":[{"href":"https:\/\/www.hashtag.al\/index.php\/wp-json\/wp\/v2\/media?parent=356854"}],"wp:term":[{"taxonomy":"category","embeddable":true,"href":"https:\/\/www.hashtag.al\/index.php\/wp-json\/wp\/v2\/categories?post=356854"},{"taxonomy":"post_tag","embeddable":true,"href":"https:\/\/www.hashtag.al\/index.php\/wp-json\/wp\/v2\/tags?post=356854"}],"curies":[{"name":"wp","href":"https:\/\/api.w.org\/{rel}","templated":true}]}}