{"id":356838,"date":"2020-02-28T14:42:38","date_gmt":"2020-02-28T13:42:38","guid":{"rendered":"https:\/\/hashtag.al\/?p=356838"},"modified":"2020-02-28T14:47:33","modified_gmt":"2020-02-28T13:47:33","slug":"profesorati-i-uet-it-reagon-pas-arrestimit-te-henri-cilit-nuk-ka-asnje-lidhje-me-universitetin","status":"publish","type":"post","link":"https:\/\/www.hashtag.al\/index.php\/2020\/02\/28\/profesorati-i-uet-it-reagon-pas-arrestimit-te-henri-cilit-nuk-ka-asnje-lidhje-me-universitetin\/","title":{"rendered":"Profesorati i UET-it reagon pas arrestimit t\u00eb Henri \u00c7ilit: Nuk ka asnj\u00eb lidhje me universitetin","gt_translate_keys":[{"key":"rendered","format":"text"}]},"content":{"rendered":"<p><span style=\"color: #000000;\"><a style=\"color: #000000;\" href=\"https:\/\/hashtag.al\/wp-content\/uploads\/2020\/02\/Cili-UET.png\"><img loading=\"lazy\" decoding=\"async\" class=\"aligncenter size-full wp-image-356841\" src=\"https:\/\/hashtag.al\/wp-content\/uploads\/2020\/02\/Cili-UET.png\" alt=\"\" width=\"770\" height=\"470\" srcset=\"https:\/\/www.hashtag.al\/wp-content\/uploads\/2020\/02\/Cili-UET.png 770w, https:\/\/www.hashtag.al\/wp-content\/uploads\/2020\/02\/Cili-UET-300x183.png 300w, https:\/\/www.hashtag.al\/wp-content\/uploads\/2020\/02\/Cili-UET-768x469.png 768w\" sizes=\"auto, (max-width: 770px) 100vw, 770px\" \/><\/a><\/span><\/p>\n<p><span style=\"color: #000000;\">Pas arrestimit t\u00eb botuesit Henri \u00c7ili, ka reaguar profesorati i Universitetit Europian t\u00eb Tiran\u00ebs.<\/span><\/p>\n<p><span style=\"color: #000000;\">Pas nj\u00eb mbledhjeje t\u00eb zhvilluar dit\u00ebn e sotme, rektorati sqaron se ndalimi \u00c7ilit nuk ka asnj\u00eb lidhje me veprimtarin\u00eb e UET-it.<\/span><\/p>\n<p><span style=\"color: #000000;\"><em>\u201cN\u00eb interes t\u00eb informimit t\u00eb drejt\u00eb publik, Senati Akademik i Universitetit Europian t\u00eb Tiran\u00ebs sqaron se ndalimi i z. Henri \u00c7ili nuk ka asnj\u00eb lidhje me veprimtarin\u00eb e UET dhe European Education Initiative shpk, q\u00eb ka n\u00eb pron\u00ebsi k\u00ebt\u00eb universitet. Performanca ekselente i ka dh\u00ebn\u00eb k\u00ebtij Universiteti statusin e nj\u00eb aktori publik me r\u00ebnd\u00ebsi komb\u00ebtare dhe m\u00eb gjer\u00eb, ndaj ne si an\u00ebtar\u00eb t\u00eb Senatit Akademik reagojm\u00eb me indinjat\u00eb ndaj pasakt\u00ebsive, spekulimeve ose dashakeq\u00ebsive n\u00eb raportimin e ngjarjes s\u00eb sotme, duke sqaruar se thirrja e z. Cili n\u00eb organet e drejt\u00ebsis\u00eb lidhet me dh\u00ebnien sqarime mbi Legal Studio shpk, i cili \u00ebsht\u00eb nj\u00eb entitet krejt\u00ebsisht i pavarur nga Universiteti Europian i Tiran\u00ebs. \u201c<\/em> \u2013 thuhet n\u00eb q\u00ebndrimin e Senatit t\u00eb UET-s\u00eb, i cili \u00ebsht\u00eb firmosur n\u00eb unanimitet nga t\u00eb gjith\u00eb an\u00ebtar\u00ebt.<\/span><\/p>\n<p><span style=\"color: #000000;\">N\u00eb disa media u raportua sot se n\u00eb ambientet e UET-it ka patur disa kontrolle nga ana e policis\u00eb, lidhur me arrestimin e pronarit t\u00eb universitetit Henri \u00c7ili.<\/span><\/p>\n<p><span style=\"color: #000000;\">Shefi i Policis\u00eb Ardi Veliu tha se \u00c7ili, akuzohet p\u00ebr kryerjen e veprave penale si \u201cFshehja e t\u00eb ardhurave\u201d, \u201c Pastrimi i produkteve t\u00eb vepr\u00ebs penale ose veprimtaris\u00eb kriminale\u201d, \u201cFalsifikimi i dokumenteve\u201d, \u201cMashtrimit\u201d, \u201cUshtrimi i ndikimit t\u00eb paligjsh\u00ebm ndaj personave qe ushtrojn\u00eb funksione publike\u201d dhe \u201cFalsifikimi dokumenteve\u201d n\u00eb bashk\u00ebpunim.<\/span><\/p>\n<p><span style=\"color: #000000;\">\u00c7ili akuzohet se gjat\u00eb hetimeve t\u00eb prokuroris\u00eb p\u00ebr operacionin, ka komunikuar me babain e nj\u00eb t\u00eb burgosuri Arbion Alikos, Adil Aliko, ku i premtonte se do t\u00eb negocionte me nj\u00eb gjyqtar p\u00ebr lirimin e t\u00eb birit. Arbion Aliko, \u00ebsht\u00eb i d\u00ebnuar me burg p\u00ebrjet\u00eb p\u00ebr vrasjen e efektivit t\u00eb RENEA-s, Ibrahim Basha, nd\u00ebrkoh\u00eb q\u00eb v\u00ebllai i tij \u00ebsht\u00eb d\u00ebnuar me 20 vite.<\/span><\/p>\n<p><span style=\"color: #000000;\"><strong>REAGIMI I PLOT\u00cb<\/strong><\/span><\/p>\n<p><span style=\"color: #000000;\">Reagim i unifikuar i Profesoratit t\u00eb Universitetit Europian t\u00eb Tiran\u00ebs:<\/span><\/p>\n<p><span style=\"color: #000000;\">N\u00eb interes t\u00eb informimit t\u00eb drejt\u00eb publik, Senati Akademik i Universitetit Europian t\u00eb Tiran\u00ebs sqaron se ndalimi i z. Henri \u00c7ili nuk ka asnj\u00eb lidhje me veprimtarin\u00eb e UET dhe European Education Initiative shpk, q\u00eb ka n\u00eb pron\u00ebsi k\u00ebt\u00eb universitet.<\/span><\/p>\n<p><span style=\"color: #000000;\">Si nj\u00eb institucion me p\u00ebrvoj\u00eb 15 vje\u00e7are n\u00eb arsimin e lart\u00eb n\u00eb Shqip\u00ebri, UET g\u00ebzon reputacion t\u00eb lart\u00eb dhe vler\u00ebsim maksimal sa u p\u00ebrket standarteve t\u00eb cil\u00ebsis\u00eb, t\u00eb njohura nga institucionet komb\u00ebtare dhe nd\u00ebrkomb\u00ebtare, prej t\u00eb cilave \u00ebsht\u00eb licensuar dhe akredituar, ligj\u00ebrisht.<\/span><\/p>\n<p><span style=\"color: #000000;\">Performanca ekselente i ka dh\u00ebn\u00eb k\u00ebtij Universiteti statusin e nj\u00eb aktori publik me r\u00ebnd\u00ebsi komb\u00ebtare dhe m\u00eb gjer\u00eb, ndaj ne si an\u00ebtar\u00eb t\u00eb Senatit Akademik reagojm\u00eb me indinjat\u00eb ndaj pasakt\u00ebsive, spekulimeve ose dashakeq\u00ebsive n\u00eb raportimin e ngjarjes s\u00eb sotme, duke sqaruar se thirrja e z. Cili n\u00eb organet e drejt\u00ebsis\u00eb lidhet me dh\u00ebnien sqarime mbi Legal Studio shpk, i cili \u00ebsht\u00eb nj\u00eb entitet krejt\u00ebsisht i pavarur nga Universiteti Europian i Tiran\u00ebs.<\/span><\/p>\n<p><span style=\"color: #000000;\">UET \u00ebsht\u00eb universiteti m\u00eb i madh privat n\u00eb vend, me numrin m\u00eb t\u00eb lart\u00eb t\u00eb student\u00ebve t\u00eb regjistruar n\u00eb ciklin e par\u00eb, Bachelor, p\u00ebr vitin akademik 2019-2020 dhe renditet i gjashti p\u00ebr numrin e student\u00ebve, nd\u00ebr t\u00eb gjitha universitetet publike dhe private, n\u00eb rang komb\u00ebtar.<\/span><\/p>\n<p><span style=\"color: #000000;\">UET dhe shoq\u00ebria q\u00eb e ka n\u00eb pron\u00ebsi, respektojn\u00eb t\u00eb gjitha standardet e mir\u00ebadministrimit, sipas legjislacionit n\u00eb fuqi n\u00eb t\u00eb gjitha aspektet dhe kan\u00eb marr\u00ebdh\u00ebnie shum\u00eb korrekte me t\u00eb tret\u00ebt. Ky institucion u \u00ebsht\u00eb n\u00ebnshtruar standardeve m\u00eb t\u00eb larta nd\u00ebrkomb\u00ebtare n\u00eb auditim financiar.<\/span><\/p>\n<p><span style=\"color: #000000;\">Senati Akademik i UET garanton opinionin publik se i gjith\u00eb stafi akademik i Universitetit, mbi 100 pedagog\u00eb t\u00eb brendsh\u00ebm, profesor\u00eb dhe an\u00ebtar\u00eb t\u00eb Akademis\u00eb s\u00eb Shkencave mbeten t\u00eb p\u00ebrkushtuar p\u00ebr t\u00eb vijuar misionin e k\u00ebtij institucioni t\u00eb arsimit t\u00eb lart\u00eb, n\u00eb raport me student\u00ebt dhe shoq\u00ebrin\u00eb.<\/span><\/p>\n<p><span style=\"color: #000000;\"><a style=\"color: #000000;\" href=\"https:\/\/hashtag.al\/wp-content\/uploads\/2020\/02\/WhatsApp-Image-2020-02-28-at-2.18.11-PM-1-263x350.jpeg\"><img loading=\"lazy\" decoding=\"async\" class=\"aligncenter size-full wp-image-356839\" src=\"https:\/\/hashtag.al\/wp-content\/uploads\/2020\/02\/WhatsApp-Image-2020-02-28-at-2.18.11-PM-1-263x350.jpeg\" alt=\"\" width=\"263\" height=\"350\" srcset=\"https:\/\/www.hashtag.al\/wp-content\/uploads\/2020\/02\/WhatsApp-Image-2020-02-28-at-2.18.11-PM-1-263x350.jpeg 263w, https:\/\/www.hashtag.al\/wp-content\/uploads\/2020\/02\/WhatsApp-Image-2020-02-28-at-2.18.11-PM-1-263x350-225x300.jpeg 225w\" sizes=\"auto, (max-width: 263px) 100vw, 263px\" \/><\/a><\/span><\/p>\n<p>&nbsp;<\/p>\n","protected":false,"gt_translate_keys":[{"key":"rendered","format":"html"}]},"excerpt":{"rendered":"<p>Pas arrestimit t\u00eb botuesit Henri \u00c7ili, ka reaguar profesorati i Universitetit Europian t\u00eb Tiran\u00ebs. Pas nj\u00eb mbledhjeje t\u00eb zhvilluar dit\u00ebn e sotme, rektorati sqaron se ndalimi \u00c7ilit nuk ka asnj\u00eb lidhje me veprimtarin\u00eb e UET-it. \u201cN\u00eb interes t\u00eb informimit t\u00eb drejt\u00eb publik, Senati Akademik i Universitetit Europian t\u00eb Tiran\u00ebs sqaron se ndalimi i z. Henri [&hellip;]<\/p>\n","protected":false,"gt_translate_keys":[{"key":"rendered","format":"html"}]},"author":30,"featured_media":356841,"comment_status":"open","ping_status":"open","sticky":false,"template":"","format":"standard","meta":{"footnotes":""},"categories":[65,13],"tags":[],"class_list":["post-356838","post","type-post","status-publish","format-standard","has-post-thumbnail","hentry","category-lajme","category-te-fundit"],"gt_translate_keys":[{"key":"link","format":"url"}],"_links":{"self":[{"href":"https:\/\/www.hashtag.al\/index.php\/wp-json\/wp\/v2\/posts\/356838","targetHints":{"allow":["GET"]}}],"collection":[{"href":"https:\/\/www.hashtag.al\/index.php\/wp-json\/wp\/v2\/posts"}],"about":[{"href":"https:\/\/www.hashtag.al\/index.php\/wp-json\/wp\/v2\/types\/post"}],"author":[{"embeddable":true,"href":"https:\/\/www.hashtag.al\/index.php\/wp-json\/wp\/v2\/users\/30"}],"replies":[{"embeddable":true,"href":"https:\/\/www.hashtag.al\/index.php\/wp-json\/wp\/v2\/comments?post=356838"}],"version-history":[{"count":0,"href":"https:\/\/www.hashtag.al\/index.php\/wp-json\/wp\/v2\/posts\/356838\/revisions"}],"wp:featuredmedia":[{"embeddable":true,"href":"https:\/\/www.hashtag.al\/index.php\/wp-json\/wp\/v2\/media\/356841"}],"wp:attachment":[{"href":"https:\/\/www.hashtag.al\/index.php\/wp-json\/wp\/v2\/media?parent=356838"}],"wp:term":[{"taxonomy":"category","embeddable":true,"href":"https:\/\/www.hashtag.al\/index.php\/wp-json\/wp\/v2\/categories?post=356838"},{"taxonomy":"post_tag","embeddable":true,"href":"https:\/\/www.hashtag.al\/index.php\/wp-json\/wp\/v2\/tags?post=356838"}],"curies":[{"name":"wp","href":"https:\/\/api.w.org\/{rel}","templated":true}]}}