{"id":356189,"date":"2020-02-25T19:49:08","date_gmt":"2020-02-25T18:49:08","guid":{"rendered":"https:\/\/hashtag.al\/?p=356189"},"modified":"2020-02-25T19:49:08","modified_gmt":"2020-02-25T18:49:08","slug":"kryetari-i-komunes-se-presheves-duam-bashkimin-me-kosoven-kemi-3-kushte","status":"publish","type":"post","link":"https:\/\/www.hashtag.al\/index.php\/2020\/02\/25\/kryetari-i-komunes-se-presheves-duam-bashkimin-me-kosoven-kemi-3-kushte\/","title":{"rendered":"Kryetari i Komun\u00ebs s\u00eb Preshev\u00ebs: Duam bashkimin me Kosov\u00ebn, kemi 3 kushte","gt_translate_keys":[{"key":"rendered","format":"text"}]},"content":{"rendered":"<p><img loading=\"lazy\" decoding=\"async\" class=\"aligncenter size-full wp-image-356190\" src=\"https:\/\/hashtag.al\/wp-content\/uploads\/2020\/02\/arifi-600x360.png\" alt=\"\" width=\"600\" height=\"360\" srcset=\"https:\/\/www.hashtag.al\/wp-content\/uploads\/2020\/02\/arifi-600x360.png 600w, https:\/\/www.hashtag.al\/wp-content\/uploads\/2020\/02\/arifi-600x360-300x180.png 300w\" sizes=\"auto, (max-width: 600px) 100vw, 600px\" \/><\/p>\n<p><span style=\"color: #000000;\">Kryetari i Komun\u00ebs s\u00eb Preshev\u00ebs, Shqiprim Arifi, n\u00eb nj\u00eb intervist\u00eb t\u00eb dh\u00ebn\u00eb p\u00ebr Z\u00ebrin e Amerik\u00ebs n\u00eb gjuh\u00ebn serbe, ka th\u00ebn\u00eb se Lugina e Preshev\u00ebs d\u00ebshiron q\u00eb t\u00eb bashkohet me Kosov\u00ebn, megjithat\u00eb ka p\u00ebrmendur 3 kushte p\u00ebr t\u2019u realizuar nj\u00eb bashkim i till\u00eb.<\/span><\/p>\n<p><span style=\"color: #000000;\">Arifi ka th\u00ebn\u00eb se n\u00eb rast vendoset p\u00ebr bashkim, at\u00ebher\u00eb duhet t\u2019i bashk\u00ebngjiten territorit t\u00eb Republik\u00ebs s\u00eb Kosov\u00ebs t\u00eb tri komunat e Lugin\u00ebs, Presheva, Medvegja dhe Bujanoci, pa u ndar\u00eb asnj\u00ebra.<\/span><\/p>\n<p><span style=\"color: #000000;\">\u201cQ\u00ebllimi jon\u00eb \u00ebsht\u00eb q\u00eb t\u00eb jemi pjes\u00eb e Kosov\u00ebs n\u00ebse p\u00ebrmbushen 3 kushte. E para, ne nuk duam q\u00eb t\u00eb na ndajn\u00eb. Lugina e Preshev\u00ebs p\u00ebrb\u00ebhet nga Komuna e Preshev\u00ebs, Medvegj\u00ebs dhe Bujanocit. Ne nuk duam q\u00eb nj\u00eb komun\u00eb t\u00eb mbetet n\u00eb Serbi dhe dy tjerat t\u00eb bashkohen. Ne nuk duam t\u00eb jemi pjes\u00eb e pazareve me territore. N\u00ebse bashkohemi, bashkohemi si t\u00ebr\u00ebsi, n\u00ebse mbesim, mbesim si t\u00ebr\u00ebsi\u201d, ka th\u00ebn\u00eb Arifi, raporton Gazeta Express.<\/span><\/p>\n<p><span style=\"color: #000000;\">Si kusht t\u00eb dyt\u00eb e ka p\u00ebrmendur q\u00eb ndarja t\u00eb mos b\u00ebhet af\u00ebr qyteteve.<\/span><\/p>\n<p><span style=\"color: #000000;\">Nd\u00ebrsa si kusht t\u00eb fundit, Shqiprim Arifi, p\u00ebrmend koordinimin me SHBA-n\u00eb dhe Evrop\u00ebn. Ai thot\u00eb q\u00eb nuk marrin kurrfar\u00eb vendimi pa\u00a0 pasur mb\u00ebshtetjen e Brukselit dhe Uashingtonit.<\/span><\/p>\n<p>&nbsp;<\/p>\n","protected":false,"gt_translate_keys":[{"key":"rendered","format":"html"}]},"excerpt":{"rendered":"<p>Kryetari i Komun\u00ebs s\u00eb Preshev\u00ebs, Shqiprim Arifi, n\u00eb nj\u00eb intervist\u00eb t\u00eb dh\u00ebn\u00eb p\u00ebr Z\u00ebrin e Amerik\u00ebs n\u00eb gjuh\u00ebn serbe, ka th\u00ebn\u00eb se Lugina e Preshev\u00ebs d\u00ebshiron q\u00eb t\u00eb bashkohet me Kosov\u00ebn, megjithat\u00eb ka p\u00ebrmendur 3 kushte p\u00ebr t\u2019u realizuar nj\u00eb bashkim i till\u00eb. Arifi ka th\u00ebn\u00eb se n\u00eb rast vendoset p\u00ebr bashkim, at\u00ebher\u00eb duhet t\u2019i [&hellip;]<\/p>\n","protected":false,"gt_translate_keys":[{"key":"rendered","format":"html"}]},"author":32,"featured_media":356190,"comment_status":"open","ping_status":"open","sticky":false,"template":"","format":"standard","meta":{"footnotes":""},"categories":[149,13],"tags":[],"class_list":["post-356189","post","type-post","status-publish","format-standard","has-post-thumbnail","hentry","category-kosoverajon","category-te-fundit"],"gt_translate_keys":[{"key":"link","format":"url"}],"_links":{"self":[{"href":"https:\/\/www.hashtag.al\/index.php\/wp-json\/wp\/v2\/posts\/356189","targetHints":{"allow":["GET"]}}],"collection":[{"href":"https:\/\/www.hashtag.al\/index.php\/wp-json\/wp\/v2\/posts"}],"about":[{"href":"https:\/\/www.hashtag.al\/index.php\/wp-json\/wp\/v2\/types\/post"}],"author":[{"embeddable":true,"href":"https:\/\/www.hashtag.al\/index.php\/wp-json\/wp\/v2\/users\/32"}],"replies":[{"embeddable":true,"href":"https:\/\/www.hashtag.al\/index.php\/wp-json\/wp\/v2\/comments?post=356189"}],"version-history":[{"count":0,"href":"https:\/\/www.hashtag.al\/index.php\/wp-json\/wp\/v2\/posts\/356189\/revisions"}],"wp:featuredmedia":[{"embeddable":true,"href":"https:\/\/www.hashtag.al\/index.php\/wp-json\/wp\/v2\/media\/356190"}],"wp:attachment":[{"href":"https:\/\/www.hashtag.al\/index.php\/wp-json\/wp\/v2\/media?parent=356189"}],"wp:term":[{"taxonomy":"category","embeddable":true,"href":"https:\/\/www.hashtag.al\/index.php\/wp-json\/wp\/v2\/categories?post=356189"},{"taxonomy":"post_tag","embeddable":true,"href":"https:\/\/www.hashtag.al\/index.php\/wp-json\/wp\/v2\/tags?post=356189"}],"curies":[{"name":"wp","href":"https:\/\/api.w.org\/{rel}","templated":true}]}}