{"id":356136,"date":"2020-02-25T15:09:34","date_gmt":"2020-02-25T14:09:34","guid":{"rendered":"https:\/\/hashtag.al\/?p=356136"},"modified":"2020-02-25T15:09:34","modified_gmt":"2020-02-25T14:09:34","slug":"nisin-hetimet-ndaj-farmacive-qe-rriten-cmimet-e-maskave-e-dezinfektanteve","status":"publish","type":"post","link":"https:\/\/www.hashtag.al\/index.php\/2020\/02\/25\/nisin-hetimet-ndaj-farmacive-qe-rriten-cmimet-e-maskave-e-dezinfektanteve\/","title":{"rendered":"Nisin hetimet ndaj farmacive q\u00eb rrit\u00ebn \u00e7mimet e maskave e dezinfektant\u00ebve","gt_translate_keys":[{"key":"rendered","format":"text"}]},"content":{"rendered":"<p><img loading=\"lazy\" decoding=\"async\" class=\"aligncenter size-full wp-image-356137\" src=\"https:\/\/hashtag.al\/wp-content\/uploads\/2020\/02\/maskafarmaci.jpg\" alt=\"\" width=\"1024\" height=\"683\" srcset=\"https:\/\/www.hashtag.al\/wp-content\/uploads\/2020\/02\/maskafarmaci.jpg 1024w, https:\/\/www.hashtag.al\/wp-content\/uploads\/2020\/02\/maskafarmaci-300x200.jpg 300w, https:\/\/www.hashtag.al\/wp-content\/uploads\/2020\/02\/maskafarmaci-768x512.jpg 768w\" sizes=\"auto, (max-width: 1024px) 100vw, 1024px\" \/><\/p>\n<p><span style=\"color: #000000;\">Prokuroria e Tiran\u00ebs ka nisur hetimet ndaj farmacive q\u00eb rrit\u00ebn \u00e7mimet e maskave mbrojt\u00ebse e dezinfektant\u00ebve.<\/span><\/p>\n<p><span style=\"color: #000000;\">Sipas organit t\u00eb akuz\u00ebs, prokuror\u00ebt jan\u00eb duke mbledhur informacionet e nevojshme p\u00ebr dokumentimin e e t\u00eb gjitha rasteve t\u00eb rritjes abuzive t\u00eb \u00e7mimeve nga ana e farmacive. <\/span><\/p>\n<p><span style=\"color: #000000;\">Nj\u00ebkoh\u00ebsisht prokuroria paralajm\u00ebron qytetar\u00ebt q\u00eb t\u00eb mos japin informacione t\u00eb rreme lidhur me prodhimet e blera prej tyre si dhe i fton q\u00eb t\u00eb japin informacionet q\u00eb kan\u00eb p\u00ebr farmacit\u00eb n\u00eb fjal\u00eb.<\/span><\/p>\n<p><span style=\"color: #000000;\"><strong>Njoftimi i Prokuroris\u00eb<\/strong><\/span><\/p>\n<p><span style=\"color: #000000;\">Prokuroria Pran\u00eb Gjykat\u00ebs s\u00eb Shkall\u00ebs s\u00eb Par\u00eb, Tiran\u00eb, duke marr\u00eb shkas nga t\u00eb dh\u00ebnat e ndryshme t\u00eb b\u00ebra publike n\u00eb media si dhe nga administrimi i t\u00eb dh\u00ebnave operative n\u00eb lidhje me veprimet e disa farmacive n\u00eb drejtim t\u00eb rritjes s\u00eb \u00e7mimeve t\u00eb produkteve t\u00eb ndryshme ka regjistruar procedim penal p\u00ebr vepr\u00ebn penale t\u00eb \u201cManipulimi i tregut\u201d parashikuar nga neni 143\/a\/1 i Kodit Penal.<\/span><\/p>\n<p><span style=\"color: #000000;\">Aktualisht jemi n\u00eb faz\u00ebn e mbledhjes s\u00eb informacioneve t\u00eb nevojshme p\u00ebr evidentimin dhe dokumentimin e t\u00eb gjitha rasteve, n\u00eb t\u00eb cilat dyshohet se disa subjekte n\u00eb m\u00ebnyr\u00eb abuzive dhe t\u00eb paligjshme kan\u00eb rritur \u00e7mimet mbi produkte te ndryshme (maska mbrojt\u00ebse, produkte me p\u00ebrmbajtje dezinfektuese, etj), duke p\u00ebrfituar nga situata e krijuar p\u00ebr shkak t\u00eb interesimit, n\u00eb rang t\u00eb marrjes s\u00eb masave kund\u00ebr Coronavirusit, n\u00eb d\u00ebm t\u00eb interesave t\u00eb ligjshme, dhe n\u00eb shkelje t\u00eb normave ligjore.<\/span><\/p>\n<p><span style=\"color: #000000;\">Duke treguar impenjimin maksimal t\u00eb prokuroris\u00eb, n\u00eb trajtimin e rasteve t\u00eb tilla, sjellim n\u00eb v\u00ebmendjen e qytetar\u00ebve se \u00e7do paraqitje jo e sakt\u00eb, me dashje, e vler\u00ebs s\u00eb nj\u00eb malli, sh\u00ebrbimi apo paraje, me q\u00ebllim \u00e7rregullimin e funksionimit t\u00eb lir\u00eb dhe drejt\u00eb t\u00eb tregut, \u00ebsht\u00eb penalisht e d\u00ebnueshme.<\/span><\/p>\n<p><span style=\"color: #000000;\">Vijojm\u00eb t\u00eb ndjekim me interes t\u00eb shtuar, \u00e7do t\u00eb dh\u00ebn\u00eb n\u00eb raport me rastin konkret, duke k\u00ebrkuar mir\u00ebkuptimin dhe besimin e qytetar\u00ebve. Nga ana tjet\u00ebr, mir\u00ebpresim \u00e7do qytetar p\u00ebr informacionet q\u00eb mundet t\u00eb disponojn\u00eb.<\/span><\/p>\n","protected":false,"gt_translate_keys":[{"key":"rendered","format":"html"}]},"excerpt":{"rendered":"<p>Prokuroria e Tiran\u00ebs ka nisur hetimet ndaj farmacive q\u00eb rrit\u00ebn \u00e7mimet e maskave mbrojt\u00ebse e dezinfektant\u00ebve. Sipas organit t\u00eb akuz\u00ebs, prokuror\u00ebt jan\u00eb duke mbledhur informacionet e nevojshme p\u00ebr dokumentimin e e t\u00eb gjitha rasteve t\u00eb rritjes abuzive t\u00eb \u00e7mimeve nga ana e farmacive. Nj\u00ebkoh\u00ebsisht prokuroria paralajm\u00ebron qytetar\u00ebt q\u00eb t\u00eb mos japin informacione t\u00eb rreme lidhur [&hellip;]<\/p>\n","protected":false,"gt_translate_keys":[{"key":"rendered","format":"html"}]},"author":51,"featured_media":356137,"comment_status":"open","ping_status":"open","sticky":false,"template":"","format":"standard","meta":{"footnotes":""},"categories":[65,13],"tags":[],"class_list":["post-356136","post","type-post","status-publish","format-standard","has-post-thumbnail","hentry","category-lajme","category-te-fundit"],"gt_translate_keys":[{"key":"link","format":"url"}],"_links":{"self":[{"href":"https:\/\/www.hashtag.al\/index.php\/wp-json\/wp\/v2\/posts\/356136","targetHints":{"allow":["GET"]}}],"collection":[{"href":"https:\/\/www.hashtag.al\/index.php\/wp-json\/wp\/v2\/posts"}],"about":[{"href":"https:\/\/www.hashtag.al\/index.php\/wp-json\/wp\/v2\/types\/post"}],"author":[{"embeddable":true,"href":"https:\/\/www.hashtag.al\/index.php\/wp-json\/wp\/v2\/users\/51"}],"replies":[{"embeddable":true,"href":"https:\/\/www.hashtag.al\/index.php\/wp-json\/wp\/v2\/comments?post=356136"}],"version-history":[{"count":0,"href":"https:\/\/www.hashtag.al\/index.php\/wp-json\/wp\/v2\/posts\/356136\/revisions"}],"wp:featuredmedia":[{"embeddable":true,"href":"https:\/\/www.hashtag.al\/index.php\/wp-json\/wp\/v2\/media\/356137"}],"wp:attachment":[{"href":"https:\/\/www.hashtag.al\/index.php\/wp-json\/wp\/v2\/media?parent=356136"}],"wp:term":[{"taxonomy":"category","embeddable":true,"href":"https:\/\/www.hashtag.al\/index.php\/wp-json\/wp\/v2\/categories?post=356136"},{"taxonomy":"post_tag","embeddable":true,"href":"https:\/\/www.hashtag.al\/index.php\/wp-json\/wp\/v2\/tags?post=356136"}],"curies":[{"name":"wp","href":"https:\/\/api.w.org\/{rel}","templated":true}]}}