{"id":356070,"date":"2020-02-25T11:35:45","date_gmt":"2020-02-25T10:35:45","guid":{"rendered":"https:\/\/hashtag.al\/?p=356070"},"modified":"2020-02-25T11:39:52","modified_gmt":"2020-02-25T10:39:52","slug":"ishp-ne-cilat-raste-mund-te-perdorim-maskat-e-fytyres","status":"publish","type":"post","link":"https:\/\/www.hashtag.al\/index.php\/2020\/02\/25\/ishp-ne-cilat-raste-mund-te-perdorim-maskat-e-fytyres\/","title":{"rendered":"ISHP: N\u00eb cilat raste mund t\u00eb p\u00ebrdorim maskat e fytyr\u00ebs","gt_translate_keys":[{"key":"rendered","format":"text"}]},"content":{"rendered":"<p><a href=\"https:\/\/hashtag.al\/wp-content\/uploads\/2020\/02\/Tomini.jpg\"><img loading=\"lazy\" decoding=\"async\" class=\"aligncenter size-full wp-image-356071\" src=\"https:\/\/hashtag.al\/wp-content\/uploads\/2020\/02\/Tomini.jpg\" alt=\"\" width=\"780\" height=\"440\" srcset=\"https:\/\/www.hashtag.al\/wp-content\/uploads\/2020\/02\/Tomini.jpg 780w, https:\/\/www.hashtag.al\/wp-content\/uploads\/2020\/02\/Tomini-300x169.jpg 300w, https:\/\/www.hashtag.al\/wp-content\/uploads\/2020\/02\/Tomini-768x433.jpg 768w\" sizes=\"auto, (max-width: 780px) 100vw, 780px\" \/><\/a><\/p>\n<p><span style=\"color: #000000;\">N\u00eb Shqip\u00ebri nuk ka ende asnj\u00eb person t\u00eb infektuar me virusin kinez. K\u00ebshtu tha specialistja e s\u00ebmundjeve infektive n\u00eb ISHP, Eugena Tomini, n\u00eb nj\u00eb dalje p\u00ebr mediat pas mbledhjes s\u00eb Task Forc\u00ebs p\u00ebr masat q\u00eb jan\u00eb marr\u00eb.<\/span><\/p>\n<p><span style=\"color: #000000;\">Tomini tha se n\u00eb 24 or\u00ebt e fundit jan\u00eb kontrolluar n\u00eb hyrje t\u00eb pikave kufitare 4700 udh\u00ebtar\u00eb q\u00eb vinin nga vendet e prekura, por asnj\u00ebri prej tyre nuk ka rezultuar i infektuar.<\/span><\/p>\n<p><span style=\"color: #000000;\"><em>&#8220;Deri tani nuk ka asnj\u00eb rast t\u00eb konfirmuar. Tet\u00eb raste kan\u00eb rezultuar negativ pas analizave. Nga survejanca n\u00eb t\u00eb gjitha pikat kufitare jan\u00eb vler\u00ebsuar n\u00eb 24 or\u00ebt e fundit 4700 udh\u00ebtar\u00eb me historik udh\u00ebtimi nga vendet e prekura, por asnj\u00ebri nga ka rezultuar i infektuar. Ata q\u00eb kan\u00eb shfaqur temperatura, koll\u00eb dhe rrug\u00eb t\u00eb njoftojn\u00eb n\u00eb numrin 127 p\u00ebr t\u00eb marr\u00eb udh\u00ebzimet e duhura. \u00c7do udh\u00ebtim, linj\u00eb nga Italia monitorohet n\u00eb baz\u00eb t\u00eb gjitha masave. Theksoj se udh\u00ebtar\u00ebt q\u00eb jan\u00eb vler\u00ebsuar kan\u00eb marr\u00eb rekomandimin e duhur p\u00ebr vet\u00ebkarantinim. \u00a0Nuk raste t\u00eb dyshuara. 4300 raste jan\u00eb vler\u00ebsuar vet\u00ebm n\u00eb nivelin e aeroportit, pjesa tjet\u00ebr n\u00eb pikat kufitare tok\u00ebsore. P\u00ebr t\u00eb gjith\u00eb udh\u00ebtar\u00ebt q\u00eb vinin nga Lombardia kemi k\u00ebshilluar vet\u00ebkarantinim, jo p\u00ebr t\u00eb gjith\u00eb ata q\u00eb vinin nga e gjith\u00eb Italia. Sistemi sh\u00ebndet\u00ebsor ka kapacitete t\u00eb plota p\u00ebr t\u00eb p\u00ebrballuar situat\u00ebn q\u00eb mund t\u00eb shfaqet. Kemi dyfishim t\u00eb respirator\u00ebve p\u00ebrballon t\u00eb gjitha kapacitetet e nevojshme<\/em><\/span><span style=\"color: #000000;\"><em>&#8220;<\/em>.- tha Tomini.<\/span><\/p>\n<p><span style=\"color: #000000;\">Specialistja e s\u00ebmundjeve infektive n\u00eb Institutin e Sh\u00ebndetit Publik p\u00ebrmendi dhe rastet se kur duhet p\u00ebrdorur maska p\u00ebt fytyr\u00ebn.<\/span><\/p>\n<p><span style=\"color: #000000;\"><em>\u00a0&#8220;Qytetar\u00ebt t\u00eb shtojn\u00eb masat; larje t\u00eb duarve, p\u00ebrdorim i letr\u00ebs sa her\u00eb t\u00ebshtim\u00eb, t\u00eb minimizojm\u00eb prekjen me dor\u00eb t\u00eb hund\u00ebs dhe syve, etj. P\u00ebrdorimi i maskave duhet t\u00eb b\u00ebhet vet\u00ebm kur jeni t\u00eb s\u00ebmur\u00eb apo keni kontakte m\u00eb t\u00eb s\u00ebmur\u00eb. Nuk rekomandohet kur nuk jeni t\u00eb s\u00ebmur\u00eb apo nuk keni rekomandim mjek\u00ebsore. Tregu farmaceutik operon n\u00eb m\u00ebnyr\u00eb private, por jemi duke monitoruar rastin edhe p\u00ebr \u00e7mimet dhe pajisjen me mjetet e duhura&#8221;<\/em>&#8211; tha Tomini.<\/span><\/p>\n<p><span style=\"color: #000000;\">Ajo komentoi edhe rritjen e \u00e7mimeve t\u00eb maskave p\u00ebr fytyr\u00ebn n\u00ebp\u00ebr farmacit\u00eb n\u00eb vend, pas rritjes s\u00eb k\u00ebrkes\u00ebs p\u00ebr to si dhe p\u00ebr masat e tjera q\u00eb jan\u00eb marr\u00eb p\u00ebr parandalimin e koronavirusit.<\/span><\/p>\n<p><span style=\"color: #000000;\"><em>&#8220;Tregu farmaceutik operon n\u00eb m\u00ebnyr\u00eb private, ne po e monitorojm\u00eb situat\u00ebn n\u00eb fjal\u00eb t\u00eb shitje s\u00eb maskave. Kemi eksperienc\u00ebn mjaft t\u00eb mir\u00eb t\u00eb rasteve q\u00eb kan\u00eb ardhur nga Kina. Ne i kemi vler\u00ebsuar k\u00ebto raste si\u00e7 \u00ebsht\u00eb vet\u00ebkarantinimi. \u00c7do linj\u00eb e ardhur nga Italia monitorohet dhe vler\u00ebsohet n\u00eb baz\u00eb t\u00eb masave t\u00eb rekomanduara nga OBSH. Udh\u00ebtar\u00ebt kan\u00eb marr\u00eb udh\u00ebzimin e duhur p\u00ebr vet\u00ebkarantinim.\u00a0<\/em><\/span><\/p>\n<p><span style=\"color: #000000;\"><em>N\u00eb t\u00eb gjith\u00eb sistemin shkollor jan\u00eb marr\u00eb masat e duhura p\u00ebr t\u00eb shtuar masat hijeno-sanitare. \u00cbsht\u00eb p\u00ebrgjegj\u00ebsi e \u00e7do institucioni arsimor p\u00ebr t\u00eb monitoruar situat\u00ebn hijeno-sanitare. \u00a0\u00cbsht\u00eb nj\u00eb infeksion respirator q\u00eb transmetohet n\u00ebp\u00ebrmjet sp\u00ebrklave. Edhe kjo viroz\u00eb n\u00eb vazhdim\u00ebsi do t\u00eb ket\u00eb nj\u00eb tendenc\u00eb ulje. Realisht ka disa kritere p\u00ebr t\u00eb vendosur n\u00ebse ky pacient duhet t\u00eb testohet apo jo.&#8221;- <\/em>tha Tomini.<\/span><\/p>\n","protected":false,"gt_translate_keys":[{"key":"rendered","format":"html"}]},"excerpt":{"rendered":"<p>N\u00eb Shqip\u00ebri nuk ka ende asnj\u00eb person t\u00eb infektuar me virusin kinez. K\u00ebshtu tha specialistja e s\u00ebmundjeve infektive n\u00eb ISHP, Eugena Tomini, n\u00eb nj\u00eb dalje p\u00ebr mediat pas mbledhjes s\u00eb Task Forc\u00ebs p\u00ebr masat q\u00eb jan\u00eb marr\u00eb. Tomini tha se n\u00eb 24 or\u00ebt e fundit jan\u00eb kontrolluar n\u00eb hyrje t\u00eb pikave kufitare 4700 udh\u00ebtar\u00eb q\u00eb [&hellip;]<\/p>\n","protected":false,"gt_translate_keys":[{"key":"rendered","format":"html"}]},"author":30,"featured_media":356072,"comment_status":"open","ping_status":"open","sticky":false,"template":"","format":"standard","meta":{"footnotes":""},"categories":[13],"tags":[],"class_list":["post-356070","post","type-post","status-publish","format-standard","has-post-thumbnail","hentry","category-te-fundit"],"gt_translate_keys":[{"key":"link","format":"url"}],"_links":{"self":[{"href":"https:\/\/www.hashtag.al\/index.php\/wp-json\/wp\/v2\/posts\/356070","targetHints":{"allow":["GET"]}}],"collection":[{"href":"https:\/\/www.hashtag.al\/index.php\/wp-json\/wp\/v2\/posts"}],"about":[{"href":"https:\/\/www.hashtag.al\/index.php\/wp-json\/wp\/v2\/types\/post"}],"author":[{"embeddable":true,"href":"https:\/\/www.hashtag.al\/index.php\/wp-json\/wp\/v2\/users\/30"}],"replies":[{"embeddable":true,"href":"https:\/\/www.hashtag.al\/index.php\/wp-json\/wp\/v2\/comments?post=356070"}],"version-history":[{"count":0,"href":"https:\/\/www.hashtag.al\/index.php\/wp-json\/wp\/v2\/posts\/356070\/revisions"}],"wp:featuredmedia":[{"embeddable":true,"href":"https:\/\/www.hashtag.al\/index.php\/wp-json\/wp\/v2\/media\/356072"}],"wp:attachment":[{"href":"https:\/\/www.hashtag.al\/index.php\/wp-json\/wp\/v2\/media?parent=356070"}],"wp:term":[{"taxonomy":"category","embeddable":true,"href":"https:\/\/www.hashtag.al\/index.php\/wp-json\/wp\/v2\/categories?post=356070"},{"taxonomy":"post_tag","embeddable":true,"href":"https:\/\/www.hashtag.al\/index.php\/wp-json\/wp\/v2\/tags?post=356070"}],"curies":[{"name":"wp","href":"https:\/\/api.w.org\/{rel}","templated":true}]}}