{"id":355683,"date":"2020-02-23T16:59:02","date_gmt":"2020-02-23T15:59:02","guid":{"rendered":"https:\/\/hashtag.al\/?p=355683"},"modified":"2020-02-23T16:59:02","modified_gmt":"2020-02-23T15:59:02","slug":"kundershtuan-policine-arrestohen-dy-te-rinjte","status":"publish","type":"post","link":"https:\/\/www.hashtag.al\/index.php\/2020\/02\/23\/kundershtuan-policine-arrestohen-dy-te-rinjte\/","title":{"rendered":"Kund\u00ebrshtuan policin\u00eb, arrestohen dy t\u00eb rinjt\u00eb","gt_translate_keys":[{"key":"rendered","format":"text"}]},"content":{"rendered":"<p><img loading=\"lazy\" decoding=\"async\" class=\"aligncenter size-full wp-image-320929\" src=\"https:\/\/hashtag.al\/wp-content\/uploads\/2019\/09\/lezhepolicia.jpg\" alt=\"\" width=\"780\" height=\"440\" srcset=\"https:\/\/www.hashtag.al\/wp-content\/uploads\/2019\/09\/lezhepolicia.jpg 780w, https:\/\/www.hashtag.al\/wp-content\/uploads\/2019\/09\/lezhepolicia-300x169.jpg 300w, https:\/\/www.hashtag.al\/wp-content\/uploads\/2019\/09\/lezhepolicia-768x433.jpg 768w\" sizes=\"auto, (max-width: 780px) 100vw, 780px\" \/><\/p>\n<p><span style=\"color: #000000;\">Dy persona jan\u00eb arrestuar n\u00eb Tiran\u00eb pasi kryenin veprime t\u00eb pakontrolluara n\u00eb ish-Bllok.<\/span><\/p>\n<p><span style=\"color: #000000;\">Dy t\u00eb rinjt\u00eb me iniciale K.Rr 28 vje\u00e7, dhe R.P 30-vje\u00e7, kund\u00ebrshtuan patrull\u00ebn e policis\u00eb p\u00ebr t\u00eb mos kontrolluar makin\u00ebn.<\/span><\/p>\n<p><strong><span style=\"color: #000000;\">Njoftimi i Policis\u00eb:\u00a0<\/span><\/strong><\/p>\n<p><span style=\"color: #000000;\">Kryenin veprime t\u00eb pakontrolluara n\u00eb zon\u00ebn e ish Bllokut n\u00eb or\u00ebt e para t\u00eb m\u00ebngjesit, kund\u00ebrshtuan dhe fyen punonj\u00ebsit e policis\u00eb t\u00eb Patrull\u00ebs s\u00eb P\u00ebrgjithshme t\u00eb Komisariatit nr 2 duke mos ju bindur urdhrit p\u00ebr kontrollin e mjetit, por me nd\u00ebrhyrjen e forcave \u201cShqiponjat\u201d, vihen n\u00eb pranga .<\/span><\/p>\n<p><span style=\"color: #000000;\">Nga Specialist\u00ebt p\u00ebr Hetimin e Krimit t\u00eb Komisariatit Nr.2 u b\u00eb arrestimi n\u00eb flagranc\u00eb i shtetasve\u00a0K.RR., 28 vje\u00e7 dhe R.P., 30 vje\u00e7, banues n\u00eb Tiran\u00eb.<\/span><\/p>\n<p><span style=\"color: #000000;\">K\u00ebta shtetas rreth or\u00ebs 02:20 t\u00eb m\u00ebngjesit t\u00eb sot\u00ebm kan\u00eb kund\u00ebrshtuar me veprime fizike, fyer e k\u00ebrc\u00ebnuar punonj\u00ebsit e Patrull\u00ebs s\u00eb p\u00ebrgjithshme t\u00eb Komisariatit nr 2 duke i penguar ata p\u00ebr t\u00eb mos kontrolluar mjetin n\u00eb t\u00eb cilin qarkullonin, pasi kishin bllokuar rrug\u00ebn dhe po b\u00ebnin veprime t\u00eb pakontrolluara ne zon\u00ebn e ish Bllokut .<\/span><\/p>\n<p><span style=\"color: #000000;\">Materialet i kalojn\u00eb p\u00ebr veprime t\u00eb m\u00ebtejshme Prokuroris\u00eb s\u00eb Rrethit Gjyq\u00ebsor Tirane, p\u00ebr vepr\u00ebn penale \u201cKund\u00ebrshtim i punonj\u00ebsit t\u00eb policis\u00eb s\u00eb rendit publik, kryer n\u00eb bashk\u00ebpunim\u201d.<\/span><\/p>\n","protected":false,"gt_translate_keys":[{"key":"rendered","format":"html"}]},"excerpt":{"rendered":"<p>Dy persona jan\u00eb arrestuar n\u00eb Tiran\u00eb pasi kryenin veprime t\u00eb pakontrolluara n\u00eb ish-Bllok. Dy t\u00eb rinjt\u00eb me iniciale K.Rr 28 vje\u00e7, dhe R.P 30-vje\u00e7, kund\u00ebrshtuan patrull\u00ebn e policis\u00eb p\u00ebr t\u00eb mos kontrolluar makin\u00ebn. Njoftimi i Policis\u00eb:\u00a0 Kryenin veprime t\u00eb pakontrolluara n\u00eb zon\u00ebn e ish Bllokut n\u00eb or\u00ebt e para t\u00eb m\u00ebngjesit, kund\u00ebrshtuan dhe fyen punonj\u00ebsit [&hellip;]<\/p>\n","protected":false,"gt_translate_keys":[{"key":"rendered","format":"html"}]},"author":32,"featured_media":320929,"comment_status":"open","ping_status":"open","sticky":false,"template":"","format":"standard","meta":{"footnotes":""},"categories":[65,13],"tags":[],"class_list":["post-355683","post","type-post","status-publish","format-standard","has-post-thumbnail","hentry","category-lajme","category-te-fundit"],"gt_translate_keys":[{"key":"link","format":"url"}],"_links":{"self":[{"href":"https:\/\/www.hashtag.al\/index.php\/wp-json\/wp\/v2\/posts\/355683","targetHints":{"allow":["GET"]}}],"collection":[{"href":"https:\/\/www.hashtag.al\/index.php\/wp-json\/wp\/v2\/posts"}],"about":[{"href":"https:\/\/www.hashtag.al\/index.php\/wp-json\/wp\/v2\/types\/post"}],"author":[{"embeddable":true,"href":"https:\/\/www.hashtag.al\/index.php\/wp-json\/wp\/v2\/users\/32"}],"replies":[{"embeddable":true,"href":"https:\/\/www.hashtag.al\/index.php\/wp-json\/wp\/v2\/comments?post=355683"}],"version-history":[{"count":0,"href":"https:\/\/www.hashtag.al\/index.php\/wp-json\/wp\/v2\/posts\/355683\/revisions"}],"wp:featuredmedia":[{"embeddable":true,"href":"https:\/\/www.hashtag.al\/index.php\/wp-json\/wp\/v2\/media\/320929"}],"wp:attachment":[{"href":"https:\/\/www.hashtag.al\/index.php\/wp-json\/wp\/v2\/media?parent=355683"}],"wp:term":[{"taxonomy":"category","embeddable":true,"href":"https:\/\/www.hashtag.al\/index.php\/wp-json\/wp\/v2\/categories?post=355683"},{"taxonomy":"post_tag","embeddable":true,"href":"https:\/\/www.hashtag.al\/index.php\/wp-json\/wp\/v2\/tags?post=355683"}],"curies":[{"name":"wp","href":"https:\/\/api.w.org\/{rel}","templated":true}]}}