{"id":355681,"date":"2020-02-23T16:33:46","date_gmt":"2020-02-23T15:33:46","guid":{"rendered":"https:\/\/hashtag.al\/?p=355681"},"modified":"2020-02-23T16:33:46","modified_gmt":"2020-02-23T15:33:46","slug":"basha-mbeshtes-thirrjen-e-presidentit-per-mbrojtjen-e-kushtetutes","status":"publish","type":"post","link":"https:\/\/www.hashtag.al\/index.php\/2020\/02\/23\/basha-mbeshtes-thirrjen-e-presidentit-per-mbrojtjen-e-kushtetutes\/","title":{"rendered":"Basha: Mb\u00ebshtes thirrjen e Presidentit p\u00ebr mbrojtjen e Kushtetut\u00ebs","gt_translate_keys":[{"key":"rendered","format":"text"}]},"content":{"rendered":"<p><img loading=\"lazy\" decoding=\"async\" class=\"aligncenter size-full wp-image-355160\" src=\"https:\/\/hashtag.al\/wp-content\/uploads\/2020\/02\/basha-5.jpg\" alt=\"\" width=\"667\" height=\"450\" srcset=\"https:\/\/www.hashtag.al\/wp-content\/uploads\/2020\/02\/basha-5.jpg 667w, https:\/\/www.hashtag.al\/wp-content\/uploads\/2020\/02\/basha-5-300x202.jpg 300w\" sizes=\"auto, (max-width: 667px) 100vw, 667px\" \/><\/p>\n<p><span style=\"color: #000000;\">Kreu i Partis\u00eb Demokratike Lulzim Basha, ka mb\u00ebshtetur tubimin e thirrur nga Presidenti Ilir Meta m\u00eb 2 mars p\u00ebr mbrojtjen e Kushtetut\u00ebs.<\/span><\/p>\n<p><span style=\"color: #000000;\">M\u00eb nj\u00eb postim n\u00eb rrjetet sociale, Basha shkruan se thirrja e presidentit nuk \u00ebsht\u00eb p\u00ebr nj\u00ebrin krah politik apo tjetrin por p\u00ebr t\u00eb gjith\u00eb shqiptar\u00ebt.<\/span><\/p>\n<p><span style=\"color: #000000;\">Basha m\u00eb tej thot\u00eb se nj\u00eb zgjidhje demokratike p\u00ebr kriz\u00ebn politike \u00ebsht\u00eb p\u00ebrfundimi n\u00eb koh\u00eb i reform\u00ebs zgjedhore dhe zhvillimi i zgjedhjeve t\u00eb lira dhe t\u00eb ndershme.<\/span><\/p>\n<p><span style=\"color: #000000;\"><strong>Postimi i plot\u00eb:<\/strong><\/span><\/p>\n<p><span style=\"color: #000000;\">Shqip\u00ebria gjendet n\u00eb nj\u00eb kriz\u00eb t\u00eb thell\u00eb kushtetuese, krahas kriz\u00ebs ekonomike q\u00eb t\u00eb gjith\u00eb shqiptar\u00ebt e p\u00ebrjetojn\u00eb p\u00ebrdit\u00eb. Si qytetar\u00eb, nuk mund t\u00eb mbyllim syt\u00eb kur shteti ligjor merret peng, kur institucionet shkat\u00ebrrohen, dhe demokracia \u00ebsht\u00eb n\u00eb rrezik.<\/span><\/p>\n<p><span style=\"color: #000000;\">Kapja e Gjykat\u00ebs Kushtetuese do t\u00eb thot\u00eb asgj\u00ebsim i t\u00eb drejtave dhe lirive t\u00eb \u00e7do qytetari. Ne nuk mund t\u00eb pranojm\u00eb q\u00eb Shqip\u00ebria t\u00eb kthehet 30 vite prapa.<\/span><\/p>\n<p><span style=\"color: #000000;\">Thirrja e Presidentit nuk \u00ebsht\u00eb p\u00ebr partit\u00eb politike, apo p\u00ebr t\u00eb djatht\u00ebt apo t\u00eb majt\u00ebt, por p\u00ebr qytetar\u00ebt shqiptar\u00eb q\u00eb t\u00eb mbrojn\u00eb themelin e demokracis\u00eb q\u00eb \u00ebsht\u00eb Kushtetuta.<\/span><\/p>\n<p><span style=\"color: #000000;\">Si qytetar\u00eb q\u00eb duam q\u00eb vendi t\u00eb b\u00ebj\u00eb hapa para drejt konsolidimit t\u00eb demokracis\u00eb, duhet t\u2019i p\u00ebrgjigjemi \u00e7do thirrje n\u00eb mbrojtje Kushtetut\u00ebs dhe funksionimin demokratik t\u00eb institucioneve t\u00eb pavarura. Prandaj un\u00eb e mb\u00ebshtes tubimin e thirrur nga Presidenti p\u00ebr Kushtetut\u00ebn!<\/span><\/p>\n<p><span style=\"color: #000000;\">Duhet ta kujtojm\u00eb gjithmon\u00eb se sovrani \u00ebsht\u00eb populli. Dhe ushtrimi m\u00eb i lart\u00eb i k\u00ebtij pushteti \u00ebsht\u00eb t\u00eb largojm\u00eb me zgjedhje t\u00eb lira e t\u00eb ndershme k\u00ebt\u00eb Qeveri t\u00eb d\u00ebshtuar.<\/span><\/p>\n<p><span style=\"color: #000000;\">Kudo ku shkoj dhe k\u00ebdo q\u00eb takoj, k\u00ebrkesa kryesore e qytetar\u00ebve \u00ebsht\u00eb t\u00eb ken\u00eb nj\u00eb Qeveri t\u00eb zgjedhur prej tyre dhe q\u00eb kujdeset p\u00ebr ta, q\u00eb i d\u00ebgjon dhe q\u00eb \u00ebsht\u00eb e ndershme me ta.<\/span><\/p>\n<p><span style=\"color: #000000;\">Un\u00eb dhe opozita kemi qen\u00eb dhe jemi fare t\u00eb qart\u00eb: Kushtetuta ka r\u00ebn\u00eb, asaj i ka mbetur vet\u00ebm kapaku! Prandaj na duhet nj\u00eb zgjidhje politike p\u00ebr ta futur Shqip\u00ebrin\u00eb n\u00eb rrug\u00ebn e duhur.<\/span><\/p>\n<p><span style=\"color: #000000;\">P\u00ebr t\u00eb zgjidhur kriz\u00ebn ku \u00ebsht\u00eb futur vendi, p\u00ebr tu kthyer qeverisjen shqiptar\u00ebve, p\u00ebr tu kthyer bashkit\u00eb shqiptar\u00ebve, p\u00ebr tu kthyer ekonomin\u00eb shqiptar\u00ebve, p\u00ebr t\u00eb garantuar drejt\u00ebsin\u00eb e pavarur nga politika, ka NJ\u00cb ZGJIDHJE DEMOKRATIKE: P\u00cbRFUNDIMI N\u00cb KOH\u00cb I REFORM\u00cbS ZGJEDHORE DHE MENJ\u00cbHER\u00cb MBAJTJA E ZGJEDHJEVE T\u00cb LIRA E T\u00cb NDERSHME!<\/span><\/p>\n<p><span style=\"color: #000000;\">Partia Demokratike dhe Opozita e Bashkuar po punon \u00e7do dit\u00eb p\u00ebr k\u00ebt\u00eb dhe me mb\u00ebshtetjen e qytetar\u00ebve ndryshimi do t\u00eb b\u00ebhet realitet.\u00a0<a style=\"color: #000000;\" href=\"https:\/\/www.facebook.com\/hashtag\/ditemetemira?source=feed_text&amp;epa=HASHTAG&amp;__xts__%5B0%5D=68.ARBo-zO-bHCLHZo_7QdweVqAdhbgPFU9FP65jBvYmABy3tbJOwIwhGEufXxcI6GX_U-8hQG3Q0eXLrRDpqQAbd0UjN7_yU4kLFoTOp3BErhCbHdph_mIgKgGLn7WxQwsIIT-SNh34CCvKVWvYhhMmidV36TX2e24wVxfjtpwJvZpxaeNL8gZrHsUME_KzKvgtChg2KDbJ0p8opIpSy9JH69FM6LCLuPVWAlkfpWp4-aIKFezPrRlFYVK7tmSDgp8waz0L8OETR1TZDYPdPPUb-IYVBjnidUnEDK2NasCMTnkgrBnqwsz06kk8epcqMxuIBPnaK3CMCRa3tJbNKFmTQ&amp;__tn__=%2ANK-R\">#DiteMeTeMira<\/a><\/span><\/p>\n<p>&nbsp;<\/p>\n","protected":false,"gt_translate_keys":[{"key":"rendered","format":"html"}]},"excerpt":{"rendered":"<p>Kreu i Partis\u00eb Demokratike Lulzim Basha, ka mb\u00ebshtetur tubimin e thirrur nga Presidenti Ilir Meta m\u00eb 2 mars p\u00ebr mbrojtjen e Kushtetut\u00ebs. M\u00eb nj\u00eb postim n\u00eb rrjetet sociale, Basha shkruan se thirrja e presidentit nuk \u00ebsht\u00eb p\u00ebr nj\u00ebrin krah politik apo tjetrin por p\u00ebr t\u00eb gjith\u00eb shqiptar\u00ebt. Basha m\u00eb tej thot\u00eb se nj\u00eb zgjidhje demokratike [&hellip;]<\/p>\n","protected":false,"gt_translate_keys":[{"key":"rendered","format":"html"}]},"author":32,"featured_media":355160,"comment_status":"open","ping_status":"open","sticky":false,"template":"","format":"standard","meta":{"footnotes":""},"categories":[65,13],"tags":[351,175,162,350],"class_list":["post-355681","post","type-post","status-publish","format-standard","has-post-thumbnail","hentry","category-lajme","category-te-fundit","tag-2-mars","tag-basha","tag-meta","tag-tubim"],"gt_translate_keys":[{"key":"link","format":"url"}],"_links":{"self":[{"href":"https:\/\/www.hashtag.al\/index.php\/wp-json\/wp\/v2\/posts\/355681","targetHints":{"allow":["GET"]}}],"collection":[{"href":"https:\/\/www.hashtag.al\/index.php\/wp-json\/wp\/v2\/posts"}],"about":[{"href":"https:\/\/www.hashtag.al\/index.php\/wp-json\/wp\/v2\/types\/post"}],"author":[{"embeddable":true,"href":"https:\/\/www.hashtag.al\/index.php\/wp-json\/wp\/v2\/users\/32"}],"replies":[{"embeddable":true,"href":"https:\/\/www.hashtag.al\/index.php\/wp-json\/wp\/v2\/comments?post=355681"}],"version-history":[{"count":0,"href":"https:\/\/www.hashtag.al\/index.php\/wp-json\/wp\/v2\/posts\/355681\/revisions"}],"wp:featuredmedia":[{"embeddable":true,"href":"https:\/\/www.hashtag.al\/index.php\/wp-json\/wp\/v2\/media\/355160"}],"wp:attachment":[{"href":"https:\/\/www.hashtag.al\/index.php\/wp-json\/wp\/v2\/media?parent=355681"}],"wp:term":[{"taxonomy":"category","embeddable":true,"href":"https:\/\/www.hashtag.al\/index.php\/wp-json\/wp\/v2\/categories?post=355681"},{"taxonomy":"post_tag","embeddable":true,"href":"https:\/\/www.hashtag.al\/index.php\/wp-json\/wp\/v2\/tags?post=355681"}],"curies":[{"name":"wp","href":"https:\/\/api.w.org\/{rel}","templated":true}]}}