{"id":355494,"date":"2020-02-22T17:03:38","date_gmt":"2020-02-22T16:03:38","guid":{"rendered":"https:\/\/hashtag.al\/?p=355494"},"modified":"2020-02-22T17:03:38","modified_gmt":"2020-02-22T16:03:38","slug":"diten-kur-shqiperise-iu-be-nje-deklarate-publike-dashurie-nga-be-ja-ata-u-marrosen-rama-i-pergjigjet-metes","status":"publish","type":"post","link":"https:\/\/www.hashtag.al\/index.php\/2020\/02\/22\/diten-kur-shqiperise-iu-be-nje-deklarate-publike-dashurie-nga-be-ja-ata-u-marrosen-rama-i-pergjigjet-metes\/","title":{"rendered":"&#8220;Dit\u00ebn kur Shqip\u00ebris\u00eb iu b\u00eb nj\u00eb deklarat\u00eb publike dashurie nga BE-ja&#8230;ata u marros\u00ebn&#8221; &#8211; Rama i p\u00ebrgjigjet Met\u00ebs","gt_translate_keys":[{"key":"rendered","format":"text"}]},"content":{"rendered":"<p><img loading=\"lazy\" decoding=\"async\" class=\"aligncenter size-full wp-image-355495\" src=\"https:\/\/hashtag.al\/wp-content\/uploads\/2020\/02\/ramametatwitter.jpg\" alt=\"\" width=\"1280\" height=\"720\" srcset=\"https:\/\/www.hashtag.al\/wp-content\/uploads\/2020\/02\/ramametatwitter.jpg 1280w, https:\/\/www.hashtag.al\/wp-content\/uploads\/2020\/02\/ramametatwitter-300x169.jpg 300w, https:\/\/www.hashtag.al\/wp-content\/uploads\/2020\/02\/ramametatwitter-768x432.jpg 768w, https:\/\/www.hashtag.al\/wp-content\/uploads\/2020\/02\/ramametatwitter-1024x576.jpg 1024w\" sizes=\"auto, (max-width: 1280px) 100vw, 1280px\" \/><\/p>\n<p><span style=\"color: #000000;\">Kryeministri Rama i \u00ebsht\u00eb p\u00ebrgjigjur presidentit Meta pas thirrjeve t\u00eb kreut t\u00eb shtetit p\u00ebr tubimin e 2 marsit. <\/span><\/p>\n<p><span style=\"color: #000000;\">N\u00eb dy postime t\u00eb nj\u00ebpasnj\u00ebshme n\u00eb Twitter, kreu i qeveri\u00eb shkruan se nuk duhet humbur koh\u00eb me ata q\u00eb \u00e7irren gjithnj\u00eb e m\u00eb fort kund\u00ebr qeveris\u00eb.<\/span><\/p>\n<p><span style=\"color: #000000;\"><em>\u2018Mos humbim koh\u00eb me ta,jan\u00eb t\u00eb d\u00ebnuar t\u00eb p\u00ebrp\u00ebliten n\u00eb zjarrin e urrejtjes s\u00eb tyre e t\u00eb \u00e7irren gjithnj\u00eb e m\u00eb fort kund\u00ebr nesh!Shqip\u00ebria i ka l\u00ebn\u00eb pas dhe k\u00ebrkon nga ne ta \u00e7ojm\u00eb p\u00ebrpara; duke e forcuar \u00e7do dit\u00eb, p\u00ebrmes reformave e pun\u00ebve q\u00eb s\u2019u b\u00ebn\u00eb kurr\u00eb n\u00eb koh\u00ebn e tyre t\u00eb shkuar.\u2019<\/em> &#8211; shkruan Rama.<\/span><\/p>\n<p><span style=\"color: #000000;\">N\u00eb postimin e dyt\u00eb kreu i qeveris\u00eb shkruan se teksa Shqip\u00ebria po forcohet, ata q\u00eb e penguan dhe e shfryt\u00ebzuan d\u00ebshp\u00ebrohen e l\u00ebshojn\u00eb gjuh\u00ebn jasht\u00eb kontrollit.<\/span><\/p>\n<p><span style=\"color: #000000;\"><em>\u2018Sa m\u00eb shum\u00eb Shqip\u00ebria forcon trupin e saj t\u00eb brisht\u00eb,aq m\u00eb shum\u00eb ata q\u00eb e penguan, shfryt\u00ebzuan, d\u00ebrrmuan p\u00ebr vite t\u00eb t\u00ebra, d\u00ebshp\u00ebrohen e l\u00ebshojn\u00eb gjuh\u00ebn jasht\u00eb kontrollit! Tamam kur Shqip\u00ebris\u00eb i\u2019u b\u00eb nj\u00eb deklarat\u00eb publike dashurie nga BE dhe bota mbar\u00eb n\u00eb 17 shkurt, ata u marros\u00ebn&#8230;\u2019<\/em> &#8211; shkruan Rama n\u00eb postimin e dyt\u00eb.<\/span><\/p>\n<p><img loading=\"lazy\" decoding=\"async\" class=\"aligncenter size-full wp-image-355496\" src=\"https:\/\/hashtag.al\/wp-content\/uploads\/2020\/02\/ramaedimeta.png\" alt=\"\" width=\"637\" height=\"569\" srcset=\"https:\/\/www.hashtag.al\/wp-content\/uploads\/2020\/02\/ramaedimeta.png 637w, https:\/\/www.hashtag.al\/wp-content\/uploads\/2020\/02\/ramaedimeta-300x268.png 300w\" sizes=\"auto, (max-width: 637px) 100vw, 637px\" \/><\/p>\n","protected":false,"gt_translate_keys":[{"key":"rendered","format":"html"}]},"excerpt":{"rendered":"<p>Kryeministri Rama i \u00ebsht\u00eb p\u00ebrgjigjur presidentit Meta pas thirrjeve t\u00eb kreut t\u00eb shtetit p\u00ebr tubimin e 2 marsit. N\u00eb dy postime t\u00eb nj\u00ebpasnj\u00ebshme n\u00eb Twitter, kreu i qeveri\u00eb shkruan se nuk duhet humbur koh\u00eb me ata q\u00eb \u00e7irren gjithnj\u00eb e m\u00eb fort kund\u00ebr qeveris\u00eb. \u2018Mos humbim koh\u00eb me ta,jan\u00eb t\u00eb d\u00ebnuar t\u00eb p\u00ebrp\u00ebliten n\u00eb zjarrin [&hellip;]<\/p>\n","protected":false,"gt_translate_keys":[{"key":"rendered","format":"html"}]},"author":51,"featured_media":355495,"comment_status":"open","ping_status":"open","sticky":false,"template":"","format":"standard","meta":{"footnotes":""},"categories":[1],"tags":[],"class_list":["post-355494","post","type-post","status-publish","format-standard","has-post-thumbnail","hentry","category-uncategorized"],"gt_translate_keys":[{"key":"link","format":"url"}],"_links":{"self":[{"href":"https:\/\/www.hashtag.al\/index.php\/wp-json\/wp\/v2\/posts\/355494","targetHints":{"allow":["GET"]}}],"collection":[{"href":"https:\/\/www.hashtag.al\/index.php\/wp-json\/wp\/v2\/posts"}],"about":[{"href":"https:\/\/www.hashtag.al\/index.php\/wp-json\/wp\/v2\/types\/post"}],"author":[{"embeddable":true,"href":"https:\/\/www.hashtag.al\/index.php\/wp-json\/wp\/v2\/users\/51"}],"replies":[{"embeddable":true,"href":"https:\/\/www.hashtag.al\/index.php\/wp-json\/wp\/v2\/comments?post=355494"}],"version-history":[{"count":0,"href":"https:\/\/www.hashtag.al\/index.php\/wp-json\/wp\/v2\/posts\/355494\/revisions"}],"wp:featuredmedia":[{"embeddable":true,"href":"https:\/\/www.hashtag.al\/index.php\/wp-json\/wp\/v2\/media\/355495"}],"wp:attachment":[{"href":"https:\/\/www.hashtag.al\/index.php\/wp-json\/wp\/v2\/media?parent=355494"}],"wp:term":[{"taxonomy":"category","embeddable":true,"href":"https:\/\/www.hashtag.al\/index.php\/wp-json\/wp\/v2\/categories?post=355494"},{"taxonomy":"post_tag","embeddable":true,"href":"https:\/\/www.hashtag.al\/index.php\/wp-json\/wp\/v2\/tags?post=355494"}],"curies":[{"name":"wp","href":"https:\/\/api.w.org\/{rel}","templated":true}]}}