{"id":355490,"date":"2020-02-22T16:39:40","date_gmt":"2020-02-22T15:39:40","guid":{"rendered":"https:\/\/hashtag.al\/?p=355490"},"modified":"2020-02-22T16:39:40","modified_gmt":"2020-02-22T15:39:40","slug":"serbia-vijon-armatosjen-merr-nga-rusia-sisteme-anti-ajrore","status":"publish","type":"post","link":"https:\/\/www.hashtag.al\/index.php\/2020\/02\/22\/serbia-vijon-armatosjen-merr-nga-rusia-sisteme-anti-ajrore\/","title":{"rendered":"Serbia vijon armatosjen, merr nga Rusia sisteme anti-ajrore","gt_translate_keys":[{"key":"rendered","format":"text"}]},"content":{"rendered":"<p><img loading=\"lazy\" decoding=\"async\" class=\"aligncenter size-full wp-image-355492\" src=\"https:\/\/hashtag.al\/wp-content\/uploads\/2020\/02\/siserbi.jpg\" alt=\"\" width=\"620\" height=\"414\" srcset=\"https:\/\/www.hashtag.al\/wp-content\/uploads\/2020\/02\/siserbi.jpg 620w, https:\/\/www.hashtag.al\/wp-content\/uploads\/2020\/02\/siserbi-300x200.jpg 300w\" sizes=\"auto, (max-width: 620px) 100vw, 620px\" \/><\/p>\n<p><span style=\"color: #000000;\">Serbia ka marr\u00eb nj\u00eb tjet\u00ebr ngarkes\u00eb me arm\u00eb t\u00eb sofistikuara. <\/span><\/p>\n<p><span style=\"color: #000000;\">Nj\u00eb avion ushtarak i ngarkuar me sisteme anti-ajrore \u2018S1\u2019 \u00ebsht\u00eb ulur n\u00eb aeroportin e Batajnic\u00ebs, shkruan Lajmi.net.<\/span><\/p>\n<p><span style=\"color: #000000;\">Arm\u00ebt e mb\u00ebrritura u shtohen arsenalit t\u00eb avion\u00ebve e helikopter\u00ebve luftarak\u00eb q\u00eb kan\u00eb mb\u00ebrritur muaj m\u00eb par\u00eb n\u00eb Beograd si pjes\u00eb e nj\u00eb marr\u00ebveshjese me Mosk\u00ebn.<\/span><\/p>\n","protected":false,"gt_translate_keys":[{"key":"rendered","format":"html"}]},"excerpt":{"rendered":"<p>Serbia ka marr\u00eb nj\u00eb tjet\u00ebr ngarkes\u00eb me arm\u00eb t\u00eb sofistikuara. Nj\u00eb avion ushtarak i ngarkuar me sisteme anti-ajrore \u2018S1\u2019 \u00ebsht\u00eb ulur n\u00eb aeroportin e Batajnic\u00ebs, shkruan Lajmi.net. Arm\u00ebt e mb\u00ebrritura u shtohen arsenalit t\u00eb avion\u00ebve e helikopter\u00ebve luftarak\u00eb q\u00eb kan\u00eb mb\u00ebrritur muaj m\u00eb par\u00eb n\u00eb Beograd si pjes\u00eb e nj\u00eb marr\u00ebveshjese me Mosk\u00ebn.<\/p>\n","protected":false,"gt_translate_keys":[{"key":"rendered","format":"html"}]},"author":51,"featured_media":355492,"comment_status":"open","ping_status":"open","sticky":false,"template":"","format":"standard","meta":{"footnotes":""},"categories":[149],"tags":[],"class_list":["post-355490","post","type-post","status-publish","format-standard","has-post-thumbnail","hentry","category-kosoverajon"],"gt_translate_keys":[{"key":"link","format":"url"}],"_links":{"self":[{"href":"https:\/\/www.hashtag.al\/index.php\/wp-json\/wp\/v2\/posts\/355490","targetHints":{"allow":["GET"]}}],"collection":[{"href":"https:\/\/www.hashtag.al\/index.php\/wp-json\/wp\/v2\/posts"}],"about":[{"href":"https:\/\/www.hashtag.al\/index.php\/wp-json\/wp\/v2\/types\/post"}],"author":[{"embeddable":true,"href":"https:\/\/www.hashtag.al\/index.php\/wp-json\/wp\/v2\/users\/51"}],"replies":[{"embeddable":true,"href":"https:\/\/www.hashtag.al\/index.php\/wp-json\/wp\/v2\/comments?post=355490"}],"version-history":[{"count":0,"href":"https:\/\/www.hashtag.al\/index.php\/wp-json\/wp\/v2\/posts\/355490\/revisions"}],"wp:featuredmedia":[{"embeddable":true,"href":"https:\/\/www.hashtag.al\/index.php\/wp-json\/wp\/v2\/media\/355492"}],"wp:attachment":[{"href":"https:\/\/www.hashtag.al\/index.php\/wp-json\/wp\/v2\/media?parent=355490"}],"wp:term":[{"taxonomy":"category","embeddable":true,"href":"https:\/\/www.hashtag.al\/index.php\/wp-json\/wp\/v2\/categories?post=355490"},{"taxonomy":"post_tag","embeddable":true,"href":"https:\/\/www.hashtag.al\/index.php\/wp-json\/wp\/v2\/tags?post=355490"}],"curies":[{"name":"wp","href":"https:\/\/api.w.org\/{rel}","templated":true}]}}