{"id":355348,"date":"2020-02-22T10:37:27","date_gmt":"2020-02-22T09:37:27","guid":{"rendered":"https:\/\/hashtag.al\/?p=355348"},"modified":"2020-02-22T10:48:14","modified_gmt":"2020-02-22T09:48:14","slug":"shkon-ne-dy-numri-i-viktimave-nga-koronavirusi-ne-itali-rritet-dhe-numri-i-te-infektuarve","status":"publish","type":"post","link":"https:\/\/www.hashtag.al\/index.php\/2020\/02\/22\/shkon-ne-dy-numri-i-viktimave-nga-koronavirusi-ne-itali-rritet-dhe-numri-i-te-infektuarve\/","title":{"rendered":"Shkon n\u00eb dy numri i viktimave nga koronavirusi n\u00eb Itali, rritet dhe numri i t\u00eb infektuarve","gt_translate_keys":[{"key":"rendered","format":"text"}]},"content":{"rendered":"<p><a href=\"https:\/\/hashtag.al\/wp-content\/uploads\/2020\/02\/ambulanca.jpg\"><img loading=\"lazy\" decoding=\"async\" class=\"aligncenter size-full wp-image-355349\" src=\"https:\/\/hashtag.al\/wp-content\/uploads\/2020\/02\/ambulanca.jpg\" alt=\"\" width=\"656\" height=\"492\" srcset=\"https:\/\/www.hashtag.al\/wp-content\/uploads\/2020\/02\/ambulanca.jpg 656w, https:\/\/www.hashtag.al\/wp-content\/uploads\/2020\/02\/ambulanca-300x225.jpg 300w\" sizes=\"auto, (max-width: 656px) 100vw, 656px\" \/><\/a><\/p>\n<p><span style=\"color: #000000;\">Sh\u00ebnohet viktima e dyt\u00eb n\u00eb Itali nga koronavirusi &#8220;Covid-19&#8221;. <span style=\"color: #0000ff;\"><a style=\"color: #0000ff;\" href=\"https:\/\/www.corriere.it\/cronache\/20_febbraio_22\/coronavirus-italia-nuovi-contagi-lombardia-veneto-245e72d4-5540-11ea-8418-2150c9ca483e.shtml\">Corriere.it<\/a><\/span> shkruan se viktima e dyt\u00eb \u00ebsht\u00eb nj\u00eb grua, e cila ka nd\u00ebrruar jet\u00eb m\u00ebngjesin e sot\u00ebm n\u00eb nj\u00eb spital n\u00eb Veneto.<\/span><\/p>\n<p><span style=\"color: #000000;\">Viktima e par\u00eb \u00ebsht\u00eb identifikuar si Adriano Trevisa, babai ish-kryetares s\u00eb Bashkis\u00eb n\u00eb Vo &#8216;Euganeo, i cili prej 10 dit\u00ebsh ishte q\u00ebndroi n\u00ebn kujdesin e mjek\u00ebve.<\/span><\/p>\n<p><span style=\"color: #000000;\">N\u00eb Lombardi numri i njer\u00ebzve q\u00eb jan\u00eb infektuar me koronavirus \u00ebsht\u00eb rritur n\u00eb 27, nd\u00ebrkoh\u00eb q\u00eb nj\u00eb person ndodhet n\u00eb gjendje t\u00eb r\u00ebnd\u00eb sh\u00ebndet\u00ebsore.<\/span><\/p>\n<p><span style=\"color: #000000;\">Nd\u00ebrkoh\u00eb numri i t\u00eb infektuarve n\u00eb Veneto ishte dy, nj\u00ebri prej t\u00eb cil\u00ebve \u00ebsht\u00eb gruaja e cila nd\u00ebrroi jet\u00eb k\u00ebt\u00eb m\u00ebngjes.<\/span><\/p>\n<p><span style=\"color: #000000;\">Ministri i Sh\u00ebndet\u00ebsis\u00eb, Roberto Speranza, ka njoftuar se s\u00eb shpejti masat kufizuese si ato t\u00eb vendosura p\u00ebr 10 bashki &#8220;n\u00eb rrezik&#8221; n\u00eb zon\u00ebn e Lombardis\u00eb do t\u00eb miratohen gjithashtu n\u00eb Veneto.<\/span><\/p>\n<p><span style=\"color: #000000;\">Numri i t\u00eb vdekurve n\u00eb t\u00eb gjith\u00eb bot\u00ebn \u00ebsht\u00eb tani, sipas llogaritjes s\u00eb Universitetit Johns Hopkins, n\u00eb 2360.<\/span><\/p>\n<p><span style=\"color: #000000;\">Numri i p\u00ebrgjithsh\u00ebm i rasteve t\u00eb konfirmuara \u00ebsht\u00eb 77,662, nd\u00ebrsa numri i pacient\u00ebve t\u00eb sh\u00ebruar ka shkuar n\u00eb 21.029.<\/span><\/p>\n<div id=\"attachment_355323\" style=\"width: 630px\" class=\"wp-caption aligncenter\"><a href=\"https:\/\/hashtag.al\/wp-content\/uploads\/2020\/02\/5064423_0031_trevisan.jpg\"><img loading=\"lazy\" decoding=\"async\" aria-describedby=\"caption-attachment-355323\" class=\"wp-image-355323 size-full\" src=\"https:\/\/hashtag.al\/wp-content\/uploads\/2020\/02\/5064423_0031_trevisan.jpg\" alt=\"\" width=\"620\" height=\"340\" srcset=\"https:\/\/www.hashtag.al\/wp-content\/uploads\/2020\/02\/5064423_0031_trevisan.jpg 620w, https:\/\/www.hashtag.al\/wp-content\/uploads\/2020\/02\/5064423_0031_trevisan-300x165.jpg 300w\" sizes=\"auto, (max-width: 620px) 100vw, 620px\" \/><\/a><p id=\"caption-attachment-355323\" class=\"wp-caption-text\"><span style=\"color: #000000;\"><em> Adriano Trevisa<\/em><\/span><\/p><\/div>\n","protected":false,"gt_translate_keys":[{"key":"rendered","format":"html"}]},"excerpt":{"rendered":"<p>Sh\u00ebnohet viktima e dyt\u00eb n\u00eb Itali nga koronavirusi &#8220;Covid-19&#8221;. Corriere.it shkruan se viktima e dyt\u00eb \u00ebsht\u00eb nj\u00eb grua, e cila ka nd\u00ebrruar jet\u00eb m\u00ebngjesin e sot\u00ebm n\u00eb nj\u00eb spital n\u00eb Veneto. Viktima e par\u00eb \u00ebsht\u00eb identifikuar si Adriano Trevisa, babai ish-kryetares s\u00eb Bashkis\u00eb n\u00eb Vo &#8216;Euganeo, i cili prej 10 dit\u00ebsh ishte q\u00ebndroi n\u00ebn kujdesin [&hellip;]<\/p>\n","protected":false,"gt_translate_keys":[{"key":"rendered","format":"html"}]},"author":30,"featured_media":355349,"comment_status":"open","ping_status":"open","sticky":false,"template":"","format":"standard","meta":{"footnotes":""},"categories":[22,6],"tags":[],"class_list":["post-355348","post","type-post","status-publish","format-standard","has-post-thumbnail","hentry","category-ballina","category-nderkombetare"],"gt_translate_keys":[{"key":"link","format":"url"}],"_links":{"self":[{"href":"https:\/\/www.hashtag.al\/index.php\/wp-json\/wp\/v2\/posts\/355348","targetHints":{"allow":["GET"]}}],"collection":[{"href":"https:\/\/www.hashtag.al\/index.php\/wp-json\/wp\/v2\/posts"}],"about":[{"href":"https:\/\/www.hashtag.al\/index.php\/wp-json\/wp\/v2\/types\/post"}],"author":[{"embeddable":true,"href":"https:\/\/www.hashtag.al\/index.php\/wp-json\/wp\/v2\/users\/30"}],"replies":[{"embeddable":true,"href":"https:\/\/www.hashtag.al\/index.php\/wp-json\/wp\/v2\/comments?post=355348"}],"version-history":[{"count":0,"href":"https:\/\/www.hashtag.al\/index.php\/wp-json\/wp\/v2\/posts\/355348\/revisions"}],"wp:featuredmedia":[{"embeddable":true,"href":"https:\/\/www.hashtag.al\/index.php\/wp-json\/wp\/v2\/media\/355349"}],"wp:attachment":[{"href":"https:\/\/www.hashtag.al\/index.php\/wp-json\/wp\/v2\/media?parent=355348"}],"wp:term":[{"taxonomy":"category","embeddable":true,"href":"https:\/\/www.hashtag.al\/index.php\/wp-json\/wp\/v2\/categories?post=355348"},{"taxonomy":"post_tag","embeddable":true,"href":"https:\/\/www.hashtag.al\/index.php\/wp-json\/wp\/v2\/tags?post=355348"}],"curies":[{"name":"wp","href":"https:\/\/api.w.org\/{rel}","templated":true}]}}