{"id":354935,"date":"2020-02-20T11:41:00","date_gmt":"2020-02-20T10:41:00","guid":{"rendered":"https:\/\/hashtag.al\/?p=354935"},"modified":"2020-02-20T11:45:32","modified_gmt":"2020-02-20T10:45:32","slug":"naftetaret-e-ballshit-ne-proteste-te-dielen-po-smorem-pergjigje-nga-kryeministri-do-ngujohemi-ne-uzine","status":"publish","type":"post","link":"https:\/\/www.hashtag.al\/index.php\/2020\/02\/20\/naftetaret-e-ballshit-ne-proteste-te-dielen-po-smorem-pergjigje-nga-kryeministri-do-ngujohemi-ne-uzine\/","title":{"rendered":"Naft\u00ebtar\u00ebt e Ballshit n\u00eb protest\u00eb t\u00eb diel\u00ebn: Po s&#8217;mor\u00ebm p\u00ebrgjigje nga kryeministri, do ngujohemi n\u00eb Uzin\u00eb","gt_translate_keys":[{"key":"rendered","format":"text"}]},"content":{"rendered":"<p><a href=\"https:\/\/hashtag.al\/wp-content\/uploads\/2020\/02\/naftetare.jpg\"><img loading=\"lazy\" decoding=\"async\" class=\"aligncenter size-full wp-image-354938\" src=\"https:\/\/hashtag.al\/wp-content\/uploads\/2020\/02\/naftetare.jpg\" alt=\"\" width=\"1266\" height=\"618\" srcset=\"https:\/\/www.hashtag.al\/wp-content\/uploads\/2020\/02\/naftetare.jpg 1266w, https:\/\/www.hashtag.al\/wp-content\/uploads\/2020\/02\/naftetare-300x146.jpg 300w, https:\/\/www.hashtag.al\/wp-content\/uploads\/2020\/02\/naftetare-768x375.jpg 768w, https:\/\/www.hashtag.al\/wp-content\/uploads\/2020\/02\/naftetare-1024x500.jpg 1024w\" sizes=\"auto, (max-width: 1266px) 100vw, 1266px\" \/><\/a><\/p>\n<p><span style=\"color: #000000;\">N\u00eb dit\u00ebn e kat\u00ebrt t\u00eb grev\u00ebs s\u00eb uris\u00eb, naft\u00ebtar\u00ebt e Ballshit kan\u00eb paralajm\u00ebruar se dit\u00ebn e diel\u00eb do t\u00eb organizojn\u00eb nj\u00eb protest\u00eb n\u00eb rrug\u00ebt e qytetit s\u00eb bashku me familjar\u00ebt e tyre. N\u00eb rast se nuk do t\u00eb marrin nj\u00eb p\u00ebrgjigje nga kryeministri Edi Rama dit\u00ebn e diel\u00eb, ata thon\u00eb se t\u00eb h\u00ebn\u00ebn do t\u00eb ngujohen n\u00eb Uzin\u00eb.<\/span><\/p>\n<p><span style=\"color: #000000;\"><em>\u201cDuam rrogat e prapambetura. Presim q\u00eb t\u00eb diel\u00ebn t\u00eb b\u00ebjm\u00eb nj\u00eb tubim shum\u00eb t\u00eb madh. Do t\u00eb bashkohemi t\u00eb gjith\u00eb e n\u00ebse nga kryeministri nuk kemi nj\u00eb p\u00ebrgjigje, t\u00eb h\u00ebn\u00ebn do t\u00eb futemi n\u00eb uzin\u00eb t\u00eb ngujohemi. E kemi shpres\u00ebn te uzina e Ballshit. Shteti po n\u00eb k\u00ebrc\u00ebnon me k\u00ebt\u00eb mos begenisje. Jemi shum\u00eb q\u00eb presim nga kjo uzin\u00eb. Do t\u00eb ngujohemi n\u00eb vendet e pun\u00ebs.\u201d<\/em> &#8211; tha nj\u00eb nga naft\u00ebtar\u00ebt.<\/span><\/p>\n<p><span style=\"color: #000000;\">Dy jan\u00eb k\u00ebrkesat e naft\u00ebtar\u00ebve t\u00eb rafineris\u00eb s\u00eb Ballshit: T\u00eb marrin pagat e prapambetura dhe t\u00eb rinis\u00eb puna n\u00eb Uzin\u00eb.<\/span><\/p>\n<p><span style=\"color: #000000;\">K\u00ebrkesa e dyt\u00eb konsiston n\u00eb nj\u00eb investim t\u00eb k\u00ebsaj uzine.<\/span><\/p>\n<p><span style=\"color: #000000;\"><em>\u201cRinisja e \u00a0pun\u00eb \u00ebsht\u00eb q\u00eb t\u00eb investohet, jo llafe boshe. Kan\u00eb qen\u00eb deri tani investime fiktive. Materialet kan\u00eb qen\u00eb n\u00eb uzin\u00eb, nuk \u00ebsht\u00eb investuar gj\u00eb. Duam pagat dhe investim real. Q\u00eb t\u00eb vihen n\u00eb pun\u00eb pajisjet dhe t\u00eb mir\u00ebmbahen.\u201d<\/em>&#8211; tha nj\u00eb nga grevist\u00ebt.<\/span><\/p>\n<p><span style=\"color: #000000;\">Gjendja e tyre n\u00eb dit\u00ebn e kart\u00ebt t\u00eb grev\u00ebs s\u00eb uris\u00eb paraqitet e r\u00ebnduar, e pavar\u00ebsisht k\u00ebsaj ata nuk kan\u00eb pranuar t\u00eb marrin ndihm\u00eb mjek\u00ebsore.<strong>\/Hashtag.al<\/strong><\/span><\/p>\n<p><a href=\"https:\/\/hashtag.al\/wp-content\/uploads\/2020\/02\/greva-2-1.jpg\"><img loading=\"lazy\" decoding=\"async\" class=\"aligncenter size-full wp-image-354668\" src=\"https:\/\/hashtag.al\/wp-content\/uploads\/2020\/02\/greva-2-1.jpg\" alt=\"\" width=\"1050\" height=\"454\" srcset=\"https:\/\/www.hashtag.al\/wp-content\/uploads\/2020\/02\/greva-2-1.jpg 1050w, https:\/\/www.hashtag.al\/wp-content\/uploads\/2020\/02\/greva-2-1-300x130.jpg 300w, https:\/\/www.hashtag.al\/wp-content\/uploads\/2020\/02\/greva-2-1-768x332.jpg 768w, https:\/\/www.hashtag.al\/wp-content\/uploads\/2020\/02\/greva-2-1-1024x443.jpg 1024w\" sizes=\"auto, (max-width: 1050px) 100vw, 1050px\" \/><\/a> <a href=\"https:\/\/hashtag.al\/wp-content\/uploads\/2020\/02\/grevaaa.jpg\"><img loading=\"lazy\" decoding=\"async\" class=\"aligncenter size-full wp-image-354669\" src=\"https:\/\/hashtag.al\/wp-content\/uploads\/2020\/02\/grevaaa.jpg\" alt=\"\" width=\"1055\" height=\"455\" srcset=\"https:\/\/www.hashtag.al\/wp-content\/uploads\/2020\/02\/grevaaa.jpg 1055w, https:\/\/www.hashtag.al\/wp-content\/uploads\/2020\/02\/grevaaa-300x129.jpg 300w, https:\/\/www.hashtag.al\/wp-content\/uploads\/2020\/02\/grevaaa-768x331.jpg 768w, https:\/\/www.hashtag.al\/wp-content\/uploads\/2020\/02\/grevaaa-1024x442.jpg 1024w\" sizes=\"auto, (max-width: 1055px) 100vw, 1055px\" \/><\/a><\/p>\n","protected":false,"gt_translate_keys":[{"key":"rendered","format":"html"}]},"excerpt":{"rendered":"<p>N\u00eb dit\u00ebn e kat\u00ebrt t\u00eb grev\u00ebs s\u00eb uris\u00eb, naft\u00ebtar\u00ebt e Ballshit kan\u00eb paralajm\u00ebruar se dit\u00ebn e diel\u00eb do t\u00eb organizojn\u00eb nj\u00eb protest\u00eb n\u00eb rrug\u00ebt e qytetit s\u00eb bashku me familjar\u00ebt e tyre. N\u00eb rast se nuk do t\u00eb marrin nj\u00eb p\u00ebrgjigje nga kryeministri Edi Rama dit\u00ebn e diel\u00eb, ata thon\u00eb se t\u00eb h\u00ebn\u00ebn do t\u00eb [&hellip;]<\/p>\n","protected":false,"gt_translate_keys":[{"key":"rendered","format":"html"}]},"author":30,"featured_media":354939,"comment_status":"open","ping_status":"open","sticky":false,"template":"","format":"standard","meta":{"footnotes":""},"categories":[65,13],"tags":[],"class_list":["post-354935","post","type-post","status-publish","format-standard","has-post-thumbnail","hentry","category-lajme","category-te-fundit"],"gt_translate_keys":[{"key":"link","format":"url"}],"_links":{"self":[{"href":"https:\/\/www.hashtag.al\/index.php\/wp-json\/wp\/v2\/posts\/354935","targetHints":{"allow":["GET"]}}],"collection":[{"href":"https:\/\/www.hashtag.al\/index.php\/wp-json\/wp\/v2\/posts"}],"about":[{"href":"https:\/\/www.hashtag.al\/index.php\/wp-json\/wp\/v2\/types\/post"}],"author":[{"embeddable":true,"href":"https:\/\/www.hashtag.al\/index.php\/wp-json\/wp\/v2\/users\/30"}],"replies":[{"embeddable":true,"href":"https:\/\/www.hashtag.al\/index.php\/wp-json\/wp\/v2\/comments?post=354935"}],"version-history":[{"count":0,"href":"https:\/\/www.hashtag.al\/index.php\/wp-json\/wp\/v2\/posts\/354935\/revisions"}],"wp:featuredmedia":[{"embeddable":true,"href":"https:\/\/www.hashtag.al\/index.php\/wp-json\/wp\/v2\/media\/354939"}],"wp:attachment":[{"href":"https:\/\/www.hashtag.al\/index.php\/wp-json\/wp\/v2\/media?parent=354935"}],"wp:term":[{"taxonomy":"category","embeddable":true,"href":"https:\/\/www.hashtag.al\/index.php\/wp-json\/wp\/v2\/categories?post=354935"},{"taxonomy":"post_tag","embeddable":true,"href":"https:\/\/www.hashtag.al\/index.php\/wp-json\/wp\/v2\/tags?post=354935"}],"curies":[{"name":"wp","href":"https:\/\/api.w.org\/{rel}","templated":true}]}}