{"id":354605,"date":"2020-02-18T23:45:32","date_gmt":"2020-02-18T22:45:32","guid":{"rendered":"https:\/\/hashtag.al\/?p=354605"},"modified":"2020-02-18T23:45:32","modified_gmt":"2020-02-18T22:45:32","slug":"izraeli-heq-kufizimet-ne-gaza-pas-rikthimit-te-qetesise","status":"publish","type":"post","link":"https:\/\/www.hashtag.al\/index.php\/2020\/02\/18\/izraeli-heq-kufizimet-ne-gaza-pas-rikthimit-te-qetesise\/","title":{"rendered":"Izraeli heq kufizimet n\u00eb Gaza pas rikthimit t\u00eb qet\u00ebsis\u00eb","gt_translate_keys":[{"key":"rendered","format":"text"}]},"content":{"rendered":"<p><img loading=\"lazy\" decoding=\"async\" class=\"aligncenter size-full wp-image-354606\" src=\"https:\/\/hashtag.al\/wp-content\/uploads\/2020\/02\/gaza.jpeg\" alt=\"\" width=\"600\" height=\"360\" srcset=\"https:\/\/www.hashtag.al\/wp-content\/uploads\/2020\/02\/gaza.jpeg 600w, https:\/\/www.hashtag.al\/wp-content\/uploads\/2020\/02\/gaza-300x180.jpeg 300w\" sizes=\"auto, (max-width: 600px) 100vw, 600px\" \/><\/p>\n<p><span style=\"color: #000000;\">Izraeli anuloi sot masat nd\u00ebshkuese n\u00eb Rripin e Gaz\u00ebs, t\u00eb vendosura n\u00eb kuad\u00ebr t\u00eb l\u00ebshimit t\u00eb raketave drejt shtetit hebre nga enklava palestineze.<\/span><\/p>\n<p><span style=\"color: #000000;\">\u201cDuke marr\u00eb parasysh qet\u00ebsin\u00eb relative rreth Rripit t\u00eb Gaz\u00ebs k\u00ebto dit\u00ebt e fundit dhe ndr\u00ebrprerjen e l\u00ebshimit t\u00eb raketave, u vendos (\u2026) rikthimi i masave civile q\u00eb ishin nd\u00ebrprer\u00eb q\u00eb prej fundjav\u00ebs s\u00eb kaluar\u201d, njoftoi Cogat, organiz\u00ebm i ngarkuar brenda Ministris\u00eb s\u00eb Mbrojtjes p\u00ebr aktivitetet civile n\u00eb Territoret palestineze.<\/span><\/p>\n<p><span style=\"color: #000000;\">P\u00ebr sa koh\u00eb q\u00eb do t\u00eb mbahet qet\u00ebsia, Izraeli do t\u00eb zgjeroj\u00eb zon\u00ebn e peshkimit n\u00eb 15 milje detare nes\u00ebr dhe do t\u00eb jap\u00eb 2,000 leje t\u00eb reja p\u00ebr t\u00eb hyr\u00eb n\u00eb Izrael p\u00ebr banor\u00ebt e Gaz\u00ebs\u201d, thuhet n\u00eb deklarat\u00eb.<\/span><\/p>\n","protected":false,"gt_translate_keys":[{"key":"rendered","format":"html"}]},"excerpt":{"rendered":"<p>Izraeli anuloi sot masat nd\u00ebshkuese n\u00eb Rripin e Gaz\u00ebs, t\u00eb vendosura n\u00eb kuad\u00ebr t\u00eb l\u00ebshimit t\u00eb raketave drejt shtetit hebre nga enklava palestineze. \u201cDuke marr\u00eb parasysh qet\u00ebsin\u00eb relative rreth Rripit t\u00eb Gaz\u00ebs k\u00ebto dit\u00ebt e fundit dhe ndr\u00ebrprerjen e l\u00ebshimit t\u00eb raketave, u vendos (\u2026) rikthimi i masave civile q\u00eb ishin nd\u00ebrprer\u00eb q\u00eb prej fundjav\u00ebs [&hellip;]<\/p>\n","protected":false,"gt_translate_keys":[{"key":"rendered","format":"html"}]},"author":32,"featured_media":354606,"comment_status":"open","ping_status":"open","sticky":false,"template":"","format":"standard","meta":{"footnotes":""},"categories":[6,13],"tags":[],"class_list":["post-354605","post","type-post","status-publish","format-standard","has-post-thumbnail","hentry","category-nderkombetare","category-te-fundit"],"gt_translate_keys":[{"key":"link","format":"url"}],"_links":{"self":[{"href":"https:\/\/www.hashtag.al\/index.php\/wp-json\/wp\/v2\/posts\/354605","targetHints":{"allow":["GET"]}}],"collection":[{"href":"https:\/\/www.hashtag.al\/index.php\/wp-json\/wp\/v2\/posts"}],"about":[{"href":"https:\/\/www.hashtag.al\/index.php\/wp-json\/wp\/v2\/types\/post"}],"author":[{"embeddable":true,"href":"https:\/\/www.hashtag.al\/index.php\/wp-json\/wp\/v2\/users\/32"}],"replies":[{"embeddable":true,"href":"https:\/\/www.hashtag.al\/index.php\/wp-json\/wp\/v2\/comments?post=354605"}],"version-history":[{"count":0,"href":"https:\/\/www.hashtag.al\/index.php\/wp-json\/wp\/v2\/posts\/354605\/revisions"}],"wp:featuredmedia":[{"embeddable":true,"href":"https:\/\/www.hashtag.al\/index.php\/wp-json\/wp\/v2\/media\/354606"}],"wp:attachment":[{"href":"https:\/\/www.hashtag.al\/index.php\/wp-json\/wp\/v2\/media?parent=354605"}],"wp:term":[{"taxonomy":"category","embeddable":true,"href":"https:\/\/www.hashtag.al\/index.php\/wp-json\/wp\/v2\/categories?post=354605"},{"taxonomy":"post_tag","embeddable":true,"href":"https:\/\/www.hashtag.al\/index.php\/wp-json\/wp\/v2\/tags?post=354605"}],"curies":[{"name":"wp","href":"https:\/\/api.w.org\/{rel}","templated":true}]}}