{"id":354415,"date":"2020-02-18T10:35:07","date_gmt":"2020-02-18T09:35:07","guid":{"rendered":"https:\/\/hashtag.al\/?p=354415"},"modified":"2020-02-18T10:36:50","modified_gmt":"2020-02-18T09:36:50","slug":"kryemadhi-per-donacionet-faleminderit-miqve-por-notat-e-entuziazmit-mbaruan-te-nise-pergjegjesia","status":"publish","type":"post","link":"https:\/\/www.hashtag.al\/index.php\/2020\/02\/18\/kryemadhi-per-donacionet-faleminderit-miqve-por-notat-e-entuziazmit-mbaruan-te-nise-pergjegjesia\/","title":{"rendered":"Kryemadhi p\u00ebr donacionet: Faleminderit miqve por notat e entuziazmit mbaruan, t\u00eb nis\u00eb p\u00ebrgjegj\u00ebsia","gt_translate_keys":[{"key":"rendered","format":"text"}]},"content":{"rendered":"<p><a href=\"https:\/\/hashtag.al\/wp-content\/uploads\/2020\/02\/Kryemadhi.jpg\"><img loading=\"lazy\" decoding=\"async\" class=\"aligncenter size-full wp-image-354416\" src=\"https:\/\/hashtag.al\/wp-content\/uploads\/2020\/02\/Kryemadhi.jpg\" alt=\"\" width=\"1403\" height=\"839\" srcset=\"https:\/\/www.hashtag.al\/wp-content\/uploads\/2020\/02\/Kryemadhi.jpg 1403w, https:\/\/www.hashtag.al\/wp-content\/uploads\/2020\/02\/Kryemadhi-300x179.jpg 300w, https:\/\/www.hashtag.al\/wp-content\/uploads\/2020\/02\/Kryemadhi-768x459.jpg 768w, https:\/\/www.hashtag.al\/wp-content\/uploads\/2020\/02\/Kryemadhi-1024x612.jpg 1024w\" sizes=\"auto, (max-width: 1403px) 100vw, 1403px\" \/><\/a><\/p>\n<p><span style=\"color: #000000;\">Kryetarja e L\u00ebvizjes Socialiste p\u00ebr Integrim, Monika Kryemadhi, ka dal\u00eb sot n\u00eb nj\u00eb deklarat\u00eb p\u00ebr mediat p\u00ebr t\u00eb falenderuar shtetet t\u00eb cilat dhan\u00eb kontributin e tyre n\u00eb Konferenc\u00ebn e djeshme t\u00eb Donator\u00ebve, p\u00ebr t&#8217;i ardhur n\u00eb ndihm\u00eb Shqip\u00ebris\u00eb p\u00ebr procesin e rind\u00ebrtimit pas t\u00ebrmetit t\u00eb 26 n\u00ebntorit.<\/span><\/p>\n<p><em><span style=\"color: #000000;\">&#8220;Mir\u00ebm\u00ebngjes, m\u00eb lejoni q\u00eb n\u00eb em\u00ebr t\u00eb LSI-s\u00eb, nga selia e saj t\u00eb falenderoj dhe t\u00eb jem mir\u00ebnjoh\u00ebse p\u00ebr mb\u00ebshtetjen dhe ndihm\u00ebn e miqve tan\u00eb europian\u00eb e jo vet\u00ebm, por nga gjith\u00eb bota, q\u00eb treguan n\u00eb takimin e\u00a0 djesh\u00ebm n\u00eb kuad\u00ebr t\u00eb ndihm\u00ebs p\u00ebr Rim\u00ebk\u00ebmbjen e Shqip\u00ebris\u00eb por q\u00eb m\u00eb shum\u00eb shkonte p\u00ebr rim\u00ebk\u00ebmbjen e sht\u00ebpive t\u00eb d\u00ebmtuara nga t\u00ebrmeti i 29 n\u00ebntorit.<\/span><\/em><\/p>\n<p><em><span style=\"color: #000000;\">Kjo \u00ebsht\u00eb m\u00eb shum\u00eb se nj\u00eb falenderim por \u00ebsht\u00eb nj\u00eb shpres\u00eb e cila do t&#8217;ju jap\u00eb shqiptar\u00ebve forc\u00ebn e kurajon p\u00ebr t\u00eb vazhduar betej\u00ebn e tyre p\u00ebr t&#8217;ju treguar se nuk jan\u00eb vet\u00ebm, por se jan\u00eb gjithmon\u00eb t\u00eb p\u00ebrkrahur dhe n\u00eb mb\u00ebshtetje nga popujt e tyre, nga BE dhe institucionet nd\u00ebrkomb\u00ebtare.<\/span><\/em><\/p>\n<p><span style=\"color: #000000;\"><em>Takimi i djesh\u00ebm tregoi qart\u00eb se nuk ka asnj\u00eb lloj paragjykimi ndaj Shqip\u00ebris\u00eb dhe shqiptar\u00ebve por p\u00ebrkundrazi, ata i duan dhe i respektojn\u00eb shqiptar\u00ebt dhe biles ndjejn\u00eb edhe detyrim p\u00ebr t&#8217;i ndihmuar.&#8221;<\/em>&#8211; tha Kryemadhi.<\/span><\/p>\n<p><span style=\"color: #000000;\">Pas k\u00ebtij falenderimi, kryetarja e LSI-s\u00eb theksoi se tani mbaroi koha e entuziazmit dhe se qeveria duhet t\u00eb nis\u00eb t\u00eb marr\u00eb p\u00ebrgjegj\u00ebsit\u00eb e saj. Kryemadhi tha se LSI do t\u00eb ndjek\u00eb hap pas hapi \u00e7do projekt p\u00ebr t\u00eb par\u00eb n\u00ebse k\u00ebto para q\u00eb u mblodh\u00ebn dje do t\u00eb shkojn\u00eb v\u00ebrtet p\u00ebr familjar\u00ebt q\u00eb mbet\u00ebn t\u00eb pastreh\u00eb pas t\u00ebrmetit apo p\u00ebr fluturimet dhe zyrat e luksit t\u00eb qeveritar\u00ebve.<\/span><\/p>\n<p><em><span style=\"color: #000000;\">&#8220;Ajo q\u00eb dua t\u00eb theksoj \u00ebsht\u00eb q\u00eb notat e entuziazmit tashm\u00eb mbaruan, por duhet t\u00eb filloj\u00eb p\u00ebrgjegj\u00ebsia dhe p\u00ebrgjegjshm\u00ebria e qeveris\u00eb shqiptare. Dje n\u00eb takim, n\u00eb at\u00eb \u00e7far\u00eb \u00ebsht\u00eb deklaruar, p\u00ebr shqiptar\u00ebt dhe sht\u00ebpit\u00eb n\u00eb rind\u00ebrtim do t\u00eb shkojn\u00eb 265 milion\u00eb euro, t\u00eb cilat jan\u00eb para q\u00eb do t&#8217;u krijojn\u00eb mund\u00ebsi q\u00eb shqiptar\u00ebve dhe familjar\u00ebt q\u00eb kan\u00eb humbur sht\u00ebpit\u00eb e tyre t\u00eb mos vazhdojn\u00eb m\u00eb t\u00eb paguajn\u00eb kredit\u00eb e kripura t\u00eb cilat jan\u00eb ngritur pas t\u00ebrmetit, do t\u00eb thot\u00eb q\u00eb t\u00eb nd\u00ebrtohen sa m\u00eb shpejt sht\u00ebpit\u00eb e tyre, q\u00eb jo t&#8217;i kapi dimri i vitit tjet\u00ebr, por dhe duke dal\u00eb pranvera e k\u00ebtij viti, ata t\u00eb hyjn\u00eb t\u00eb lumtur n\u00eb sht\u00ebpit\u00eb e tyre, sepse takimi i djesh\u00ebm ia dha k\u00ebt\u00eb shans dhe mund\u00ebsi shqiptar\u00ebve q\u00eb ata sa m\u00eb shpejt t\u00eb hyjn\u00eb n\u00eb banesat e tyre.<\/span><\/em><\/p>\n<p><em><span style=\"color: #000000;\">Por nga ana tjet\u00ebr sigurisht q\u00eb buz\u00ebqeshja e kryeministrit ton\u00eb ishte shum\u00eb e madhe sepse prej vitesh po k\u00ebrkon t\u00eb marr\u00eb kredi n\u00ebp\u00ebr bankat dhe institucionet nd\u00ebrkomb\u00ebtare n\u00eb m\u00ebnyr\u00eb t\u00eb till\u00eb p\u00ebr t\u00eb paguar pagat dhe p\u00ebr t\u00eb paguar dhe shpenzimet administrative.<\/span><\/em><\/p>\n<p><em><span style=\"color: #000000;\">Kishim nj\u00eb shum\u00eb prej 885 milion\u00eb euro t\u00eb cilat jan\u00eb n\u00eb form\u00eb huaje, n\u00eb form\u00eb borxhi, t\u00eb cilat jan\u00eb para q\u00eb do t&#8217;i paguajn\u00eb shqiptar\u00ebt n\u00eb vitet e ardhshme me taksat tona dhe me parat\u00eb tona dhe do t&#8217;i paguajn\u00eb f\u00ebmij\u00ebt e shqiptar\u00ebve.<\/span><\/em><\/p>\n<p><span style=\"color: #000000;\"><em>Prandaj \u00ebsht\u00eb shum\u00eb e r\u00ebnd\u00ebsishme p\u00ebr t\u00eb pasur nj\u00eb institucion monitorimi, t\u00eb pavarur, me ekspert\u00eb t\u00eb cil\u00ebt do t\u00eb b\u00ebjn\u00eb monitorimin e t\u00eb gjith\u00eb k\u00ebtij projekti sepse ajo q\u00eb \u00ebsht\u00eb m\u00eb e r\u00ebnd\u00ebsishme \u00ebsht\u00eb q\u00eb besimi i shqiptar\u00ebve tek kjo qeveri ka humbur.<\/em><\/span><\/p>\n<p><em><span style=\"color: #000000;\">Ajo q\u00eb tha dhe Mathew Palmer, dje n\u00eb konferenc\u00eb, SHBA do t\u00eb themelojn\u00eb me parat\u00eb q\u00eb kan\u00eb dh\u00ebn\u00eb dje Akademin\u00eb e Transparenc\u00ebs e cila do t\u00eb ndihmoj\u00eb Shqip\u00ebrin\u00eb p\u00ebr administrimin n\u00eb m\u00ebnyr\u00eb transparente dhe llogaridh\u00ebn\u00ebse t\u00eb donacioneve pas t\u00ebrmetit dhe fondeve t\u00eb tjera publike.<\/span><\/em><\/p>\n<p><span style=\"color: #000000;\"><em>Gj\u00eb q\u00eb tregon shum\u00eb qart\u00eb se shqiptar\u00ebt jan\u00eb m\u00ebsuar se parat\u00eb e tyre nuk shkojn\u00eb m\u00eb n\u00eb sh\u00ebrbim t\u00eb tyre por n\u00eb xhepat e Rilindjes. Prej shum\u00eb koh\u00ebsh kjo qeveri e ka treguar se \u00ebsht\u00eb e paaft\u00eb p\u00ebr t\u00eb menaxhuar buxhetin e shqiptar\u00ebve, jo vet\u00ebm q\u00eb nuk ka krijuar vende pune por p\u00ebrkundrazi ka mbyllur vendet e pun\u00ebs, kjo qeveri ka treguar se \u00ebsht\u00eb e paaft\u00eb t&#8217;u sh\u00ebrbej\u00eb shqiptar\u00ebve. Ajo q\u00eb ne duam t\u00eb theksojm\u00eb \u00ebsht\u00eb q\u00eb takimi i djesh\u00ebm ishte nj\u00eb takim shum\u00eb i r\u00ebnd\u00ebsish\u00ebm p\u00ebr t&#8217;i th\u00ebn\u00eb shqiptar\u00ebve se nuk jan\u00eb vet\u00ebm n\u00eb betej\u00ebn e tyre p\u00ebrball\u00eb nj\u00eb grupi ndjer\u00ebs q\u00eb nuk ndjejn\u00eb dhimbje por p\u00ebrkundrazi k\u00ebrkojn\u00eb t\u00eb p\u00ebrfitojn\u00eb nga fatkeq\u00ebsia e tyre. Ne do jemi t\u00eb gatsh\u00ebm dhe vigjilent\u00eb p\u00ebr t\u00eb ndjekur hap pas hapi \u00e7do projekt p\u00ebr rind\u00ebrtimin e sht\u00ebpive t\u00eb shqiptar\u00ebve, t\u00eb shkollave, kopshteve, kisha e xhamive. Absolutisht do t\u00eb ndjekim hap pas hapi n\u00ebse kjo qeveri k\u00ebto para q\u00eb dje Europa ua dha shqiptar\u00ebve do t&#8217;i p\u00ebrdori p\u00ebr fluturimet e tyre luksoze, zyrat e tyre luksoze apo investimet e tyre t\u00eb luksit t\u00eb administrat\u00ebs. Presim me padurim t\u00eb shikojm\u00eb sa m\u00eb shepjt sht\u00ebpit\u00eb e para e nd\u00ebrtesat e para dhe shqiptar\u00ebt q\u00eb humb\u00ebn banesat t\u00eb jen\u00eb t\u00eb strehuar dhe f\u00ebmij\u00ebt e tyre t\u00eb shkojn\u00eb n\u00eb shkoll\u00eb.&#8221;<\/em>&#8211; tha Kryemadhi.<\/span><\/p>\n","protected":false,"gt_translate_keys":[{"key":"rendered","format":"html"}]},"excerpt":{"rendered":"<p>Kryetarja e L\u00ebvizjes Socialiste p\u00ebr Integrim, Monika Kryemadhi, ka dal\u00eb sot n\u00eb nj\u00eb deklarat\u00eb p\u00ebr mediat p\u00ebr t\u00eb falenderuar shtetet t\u00eb cilat dhan\u00eb kontributin e tyre n\u00eb Konferenc\u00ebn e djeshme t\u00eb Donator\u00ebve, p\u00ebr t&#8217;i ardhur n\u00eb ndihm\u00eb Shqip\u00ebris\u00eb p\u00ebr procesin e rind\u00ebrtimit pas t\u00ebrmetit t\u00eb 26 n\u00ebntorit. &#8220;Mir\u00ebm\u00ebngjes, m\u00eb lejoni q\u00eb n\u00eb em\u00ebr t\u00eb LSI-s\u00eb, [&hellip;]<\/p>\n","protected":false,"gt_translate_keys":[{"key":"rendered","format":"html"}]},"author":30,"featured_media":354416,"comment_status":"open","ping_status":"open","sticky":false,"template":"","format":"standard","meta":{"footnotes":""},"categories":[65,13],"tags":[],"class_list":["post-354415","post","type-post","status-publish","format-standard","has-post-thumbnail","hentry","category-lajme","category-te-fundit"],"gt_translate_keys":[{"key":"link","format":"url"}],"_links":{"self":[{"href":"https:\/\/www.hashtag.al\/index.php\/wp-json\/wp\/v2\/posts\/354415","targetHints":{"allow":["GET"]}}],"collection":[{"href":"https:\/\/www.hashtag.al\/index.php\/wp-json\/wp\/v2\/posts"}],"about":[{"href":"https:\/\/www.hashtag.al\/index.php\/wp-json\/wp\/v2\/types\/post"}],"author":[{"embeddable":true,"href":"https:\/\/www.hashtag.al\/index.php\/wp-json\/wp\/v2\/users\/30"}],"replies":[{"embeddable":true,"href":"https:\/\/www.hashtag.al\/index.php\/wp-json\/wp\/v2\/comments?post=354415"}],"version-history":[{"count":0,"href":"https:\/\/www.hashtag.al\/index.php\/wp-json\/wp\/v2\/posts\/354415\/revisions"}],"wp:featuredmedia":[{"embeddable":true,"href":"https:\/\/www.hashtag.al\/index.php\/wp-json\/wp\/v2\/media\/354416"}],"wp:attachment":[{"href":"https:\/\/www.hashtag.al\/index.php\/wp-json\/wp\/v2\/media?parent=354415"}],"wp:term":[{"taxonomy":"category","embeddable":true,"href":"https:\/\/www.hashtag.al\/index.php\/wp-json\/wp\/v2\/categories?post=354415"},{"taxonomy":"post_tag","embeddable":true,"href":"https:\/\/www.hashtag.al\/index.php\/wp-json\/wp\/v2\/tags?post=354415"}],"curies":[{"name":"wp","href":"https:\/\/api.w.org\/{rel}","templated":true}]}}