{"id":353932,"date":"2020-02-16T11:18:47","date_gmt":"2020-02-16T10:18:47","guid":{"rendered":"https:\/\/hashtag.al\/?p=353932"},"modified":"2020-02-16T11:19:12","modified_gmt":"2020-02-16T10:19:12","slug":"i-vune-pako-me-eksploziv-poshte-makines-suad-lici-krimi-te-qendroje-larg-sportit","status":"publish","type":"post","link":"https:\/\/www.hashtag.al\/index.php\/2020\/02\/16\/i-vune-pako-me-eksploziv-poshte-makines-suad-lici-krimi-te-qendroje-larg-sportit\/","title":{"rendered":"I vun\u00eb pako me eksploziv posht\u00eb makin\u00ebs, Suad Lici: Krimi t\u00eb q\u00ebndroj\u00eb larg sportit","gt_translate_keys":[{"key":"rendered","format":"text"}]},"content":{"rendered":"<p><a href=\"https:\/\/hashtag.al\/wp-content\/uploads\/2020\/02\/LICI-e1581848140235.png\"><img loading=\"lazy\" decoding=\"async\" class=\"aligncenter size-full wp-image-353933\" src=\"https:\/\/hashtag.al\/wp-content\/uploads\/2020\/02\/LICI-e1581848140235.png\" alt=\"\" width=\"770\" height=\"470\" srcset=\"https:\/\/www.hashtag.al\/wp-content\/uploads\/2020\/02\/LICI-e1581848140235.png 770w, https:\/\/www.hashtag.al\/wp-content\/uploads\/2020\/02\/LICI-e1581848140235-300x183.png 300w, https:\/\/www.hashtag.al\/wp-content\/uploads\/2020\/02\/LICI-e1581848140235-768x469.png 768w\" sizes=\"auto, (max-width: 770px) 100vw, 770px\" \/><\/a><\/p>\n<p><span style=\"color: #000000;\">Administratori i Vllaznis\u00eb, Suad Lici, t\u00eb cilit iu vendos sot nj\u00eb pako e dyshimt\u00eb me eksploziv posht\u00eb mjetit, thot\u00eb se nuk ka konflikte me ask\u00ebnd.<\/span><\/p>\n<p><span style=\"color: #000000;\">N\u00eb nj\u00eb prononcim p\u00ebr gazetar\u00ebt nga Shkodra, Lici tha se kushdo q\u00eb ka patur nevoj\u00eb p\u00ebr sqarime lidhur me \u00e7\u00ebshtje sporti ai i ka sqaruar nd\u00ebrsa shton se n\u00ebse b\u00ebhet fjal\u00eb p\u00ebr \u00e7\u00ebshtje sporti, krimi duhet t\u00eb rrij\u00eb larg tij.<\/span><\/p>\n<p><span style=\"color: #000000;\">Lici tha se nuk trembet nga incidenti dhe se do t\u00eb vijoj\u00eb detyr\u00ebn e tij n\u00eb k\u00ebt\u00eb klub sportiv.<\/span><\/p>\n<p><span style=\"color: #000000;\"><em>\u201cN\u00ebse ka pasur probleme me sportin, jam sqaruar. Ja l\u00eb n\u00eb dor\u00eb organeve kompetente q\u00eb t\u00eb zbardhin ngjarjen. Nuk m\u00eb tremb kjo ngjarje. Do t\u00eb vazhdoj detyr\u00ebn. Pa folur organet kompetente nuk kemi pse i v\u00ebm\u00eb nj\u00eb etiket\u00eb. N\u00ebse \u00ebsht\u00eb nj\u00eb marr\u00ebdh\u00ebnie me sportin, mendoj q\u00eb strukturat kriminale t\u00eb q\u00ebndrojn\u00eb larg sportit. Absolutisht nuk m\u00eb tremb kjo ngjarje. N\u00eb Shkod\u00ebr m\u00eb kan\u00eb \u00e7do dit\u00eb. Pasi ky qytet ka nevoj\u00eb p\u00ebr shum\u00eb gj\u00ebra. Jam njeri i lir\u00eb dhe pas k\u00ebsaj ngjarje\u201d,<\/em> tha Lici.<\/span><\/p>\n<p><span style=\"color: #000000;\">Vet\u00ebm pak or\u00eb para ndeshjes q\u00eb Vllaznia ka sot me Teut\u00ebn e Durr\u00ebsit, Licit iu vendos nj\u00eb sasi eksplozive posht\u00eb makin\u00ebs e cila fatmir\u00ebsisht nuk shp\u00ebrtheu.<\/span><br \/>\n<iframe loading=\"lazy\" src=\"https:\/\/www.youtube.com\/embed\/Dh54BOLUxNE\" width=\"560\" height=\"315\" frameborder=\"0\" allowfullscreen=\"allowfullscreen\"><\/iframe><\/p>\n","protected":false,"gt_translate_keys":[{"key":"rendered","format":"html"}]},"excerpt":{"rendered":"<p>Administratori i Vllaznis\u00eb, Suad Lici, t\u00eb cilit iu vendos sot nj\u00eb pako e dyshimt\u00eb me eksploziv posht\u00eb mjetit, thot\u00eb se nuk ka konflikte me ask\u00ebnd. N\u00eb nj\u00eb prononcim p\u00ebr gazetar\u00ebt nga Shkodra, Lici tha se kushdo q\u00eb ka patur nevoj\u00eb p\u00ebr sqarime lidhur me \u00e7\u00ebshtje sporti ai i ka sqaruar nd\u00ebrsa shton se n\u00ebse b\u00ebhet [&hellip;]<\/p>\n","protected":false,"gt_translate_keys":[{"key":"rendered","format":"html"}]},"author":30,"featured_media":353933,"comment_status":"open","ping_status":"open","sticky":false,"template":"","format":"standard","meta":{"footnotes":""},"categories":[6],"tags":[],"class_list":["post-353932","post","type-post","status-publish","format-standard","has-post-thumbnail","hentry","category-nderkombetare"],"gt_translate_keys":[{"key":"link","format":"url"}],"_links":{"self":[{"href":"https:\/\/www.hashtag.al\/index.php\/wp-json\/wp\/v2\/posts\/353932","targetHints":{"allow":["GET"]}}],"collection":[{"href":"https:\/\/www.hashtag.al\/index.php\/wp-json\/wp\/v2\/posts"}],"about":[{"href":"https:\/\/www.hashtag.al\/index.php\/wp-json\/wp\/v2\/types\/post"}],"author":[{"embeddable":true,"href":"https:\/\/www.hashtag.al\/index.php\/wp-json\/wp\/v2\/users\/30"}],"replies":[{"embeddable":true,"href":"https:\/\/www.hashtag.al\/index.php\/wp-json\/wp\/v2\/comments?post=353932"}],"version-history":[{"count":0,"href":"https:\/\/www.hashtag.al\/index.php\/wp-json\/wp\/v2\/posts\/353932\/revisions"}],"wp:featuredmedia":[{"embeddable":true,"href":"https:\/\/www.hashtag.al\/index.php\/wp-json\/wp\/v2\/media\/353933"}],"wp:attachment":[{"href":"https:\/\/www.hashtag.al\/index.php\/wp-json\/wp\/v2\/media?parent=353932"}],"wp:term":[{"taxonomy":"category","embeddable":true,"href":"https:\/\/www.hashtag.al\/index.php\/wp-json\/wp\/v2\/categories?post=353932"},{"taxonomy":"post_tag","embeddable":true,"href":"https:\/\/www.hashtag.al\/index.php\/wp-json\/wp\/v2\/tags?post=353932"}],"curies":[{"name":"wp","href":"https:\/\/api.w.org\/{rel}","templated":true}]}}