{"id":353835,"date":"2020-02-15T17:18:10","date_gmt":"2020-02-15T16:18:10","guid":{"rendered":"https:\/\/hashtag.al\/?p=353835"},"modified":"2020-02-15T17:18:10","modified_gmt":"2020-02-15T16:18:10","slug":"rama-shkrin-gazit-te-pranishmit-gjate-fjales-ne-mynih-i-kujton-frances-gabimet-video","status":"publish","type":"post","link":"https:\/\/www.hashtag.al\/index.php\/2020\/02\/15\/rama-shkrin-gazit-te-pranishmit-gjate-fjales-ne-mynih-i-kujton-frances-gabimet-video\/","title":{"rendered":"Rama shkrin gazit t\u00eb pranishmit gjat\u00eb fjal\u00ebs n\u00eb Mynih, i kujton Franc\u00ebs gabimet (Video)","gt_translate_keys":[{"key":"rendered","format":"text"}]},"content":{"rendered":"<p><img loading=\"lazy\" decoding=\"async\" class=\"aligncenter size-full wp-image-353804\" src=\"https:\/\/hashtag.al\/wp-content\/uploads\/2020\/02\/rma.jpg\" alt=\"\" width=\"1389\" height=\"667\" srcset=\"https:\/\/www.hashtag.al\/wp-content\/uploads\/2020\/02\/rma.jpg 1389w, https:\/\/www.hashtag.al\/wp-content\/uploads\/2020\/02\/rma-300x144.jpg 300w, https:\/\/www.hashtag.al\/wp-content\/uploads\/2020\/02\/rma-768x369.jpg 768w, https:\/\/www.hashtag.al\/wp-content\/uploads\/2020\/02\/rma-1024x492.jpg 1024w\" sizes=\"auto, (max-width: 1389px) 100vw, 1389px\" \/><\/p>\n<p><span style=\"color: #000000;\">Kryeministri Edi Rama gjat\u00eb fjal\u00ebs s\u00eb tij s\u00eb Konferenc\u00ebn e Siguris\u00eb n\u00eb Mynih duke ironizuar Franc\u00ebn n\u00eb lidhje me \u201cgaf\u00ebn\u201d me himnin e Shqip\u00ebris\u00eb n\u00eb ndeshjen e futbollit ndaj komb\u00ebtares, ka shkaktuar t\u00eb qeshura ndaj t\u00eb pranishm\u00ebve n\u00eb sall\u00eb.<\/span><\/p>\n<p><span style=\"color: #000000;\">Rama i vuri n\u00eb dukje francezit Richard se po b\u00ebnte gabime teksa fliste nd\u00ebrsa m\u00eb pas i kujtoi gaf\u00ebn me himnin, q\u00eb sipas tij ishte nj\u00eb gabim i madh.<\/span><\/p>\n<p><span style=\"color: #000000;\">\u201c<em>Richard, faleminderit q\u00eb nuk b\u00ebre t\u00eb nj\u00ebjtin gabim q\u00eb b\u00ebre me disa t\u00eb tjer\u00eb. Megjithat\u00eb, nd\u00ebrkoh\u00eb q\u00eb po d\u00ebgjoja gabimet q\u00eb po b\u00ebje, po mendoja p\u00ebr disa gabime shum\u00eb m\u00eb t\u00eb m\u00ebdha. Kur Shqip\u00ebria luajti futboll n\u00eb Paris, i vun\u00eb himnin e Andorr\u00ebs. T\u00eb gjith\u00eb u \u00e7udit\u00ebn. Pastaj, francez\u00ebt e kuptuan q\u00eb kishin b\u00ebr\u00eb gabim dhe i k\u00ebrkuan ndjes\u00eb Armenis\u00eb q\u00eb kishin v\u00ebn\u00eb himnin e gabuar. K\u00ebshtu q\u00eb faleminderit, por ka dhe m\u00eb keq<\/em>\u201d-tha Rama.<\/span><br \/>\n<iframe loading=\"lazy\" style=\"border: none; overflow: hidden;\" src=\"https:\/\/www.facebook.com\/plugins\/video.php?href=https%3A%2F%2Fwww.facebook.com%2Fedirama.al%2Fvideos%2F2890398231013126%2F&amp;show_text=0&amp;width=560\" width=\"560\" height=\"315\" frameborder=\"0\" scrolling=\"no\" allowfullscreen=\"allowfullscreen\"><\/iframe><\/p>\n","protected":false,"gt_translate_keys":[{"key":"rendered","format":"html"}]},"excerpt":{"rendered":"<p>Kryeministri Edi Rama gjat\u00eb fjal\u00ebs s\u00eb tij s\u00eb Konferenc\u00ebn e Siguris\u00eb n\u00eb Mynih duke ironizuar Franc\u00ebn n\u00eb lidhje me \u201cgaf\u00ebn\u201d me himnin e Shqip\u00ebris\u00eb n\u00eb ndeshjen e futbollit ndaj komb\u00ebtares, ka shkaktuar t\u00eb qeshura ndaj t\u00eb pranishm\u00ebve n\u00eb sall\u00eb. Rama i vuri n\u00eb dukje francezit Richard se po b\u00ebnte gabime teksa fliste nd\u00ebrsa m\u00eb pas [&hellip;]<\/p>\n","protected":false,"gt_translate_keys":[{"key":"rendered","format":"html"}]},"author":32,"featured_media":353804,"comment_status":"open","ping_status":"open","sticky":false,"template":"","format":"standard","meta":{"footnotes":""},"categories":[1],"tags":[],"class_list":["post-353835","post","type-post","status-publish","format-standard","has-post-thumbnail","hentry","category-uncategorized"],"gt_translate_keys":[{"key":"link","format":"url"}],"_links":{"self":[{"href":"https:\/\/www.hashtag.al\/index.php\/wp-json\/wp\/v2\/posts\/353835","targetHints":{"allow":["GET"]}}],"collection":[{"href":"https:\/\/www.hashtag.al\/index.php\/wp-json\/wp\/v2\/posts"}],"about":[{"href":"https:\/\/www.hashtag.al\/index.php\/wp-json\/wp\/v2\/types\/post"}],"author":[{"embeddable":true,"href":"https:\/\/www.hashtag.al\/index.php\/wp-json\/wp\/v2\/users\/32"}],"replies":[{"embeddable":true,"href":"https:\/\/www.hashtag.al\/index.php\/wp-json\/wp\/v2\/comments?post=353835"}],"version-history":[{"count":0,"href":"https:\/\/www.hashtag.al\/index.php\/wp-json\/wp\/v2\/posts\/353835\/revisions"}],"wp:featuredmedia":[{"embeddable":true,"href":"https:\/\/www.hashtag.al\/index.php\/wp-json\/wp\/v2\/media\/353804"}],"wp:attachment":[{"href":"https:\/\/www.hashtag.al\/index.php\/wp-json\/wp\/v2\/media?parent=353835"}],"wp:term":[{"taxonomy":"category","embeddable":true,"href":"https:\/\/www.hashtag.al\/index.php\/wp-json\/wp\/v2\/categories?post=353835"},{"taxonomy":"post_tag","embeddable":true,"href":"https:\/\/www.hashtag.al\/index.php\/wp-json\/wp\/v2\/tags?post=353835"}],"curies":[{"name":"wp","href":"https:\/\/api.w.org\/{rel}","templated":true}]}}