{"id":353802,"date":"2020-02-15T14:53:50","date_gmt":"2020-02-15T13:53:50","guid":{"rendered":"https:\/\/hashtag.al\/?p=353802"},"modified":"2020-02-15T14:55:41","modified_gmt":"2020-02-15T13:55:41","slug":"rama-thirrje-vendeve-te-osbe-se-te-kontribuojne-per-ukrainen-njerezit-po-jetojne-ne-ferr","status":"publish","type":"post","link":"https:\/\/www.hashtag.al\/index.php\/2020\/02\/15\/rama-thirrje-vendeve-te-osbe-se-te-kontribuojne-per-ukrainen-njerezit-po-jetojne-ne-ferr\/","title":{"rendered":"Rama thirrje vendeve t\u00eb OSBE-s\u00eb t\u00eb kontribuojn\u00eb p\u00ebr Ukrain\u00ebn: Njer\u00ebzit po jetojn\u00eb n\u00eb ferr","gt_translate_keys":[{"key":"rendered","format":"text"}]},"content":{"rendered":"<p><a href=\"https:\/\/hashtag.al\/wp-content\/uploads\/2020\/02\/rma.jpg\"><img loading=\"lazy\" decoding=\"async\" class=\"aligncenter size-full wp-image-353804\" src=\"https:\/\/hashtag.al\/wp-content\/uploads\/2020\/02\/rma.jpg\" alt=\"\" width=\"1389\" height=\"667\" srcset=\"https:\/\/www.hashtag.al\/wp-content\/uploads\/2020\/02\/rma.jpg 1389w, https:\/\/www.hashtag.al\/wp-content\/uploads\/2020\/02\/rma-300x144.jpg 300w, https:\/\/www.hashtag.al\/wp-content\/uploads\/2020\/02\/rma-768x369.jpg 768w, https:\/\/www.hashtag.al\/wp-content\/uploads\/2020\/02\/rma-1024x492.jpg 1024w\" sizes=\"auto, (max-width: 1389px) 100vw, 1389px\" \/><\/a><\/p>\n<p><span style=\"color: #000000;\">Kryeministri Edi Rama ndodhet n\u00eb Mynih, n\u00eb konferenc\u00ebn mbi sigurin\u00eb ku ka folur si kryesues i OSBE-s\u00eb. <\/span><span style=\"color: #000000;\">Konferenca p\u00ebrqendrohet n\u00eb konfliktin mes Rusis\u00eb dhe Ukrain\u00ebs dhe Rama iu b\u00ebri thirrje t\u00eb gjitha vendeve t\u00eb OSBE t\u00eb ofrojn\u00eb mb\u00ebshtetje p\u00ebr njer\u00ebzit, q\u00eb jetojn\u00eb n\u00eb kufirin e luft\u00ebs.<\/span><\/p>\n<p><span style=\"color: #000000;\"><em>\u00a0\u201cVazhdojn\u00eb incidentet, sidomos gjat\u00eb nat\u00ebs, p\u00ebr shkak t\u00eb munges\u00ebs s\u00eb kapaciteteve p\u00ebr t\u00eb monitoruar vij\u00ebn kufitare n\u00eb m\u00ebnyr\u00eb m\u00eb konstante. Iu b\u00ebj thirrje t\u00eb gjitha vendeve t\u00eb mb\u00ebshtesin ata njer\u00ebz, q\u00eb jetojn\u00eb n\u00eb at\u00eb ferr. Nuk do t\u00eb kushtoj\u00eb male me para, por disa kontribute shtes\u00eb nga vendet e OSBE, n\u00eb m\u00ebnyr\u00eb q\u00eb t\u00eb garantohet q\u00eb askush t\u00eb mos vazhdoj\u00eb t\u00eb luaj\u00eb e t\u00eb krijoj\u00eb k\u00ebto incidente. E gjitha kjo \u00ebsht\u00eb si\u00e7 u tha, por le t\u00eb mos g\u00ebnjejm\u00eb veten, sepse nuk \u00ebsht\u00eb vet\u00ebm Ukraina, \u00ebsht\u00eb edhe Gjeorgjia, Moldavia, por mbi t\u00eb gjitha ka t\u00eb b\u00ebj\u00eb me civilizimin ton\u00eb\u201d<\/em>, tha Rama.<\/span><\/p>\n","protected":false,"gt_translate_keys":[{"key":"rendered","format":"html"}]},"excerpt":{"rendered":"<p>Kryeministri Edi Rama ndodhet n\u00eb Mynih, n\u00eb konferenc\u00ebn mbi sigurin\u00eb ku ka folur si kryesues i OSBE-s\u00eb. Konferenca p\u00ebrqendrohet n\u00eb konfliktin mes Rusis\u00eb dhe Ukrain\u00ebs dhe Rama iu b\u00ebri thirrje t\u00eb gjitha vendeve t\u00eb OSBE t\u00eb ofrojn\u00eb mb\u00ebshtetje p\u00ebr njer\u00ebzit, q\u00eb jetojn\u00eb n\u00eb kufirin e luft\u00ebs. \u00a0\u201cVazhdojn\u00eb incidentet, sidomos gjat\u00eb nat\u00ebs, p\u00ebr shkak t\u00eb munges\u00ebs [&hellip;]<\/p>\n","protected":false,"gt_translate_keys":[{"key":"rendered","format":"html"}]},"author":30,"featured_media":353804,"comment_status":"open","ping_status":"open","sticky":false,"template":"","format":"standard","meta":{"footnotes":""},"categories":[65,13],"tags":[],"class_list":["post-353802","post","type-post","status-publish","format-standard","has-post-thumbnail","hentry","category-lajme","category-te-fundit"],"gt_translate_keys":[{"key":"link","format":"url"}],"_links":{"self":[{"href":"https:\/\/www.hashtag.al\/index.php\/wp-json\/wp\/v2\/posts\/353802","targetHints":{"allow":["GET"]}}],"collection":[{"href":"https:\/\/www.hashtag.al\/index.php\/wp-json\/wp\/v2\/posts"}],"about":[{"href":"https:\/\/www.hashtag.al\/index.php\/wp-json\/wp\/v2\/types\/post"}],"author":[{"embeddable":true,"href":"https:\/\/www.hashtag.al\/index.php\/wp-json\/wp\/v2\/users\/30"}],"replies":[{"embeddable":true,"href":"https:\/\/www.hashtag.al\/index.php\/wp-json\/wp\/v2\/comments?post=353802"}],"version-history":[{"count":0,"href":"https:\/\/www.hashtag.al\/index.php\/wp-json\/wp\/v2\/posts\/353802\/revisions"}],"wp:featuredmedia":[{"embeddable":true,"href":"https:\/\/www.hashtag.al\/index.php\/wp-json\/wp\/v2\/media\/353804"}],"wp:attachment":[{"href":"https:\/\/www.hashtag.al\/index.php\/wp-json\/wp\/v2\/media?parent=353802"}],"wp:term":[{"taxonomy":"category","embeddable":true,"href":"https:\/\/www.hashtag.al\/index.php\/wp-json\/wp\/v2\/categories?post=353802"},{"taxonomy":"post_tag","embeddable":true,"href":"https:\/\/www.hashtag.al\/index.php\/wp-json\/wp\/v2\/tags?post=353802"}],"curies":[{"name":"wp","href":"https:\/\/api.w.org\/{rel}","templated":true}]}}