{"id":353798,"date":"2020-02-15T14:43:33","date_gmt":"2020-02-15T13:43:33","guid":{"rendered":"https:\/\/hashtag.al\/?p=353798"},"modified":"2020-02-15T14:44:33","modified_gmt":"2020-02-15T13:44:33","slug":"kush-ka-nevoje-per-oscar-batuta-e-presidentit-ukrainas-tani-jam-i-famshem-ne-shba","status":"publish","type":"post","link":"https:\/\/www.hashtag.al\/index.php\/2020\/02\/15\/kush-ka-nevoje-per-oscar-batuta-e-presidentit-ukrainas-tani-jam-i-famshem-ne-shba\/","title":{"rendered":"Kush ka nevoj\u00eb p\u00ebr &#8220;Oscar&#8221;? Batuta e presidentit ukrainas: Tani jam i famsh\u00ebm n\u00eb SHBA","gt_translate_keys":[{"key":"rendered","format":"text"}]},"content":{"rendered":"<p><a href=\"https:\/\/hashtag.al\/wp-content\/uploads\/2020\/02\/zelensky.jpg\"><img loading=\"lazy\" decoding=\"async\" class=\"aligncenter size-full wp-image-353799\" src=\"https:\/\/hashtag.al\/wp-content\/uploads\/2020\/02\/zelensky.jpg\" alt=\"\" width=\"1920\" height=\"1080\" srcset=\"https:\/\/www.hashtag.al\/wp-content\/uploads\/2020\/02\/zelensky.jpg 1920w, https:\/\/www.hashtag.al\/wp-content\/uploads\/2020\/02\/zelensky-300x169.jpg 300w, https:\/\/www.hashtag.al\/wp-content\/uploads\/2020\/02\/zelensky-768x432.jpg 768w, https:\/\/www.hashtag.al\/wp-content\/uploads\/2020\/02\/zelensky-1024x576.jpg 1024w\" sizes=\"auto, (max-width: 1920px) 100vw, 1920px\" \/><\/a><\/p>\n<p><span style=\"color: #000000;\">Presidenti ukrainas Volodymyr Zelenskiy i cili m\u00eb par\u00eb ka qen\u00eb aktor, b\u00ebri shaka k\u00ebt\u00eb t\u00eb shtun\u00eb duke treguar se m\u00eb par\u00eb kishte \u00ebnd\u00ebrruar p\u00ebr nj\u00eb \u00e7mim Oskar dhe popullaritetin n\u00eb Shtetet e Bashkuara, por ai t\u00eb pakt\u00ebn kishte arritur pjes\u00ebn e fam\u00ebs p\u00ebrmes procesit t\u00eb gjykimit t\u00eb Presidentit Donald Trump.<\/span><\/p>\n<p><span style=\"color: #000000;\">N\u00eb Konferenc\u00ebn e Siguris\u00eb n\u00eb Mynih p\u00ebr Ukrain\u00ebn, ku ndodhet edhe kryeministri Edi Rama, Zelenskiy tha se po i b\u00ebjn\u00eb shum\u00eb pyetje n\u00eb lidhje me procesin q\u00eb u zhvillua pak jav\u00eb m\u00eb par\u00eb kund\u00ebr Trump.<\/span><\/p>\n<p><span style=\"color: #000000;\"><em>&#8220;N\u00eb profesionin tim t\u00eb m\u00ebparsh\u00ebm si producent, skenarist dhe aktor, un\u00eb doja t\u00eb fitoja nj\u00eb Oskar dhe doja t\u00eb isha shum\u00eb i njohur n\u00eb Shtetet e Bashkuara. Tani un\u00eb jam shum\u00eb i njohur n\u00eb SHBA, por nuk doja ta gjeja n\u00eb nj\u00eb m\u00ebnyr\u00eb t\u00eb till\u00eb.&#8221;<\/em>&#8211; tha ai, citon <span style=\"color: #0000ff;\"><a style=\"color: #0000ff;\" href=\"https:\/\/www.reuters.com\/article\/us-germany-security-ukraine-usa\/who-needs-an-oscar-im-popular-in-u-s-now-jokes-ukrainian-leader-idUSKBN2090GH\">Reuters<\/a><\/span>.<\/span><\/p>\n<p><span style=\"color: #000000;\">Trump u akuzua nga demokrat\u00ebt p\u00ebr shp\u00ebrdorim t\u00eb detyr\u00ebs s\u00eb tij duke i b\u00ebr\u00eb presion Ukrain\u00ebs p\u00ebr t\u00eb hetuar rivalin e tij politik, Joe Biden. Por ai u lirua nga akuzat k\u00ebt\u00eb muaj nga Senati.<\/span><\/p>\n<p><span style=\"color: #000000;\">Shtetet e Bashkuara kan\u00eb qen\u00eb mb\u00ebshtetja m\u00eb e fuqishme e Ukrain\u00ebs n\u00eb mosmarr\u00ebveshjet me Rusin\u00eb n\u00eb lidhje me aneksimin e Krimes\u00eb nga Moska n\u00eb vitin 2014.<\/span><\/p>\n<p><span style=\"color: #000000;\">Zelenskiy tha se ai d\u00ebshiron t\u00eb ndryshoj\u00eb imazhin e Ukrain\u00ebs n\u00eb m\u00ebnyr\u00eb q\u00eb njer\u00ebzit t\u00eb mos e shoq\u00ebrojn\u00eb vendin me korrupsionin. Ai gjithashtu fal\u00ebnderoi Shtetet e Bashkuara p\u00ebr t\u00eb gjith\u00eb ndihm\u00ebn q\u00eb i \u00ebsht\u00eb ofruar dhe shtoi se ishte i gatsh\u00ebm p\u00ebr m\u00eb shum\u00eb telefonata me Trump.<\/span><\/p>\n","protected":false,"gt_translate_keys":[{"key":"rendered","format":"html"}]},"excerpt":{"rendered":"<p>Presidenti ukrainas Volodymyr Zelenskiy i cili m\u00eb par\u00eb ka qen\u00eb aktor, b\u00ebri shaka k\u00ebt\u00eb t\u00eb shtun\u00eb duke treguar se m\u00eb par\u00eb kishte \u00ebnd\u00ebrruar p\u00ebr nj\u00eb \u00e7mim Oskar dhe popullaritetin n\u00eb Shtetet e Bashkuara, por ai t\u00eb pakt\u00ebn kishte arritur pjes\u00ebn e fam\u00ebs p\u00ebrmes procesit t\u00eb gjykimit t\u00eb Presidentit Donald Trump. N\u00eb Konferenc\u00ebn e Siguris\u00eb n\u00eb [&hellip;]<\/p>\n","protected":false,"gt_translate_keys":[{"key":"rendered","format":"html"}]},"author":30,"featured_media":353799,"comment_status":"open","ping_status":"open","sticky":false,"template":"","format":"standard","meta":{"footnotes":""},"categories":[6],"tags":[],"class_list":["post-353798","post","type-post","status-publish","format-standard","has-post-thumbnail","hentry","category-nderkombetare"],"gt_translate_keys":[{"key":"link","format":"url"}],"_links":{"self":[{"href":"https:\/\/www.hashtag.al\/index.php\/wp-json\/wp\/v2\/posts\/353798","targetHints":{"allow":["GET"]}}],"collection":[{"href":"https:\/\/www.hashtag.al\/index.php\/wp-json\/wp\/v2\/posts"}],"about":[{"href":"https:\/\/www.hashtag.al\/index.php\/wp-json\/wp\/v2\/types\/post"}],"author":[{"embeddable":true,"href":"https:\/\/www.hashtag.al\/index.php\/wp-json\/wp\/v2\/users\/30"}],"replies":[{"embeddable":true,"href":"https:\/\/www.hashtag.al\/index.php\/wp-json\/wp\/v2\/comments?post=353798"}],"version-history":[{"count":0,"href":"https:\/\/www.hashtag.al\/index.php\/wp-json\/wp\/v2\/posts\/353798\/revisions"}],"wp:featuredmedia":[{"embeddable":true,"href":"https:\/\/www.hashtag.al\/index.php\/wp-json\/wp\/v2\/media\/353799"}],"wp:attachment":[{"href":"https:\/\/www.hashtag.al\/index.php\/wp-json\/wp\/v2\/media?parent=353798"}],"wp:term":[{"taxonomy":"category","embeddable":true,"href":"https:\/\/www.hashtag.al\/index.php\/wp-json\/wp\/v2\/categories?post=353798"},{"taxonomy":"post_tag","embeddable":true,"href":"https:\/\/www.hashtag.al\/index.php\/wp-json\/wp\/v2\/tags?post=353798"}],"curies":[{"name":"wp","href":"https:\/\/api.w.org\/{rel}","templated":true}]}}