{"id":353773,"date":"2020-02-15T12:44:46","date_gmt":"2020-02-15T11:44:46","guid":{"rendered":"https:\/\/hashtag.al\/?p=353773"},"modified":"2020-02-15T12:52:38","modified_gmt":"2020-02-15T11:52:38","slug":"macron-nese-raporti-i-ke-se-eshte-pozitiv-do-hapim-negociatat","status":"publish","type":"post","link":"https:\/\/www.hashtag.al\/index.php\/2020\/02\/15\/macron-nese-raporti-i-ke-se-eshte-pozitiv-do-hapim-negociatat\/","title":{"rendered":"Macron: N\u00ebse raporti i KE-s\u00eb \u00ebsht\u00eb pozitiv, do hapim negociatat","gt_translate_keys":[{"key":"rendered","format":"text"}]},"content":{"rendered":"<p><a href=\"https:\/\/hashtag.al\/wp-content\/uploads\/2019\/10\/macron21tetor-e1571658661626.jpg\"><img loading=\"lazy\" decoding=\"async\" class=\"aligncenter size-full wp-image-328810\" src=\"https:\/\/hashtag.al\/wp-content\/uploads\/2019\/10\/macron21tetor-e1571658661626.jpg\" alt=\"\" width=\"1280\" height=\"845\" srcset=\"https:\/\/www.hashtag.al\/wp-content\/uploads\/2019\/10\/macron21tetor-e1571658661626.jpg 1280w, https:\/\/www.hashtag.al\/wp-content\/uploads\/2019\/10\/macron21tetor-e1571658661626-300x198.jpg 300w, https:\/\/www.hashtag.al\/wp-content\/uploads\/2019\/10\/macron21tetor-e1571658661626-768x507.jpg 768w, https:\/\/www.hashtag.al\/wp-content\/uploads\/2019\/10\/macron21tetor-e1571658661626-1024x676.jpg 1024w\" sizes=\"auto, (max-width: 1280px) 100vw, 1280px\" \/><\/a><\/p>\n<p><span style=\"color: #000000;\">Presidenti francez Emmanuel Macron ka deklaruar se n\u00ebse rezultatet e raportit t\u00eb Komisionit t\u00eb BE-s\u00eb n\u00eb mars p\u00ebr Maqedonin\u00eb e Veriut dhe Shqip\u00ebrin\u00eb do t\u00eb jen\u00eb pozitive, ai do t\u00eb mb\u00ebshtes\u00eb hapjen e negociatave.<\/span><\/p>\n<p><span style=\"color: #000000;\"><em>&#8220;Ne jemi duke pritur p\u00ebr raportin n\u00eb mars &#8230; n\u00eb var\u00ebsi t\u00eb faktit n\u00ebse rezultatet jan\u00eb pozitive dhe besimi vendoset, at\u00ebher\u00eb ne duhet t\u00eb jemi n\u00eb gjendje t\u00eb hapim negociatat&#8221;<\/em>&#8211; i tha Macron gjat\u00eb Konferenc\u00ebs s\u00eb Siguris\u00eb n\u00eb Mynih, citon <span style=\"color: #0000ff;\"><a style=\"color: #0000ff;\" href=\"https:\/\/www.reuters.com\/article\/us-germany-security-macron-balkans\/macron-opens-door-to-north-macedonia-albania-eu-accession-talks-idUSKBN2090DM\">Reuters<\/a><\/span>.<\/span><\/p>\n<p><span style=\"color: #000000;\">Kujtojm\u00eb se Franca ishte shteti kryesor q\u00eb kund\u00ebrshtonte hapjen e negociatave n\u00eb samitin e mbajtur n\u00eb tetor t\u00eb 2019-\u00ebs. Duket se q\u00ebndrimi i Macron ndaj zgjerimit ka ndryshuar, pasi <\/span><span style=\"color: #000000;\">KE ka hartuar nj\u00eb metodologji t\u00eb re t\u00eb zgjerimit, q\u00eb pritet t\u00eb zbatohet p\u00ebr her\u00eb t\u00eb par\u00eb me Shqip\u00ebrin\u00eb dhe Maqedonin\u00eb e Veriut. Kjo ka qen\u00eb nj\u00eb nga arsyet kryesore pse Franca kund\u00ebrshtoi hapjen e negociatave vjet, mes shum\u00eb t\u00eb tjerash.<strong>\/Hashtag.al<\/strong><\/span><\/p>\n","protected":false,"gt_translate_keys":[{"key":"rendered","format":"html"}]},"excerpt":{"rendered":"<p>Presidenti francez Emmanuel Macron ka deklaruar se n\u00ebse rezultatet e raportit t\u00eb Komisionit t\u00eb BE-s\u00eb n\u00eb mars p\u00ebr Maqedonin\u00eb e Veriut dhe Shqip\u00ebrin\u00eb do t\u00eb jen\u00eb pozitive, ai do t\u00eb mb\u00ebshtes\u00eb hapjen e negociatave. &#8220;Ne jemi duke pritur p\u00ebr raportin n\u00eb mars &#8230; n\u00eb var\u00ebsi t\u00eb faktit n\u00ebse rezultatet jan\u00eb pozitive dhe besimi vendoset, at\u00ebher\u00eb [&hellip;]<\/p>\n","protected":false,"gt_translate_keys":[{"key":"rendered","format":"html"}]},"author":30,"featured_media":328810,"comment_status":"open","ping_status":"open","sticky":false,"template":"","format":"standard","meta":{"footnotes":""},"categories":[22,65,13],"tags":[],"class_list":["post-353773","post","type-post","status-publish","format-standard","has-post-thumbnail","hentry","category-ballina","category-lajme","category-te-fundit"],"gt_translate_keys":[{"key":"link","format":"url"}],"_links":{"self":[{"href":"https:\/\/www.hashtag.al\/index.php\/wp-json\/wp\/v2\/posts\/353773","targetHints":{"allow":["GET"]}}],"collection":[{"href":"https:\/\/www.hashtag.al\/index.php\/wp-json\/wp\/v2\/posts"}],"about":[{"href":"https:\/\/www.hashtag.al\/index.php\/wp-json\/wp\/v2\/types\/post"}],"author":[{"embeddable":true,"href":"https:\/\/www.hashtag.al\/index.php\/wp-json\/wp\/v2\/users\/30"}],"replies":[{"embeddable":true,"href":"https:\/\/www.hashtag.al\/index.php\/wp-json\/wp\/v2\/comments?post=353773"}],"version-history":[{"count":0,"href":"https:\/\/www.hashtag.al\/index.php\/wp-json\/wp\/v2\/posts\/353773\/revisions"}],"wp:featuredmedia":[{"embeddable":true,"href":"https:\/\/www.hashtag.al\/index.php\/wp-json\/wp\/v2\/media\/328810"}],"wp:attachment":[{"href":"https:\/\/www.hashtag.al\/index.php\/wp-json\/wp\/v2\/media?parent=353773"}],"wp:term":[{"taxonomy":"category","embeddable":true,"href":"https:\/\/www.hashtag.al\/index.php\/wp-json\/wp\/v2\/categories?post=353773"},{"taxonomy":"post_tag","embeddable":true,"href":"https:\/\/www.hashtag.al\/index.php\/wp-json\/wp\/v2\/tags?post=353773"}],"curies":[{"name":"wp","href":"https:\/\/api.w.org\/{rel}","templated":true}]}}