{"id":353725,"date":"2020-02-15T09:57:28","date_gmt":"2020-02-15T08:57:28","guid":{"rendered":"https:\/\/hashtag.al\/?p=353725"},"modified":"2020-02-15T09:58:04","modified_gmt":"2020-02-15T08:58:04","slug":"shkrumbohet-nga-flaket-jetimorja-ne-haiti-humbin-jeten-15-femije","status":"publish","type":"post","link":"https:\/\/www.hashtag.al\/index.php\/2020\/02\/15\/shkrumbohet-nga-flaket-jetimorja-ne-haiti-humbin-jeten-15-femije\/","title":{"rendered":"Shkrumbohet nga flak\u00ebt jetimorja n\u00eb Haiti, humbin jet\u00ebn 15 f\u00ebmij\u00eb","gt_translate_keys":[{"key":"rendered","format":"text"}]},"content":{"rendered":"<p><a href=\"https:\/\/hashtag.al\/wp-content\/uploads\/2020\/02\/110913644_hi059947155-1.jpg\"><img loading=\"lazy\" decoding=\"async\" class=\"aligncenter size-full wp-image-353727\" src=\"https:\/\/hashtag.al\/wp-content\/uploads\/2020\/02\/110913644_hi059947155-1.jpg\" alt=\"\" width=\"660\" height=\"371\" srcset=\"https:\/\/www.hashtag.al\/wp-content\/uploads\/2020\/02\/110913644_hi059947155-1.jpg 660w, https:\/\/www.hashtag.al\/wp-content\/uploads\/2020\/02\/110913644_hi059947155-1-300x169.jpg 300w\" sizes=\"auto, (max-width: 660px) 100vw, 660px\" \/><\/a><\/p>\n<p><span style=\"color: #000000;\">Pes\u00ebmb\u00ebdhjet\u00eb f\u00ebmij\u00eb kan\u00eb humbur jet\u00ebn n\u00eb Haiti pasi jetimorja ku q\u00ebndronin \u00ebsht\u00eb p\u00ebrfshir\u00eb nga flak\u00ebt.<\/span><\/p>\n<p><span style=\"color: #000000;\"><span style=\"color: #0000ff;\"><a style=\"color: #0000ff;\" href=\"https:\/\/www.bbc.com\/news\/world-latin-america-51510869\">BBC<\/a> <\/span>shkruan se n\u00eb jetimore p\u00ebrdoreshin qirinj n\u00eb vend t\u00eb energjis\u00eb elektrike, por ende nuk ka nj\u00eb konfirmim zyrtar se cili \u00ebsht\u00eb shkaku i zjarrit.<\/span><\/p>\n<p><span style=\"color: #000000;\">Jetimorja drejtohej nga nj\u00eb grup i krishter\u00eb me qend\u00ebr n\u00eb SHBA dhe ishte nj\u00eb nga qindra jetimoret n\u00eb Haiti q\u00eb vepronte pa autorizim zyrtar.<\/span><\/p>\n<p><span style=\"color: #000000;\">Autoritetet tani po punojn\u00eb p\u00ebr t\u00eb mb\u00ebshtetur dhe rivendosur f\u00ebmij\u00ebt e mbijetuar. N\u00eb koh\u00ebn kur ra zjarri, n\u00eb jetimoren e palicencuar po q\u00ebndronin rreth 60 f\u00ebmij\u00eb.<\/span><\/p>\n<p><span style=\"color: #000000;\"><em>&#8220;Ne do t&#8217;i vendosim t\u00eb mbijetuarit n\u00eb nj\u00eb qend\u00ebr tranziti nd\u00ebrsa ne b\u00ebjm\u00eb k\u00ebrkime mbi familjen e tyre dhe t\u00eb shohim n\u00ebse mund t&#8217;i bashkojm\u00eb ata me prind\u00ebrit&#8221;<\/em>, i tha agjensis\u00eb s\u00eb lajmeve Reuters, Arielle Jeanty Villedrouin, drejtore e Institutit p\u00ebr Mir\u00ebqenie Sociale.<\/span><\/p>\n<p><span style=\"color: #000000;\">Zjarri n\u00eb jetimoren, q\u00eb ndodhet n\u00eb jug t\u00eb kryeqytetit Port-au-Prince, filloi t\u00eb enjten n\u00eb mbr\u00ebmje. Zyrtar\u00ebt than\u00eb q\u00eb dy f\u00ebmij\u00eb humb\u00ebn jet\u00ebn n\u00eb vendngjarje, nd\u00ebrsa 13 t\u00eb tjer\u00eb nd\u00ebrruan jet\u00eb n\u00eb spital si rezultat i thithjes s\u00eb tymit. Qirinjt\u00eb ishin ndezur nat\u00ebn e zjarrit sepse ishte prishur gjeneratori i nd\u00ebrtes\u00ebs.<\/span><\/p>\n<p><span style=\"color: #000000;\">Gjykat\u00ebsja Raymonde Jean Antoine tha p\u00ebr agjencin\u00eb e lajmeve AFP se jetimorja nuk ishte e autorizuar t\u00eb operonte q\u00eb nga viti 2013.<\/span><\/p>\n<p><span style=\"color: #000000;\"><em>&#8220;Gjith\u00e7ka \u00e7far\u00eb shohim jan\u00eb f\u00ebmij\u00eb q\u00eb jetojn\u00eb si kafsh\u00eb&#8221;<\/em>&#8211; tha ajo duke iu referuar kushteve n\u00eb jetimore, nd\u00ebrsa shtoi se nuk kishte fik\u00ebse zjarri.<\/span><\/p>\n<p><a href=\"https:\/\/hashtag.al\/wp-content\/uploads\/2020\/02\/110913640_hi059947879-1.jpg\"><img loading=\"lazy\" decoding=\"async\" class=\"aligncenter size-full wp-image-353726\" src=\"https:\/\/hashtag.al\/wp-content\/uploads\/2020\/02\/110913640_hi059947879-1.jpg\" alt=\"\" width=\"624\" height=\"351\" srcset=\"https:\/\/www.hashtag.al\/wp-content\/uploads\/2020\/02\/110913640_hi059947879-1.jpg 624w, https:\/\/www.hashtag.al\/wp-content\/uploads\/2020\/02\/110913640_hi059947879-1-300x169.jpg 300w\" sizes=\"auto, (max-width: 624px) 100vw, 624px\" \/><\/a><\/p>\n","protected":false,"gt_translate_keys":[{"key":"rendered","format":"html"}]},"excerpt":{"rendered":"<p>Pes\u00ebmb\u00ebdhjet\u00eb f\u00ebmij\u00eb kan\u00eb humbur jet\u00ebn n\u00eb Haiti pasi jetimorja ku q\u00ebndronin \u00ebsht\u00eb p\u00ebrfshir\u00eb nga flak\u00ebt. BBC shkruan se n\u00eb jetimore p\u00ebrdoreshin qirinj n\u00eb vend t\u00eb energjis\u00eb elektrike, por ende nuk ka nj\u00eb konfirmim zyrtar se cili \u00ebsht\u00eb shkaku i zjarrit. Jetimorja drejtohej nga nj\u00eb grup i krishter\u00eb me qend\u00ebr n\u00eb SHBA dhe ishte nj\u00eb nga [&hellip;]<\/p>\n","protected":false,"gt_translate_keys":[{"key":"rendered","format":"html"}]},"author":30,"featured_media":353727,"comment_status":"open","ping_status":"open","sticky":false,"template":"","format":"standard","meta":{"footnotes":""},"categories":[6],"tags":[],"class_list":["post-353725","post","type-post","status-publish","format-standard","has-post-thumbnail","hentry","category-nderkombetare"],"gt_translate_keys":[{"key":"link","format":"url"}],"_links":{"self":[{"href":"https:\/\/www.hashtag.al\/index.php\/wp-json\/wp\/v2\/posts\/353725","targetHints":{"allow":["GET"]}}],"collection":[{"href":"https:\/\/www.hashtag.al\/index.php\/wp-json\/wp\/v2\/posts"}],"about":[{"href":"https:\/\/www.hashtag.al\/index.php\/wp-json\/wp\/v2\/types\/post"}],"author":[{"embeddable":true,"href":"https:\/\/www.hashtag.al\/index.php\/wp-json\/wp\/v2\/users\/30"}],"replies":[{"embeddable":true,"href":"https:\/\/www.hashtag.al\/index.php\/wp-json\/wp\/v2\/comments?post=353725"}],"version-history":[{"count":0,"href":"https:\/\/www.hashtag.al\/index.php\/wp-json\/wp\/v2\/posts\/353725\/revisions"}],"wp:featuredmedia":[{"embeddable":true,"href":"https:\/\/www.hashtag.al\/index.php\/wp-json\/wp\/v2\/media\/353727"}],"wp:attachment":[{"href":"https:\/\/www.hashtag.al\/index.php\/wp-json\/wp\/v2\/media?parent=353725"}],"wp:term":[{"taxonomy":"category","embeddable":true,"href":"https:\/\/www.hashtag.al\/index.php\/wp-json\/wp\/v2\/categories?post=353725"},{"taxonomy":"post_tag","embeddable":true,"href":"https:\/\/www.hashtag.al\/index.php\/wp-json\/wp\/v2\/tags?post=353725"}],"curies":[{"name":"wp","href":"https:\/\/api.w.org\/{rel}","templated":true}]}}