{"id":353530,"date":"2020-02-13T22:34:04","date_gmt":"2020-02-13T21:34:04","guid":{"rendered":"https:\/\/hashtag.al\/?p=353530"},"modified":"2020-02-13T22:34:04","modified_gmt":"2020-02-13T21:34:04","slug":"do-me-lini-te-flas-apo-tiu-bej-ate-qe-sthuhet-perplasjet-e-rames-me-gazetaret","status":"publish","type":"post","link":"https:\/\/www.hashtag.al\/index.php\/2020\/02\/13\/do-me-lini-te-flas-apo-tiu-bej-ate-qe-sthuhet-perplasjet-e-rames-me-gazetaret\/","title":{"rendered":"\u201cDo m\u00eb lini t\u00eb flas apo t\u2019iu b\u00ebj at\u00eb q\u00eb s\u2019thuhet\u201d, p\u00ebrplasjet e Ram\u00ebs me gazetar\u00ebt","gt_translate_keys":[{"key":"rendered","format":"text"}]},"content":{"rendered":"<p><img loading=\"lazy\" decoding=\"async\" class=\"aligncenter size-full wp-image-353531\" src=\"https:\/\/hashtag.al\/wp-content\/uploads\/2020\/02\/rama-1.jpg\" alt=\"\" width=\"770\" height=\"433\" srcset=\"https:\/\/www.hashtag.al\/wp-content\/uploads\/2020\/02\/rama-1.jpg 770w, https:\/\/www.hashtag.al\/wp-content\/uploads\/2020\/02\/rama-1-300x169.jpg 300w, https:\/\/www.hashtag.al\/wp-content\/uploads\/2020\/02\/rama-1-768x432.jpg 768w\" sizes=\"auto, (max-width: 770px) 100vw, 770px\" \/><\/p>\n<p><span style=\"color: #000000;\">N\u00eb debatin mes kryeministrin Edi Rama dhe gazetar\u00ebve n\u00eb emisionin \u201cOpinion\u201d ka ndodhur p\u00ebrplasje lidhur me dinamikat e politik\u00ebs dhe nismave t\u00eb qeveris\u00eb.<\/span><\/p>\n<p><iframe loading=\"lazy\" src=\"https:\/\/www.youtube.com\/embed\/4LEJ9xT112g\" width=\"640\" height=\"360\" frameborder=\"0\" allowfullscreen=\"allowfullscreen\"><\/iframe><\/p>\n<p><span style=\"color: #000000;\"><strong>Debati:<\/strong><\/span><\/p>\n<p><span style=\"color: #000000;\"><strong>Edi Rama<\/strong> \u2013 Un\u00eb flas me fakte<\/span><\/p>\n<p><span style=\"color: #000000;\"><strong>Artan Hoxha<\/strong> \u2013 Po fakt \u00ebsht\u00eb ajo<\/span><\/p>\n<p><span style=\"color: #000000;\"><strong>Edi Rama<\/strong> \u2013 Keni marr\u00eb ndonj\u00eb gj\u00eb sot apo jeni es\u00ebll<\/span><\/p>\n<p><span style=\"color: #000000;\"><strong>Artan Hoxha<\/strong> \u2013 Un\u00eb jam nga krahu tjet\u00ebr<\/span><\/p>\n<p><span style=\"color: #000000;\"><strong>Klodiana Lala<\/strong> \u2013 Kryeministri ka ardhur\u2026<\/span><\/p>\n<p><span style=\"color: #000000;\"><strong>Edi Rama<\/strong> \u2013 Po pusho moj pusho<\/span><\/p>\n<p><span style=\"color: #000000;\"><strong>(Edi Rama<\/strong> \u2013 Shhhhhhh\u2026..)<\/span><\/p>\n<p><span style=\"color: #000000;\"><strong>Klodiana Lala<\/strong> \u2013 Kryeministri ka ardhur p\u00ebr t\u00eb folur p\u00ebr k\u00ebta personazhet e bot\u00ebs s\u00eb krimit k\u00ebtu, t\u00eb cil\u00ebt pjesa m\u00eb e madhe e tyre jan\u00eb liruar n\u00eb koh\u00ebn q\u00eb zoti Rama vazhdon t\u00eb jet\u00eb n\u00eb pushtet. Lulzim Berisha \u00ebsht\u00eb liruar me betimin e nj\u00eb prej an\u00ebtar\u00ebve t\u00eb kryesis\u00eb t\u00eb partis\u00eb socialiste.<\/span><\/p>\n<p><span style=\"color: #000000;\"><strong>Edi Rama<\/strong> \u2013 Po si s\u2019t\u00eb vjen turp moj zonj\u00eb kam ardhur k\u00ebtu t\u00eb jap p\u00ebrgjigje jot \u00eb d\u00ebgjoj bro\u00e7kullat e tua<\/span><\/p>\n<p><span style=\"color: #000000;\"><strong>Klodiana Lala<\/strong> \u2013 Un\u00eb pot \u00eb them fakte, ma kund\u00ebrshto q\u00eb nuk \u00ebsht\u00eb liruar me bekimin e Vangjush Dakos dhe un\u00eb do t\u00eb k\u00ebrkoj falje publike<\/span><\/p>\n<p><span style=\"color: #000000;\"><strong>Edi Rama<\/strong> \u2013 Zonj\u00eb nuk kam ardhur t\u00eb kund\u00ebrshtoj ty, nuk kam ardhur t\u00eb kund\u00ebrshtoj ty, nuk kam ardhur t\u00eb k\u00ebrkoj falje ty, nuk kam ardhur t\u00eb b\u00ebj debat me ty, kam ardhur t\u00eb flas me publikun. Ju vini k\u00ebtu dhe torolisni opinionin publik me budallall\u00ebqe<\/span><\/p>\n<p><span style=\"color: #000000;\"><strong>Blendi Fevziu<\/strong> \u2013 Ju mor zot\u00ebri nuk torollisim ne k\u00ebtu opinionin publik<\/span><\/p>\n<p><span style=\"color: #000000;\"><strong>Edi Rama<\/strong> \u2013 Do m\u00eb lini t\u00eb flas dhe t\u00eb shpjegoj apo t\u00eb vazhdoj t\u00eb b\u00ebj me ju at\u00eb q\u00eb di un\u00eb t\u00eb b\u00ebj me ju<\/span><\/p>\n<p><span style=\"color: #000000;\"><strong>Blendi Fevziu<\/strong> \u2013 Jo nuk \u00ebsht\u00eb nevoja t\u00eb k\u00ebrc\u00ebnosh, p\u00ebrgjigju pyetjes.<\/span><\/p>\n<p>&nbsp;<\/p>\n","protected":false,"gt_translate_keys":[{"key":"rendered","format":"html"}]},"excerpt":{"rendered":"<p>N\u00eb debatin mes kryeministrin Edi Rama dhe gazetar\u00ebve n\u00eb emisionin \u201cOpinion\u201d ka ndodhur p\u00ebrplasje lidhur me dinamikat e politik\u00ebs dhe nismave t\u00eb qeveris\u00eb. Debati: Edi Rama \u2013 Un\u00eb flas me fakte Artan Hoxha \u2013 Po fakt \u00ebsht\u00eb ajo Edi Rama \u2013 Keni marr\u00eb ndonj\u00eb gj\u00eb sot apo jeni es\u00ebll Artan Hoxha \u2013 Un\u00eb jam nga [&hellip;]<\/p>\n","protected":false,"gt_translate_keys":[{"key":"rendered","format":"html"}]},"author":32,"featured_media":353532,"comment_status":"open","ping_status":"open","sticky":false,"template":"","format":"standard","meta":{"footnotes":""},"categories":[65,13],"tags":[],"class_list":["post-353530","post","type-post","status-publish","format-standard","has-post-thumbnail","hentry","category-lajme","category-te-fundit"],"gt_translate_keys":[{"key":"link","format":"url"}],"_links":{"self":[{"href":"https:\/\/www.hashtag.al\/index.php\/wp-json\/wp\/v2\/posts\/353530","targetHints":{"allow":["GET"]}}],"collection":[{"href":"https:\/\/www.hashtag.al\/index.php\/wp-json\/wp\/v2\/posts"}],"about":[{"href":"https:\/\/www.hashtag.al\/index.php\/wp-json\/wp\/v2\/types\/post"}],"author":[{"embeddable":true,"href":"https:\/\/www.hashtag.al\/index.php\/wp-json\/wp\/v2\/users\/32"}],"replies":[{"embeddable":true,"href":"https:\/\/www.hashtag.al\/index.php\/wp-json\/wp\/v2\/comments?post=353530"}],"version-history":[{"count":0,"href":"https:\/\/www.hashtag.al\/index.php\/wp-json\/wp\/v2\/posts\/353530\/revisions"}],"wp:featuredmedia":[{"embeddable":true,"href":"https:\/\/www.hashtag.al\/index.php\/wp-json\/wp\/v2\/media\/353532"}],"wp:attachment":[{"href":"https:\/\/www.hashtag.al\/index.php\/wp-json\/wp\/v2\/media?parent=353530"}],"wp:term":[{"taxonomy":"category","embeddable":true,"href":"https:\/\/www.hashtag.al\/index.php\/wp-json\/wp\/v2\/categories?post=353530"},{"taxonomy":"post_tag","embeddable":true,"href":"https:\/\/www.hashtag.al\/index.php\/wp-json\/wp\/v2\/tags?post=353530"}],"curies":[{"name":"wp","href":"https:\/\/api.w.org\/{rel}","templated":true}]}}