{"id":353481,"date":"2020-02-13T18:59:16","date_gmt":"2020-02-13T17:59:16","guid":{"rendered":"https:\/\/hashtag.al\/?p=353481"},"modified":"2020-02-13T18:59:16","modified_gmt":"2020-02-13T17:59:16","slug":"grenell-takohet-me-vucic-ne-gjermani-pritet-edhe-takimi-me-thacin-ne-fokus-marredheniet-me-kosoven","status":"publish","type":"post","link":"https:\/\/www.hashtag.al\/index.php\/2020\/02\/13\/grenell-takohet-me-vucic-ne-gjermani-pritet-edhe-takimi-me-thacin-ne-fokus-marredheniet-me-kosoven\/","title":{"rendered":"Grenell takohet me Vu\u00e7i\u00e7 n\u00eb Gjermani, pritet edhe takimi me Tha\u00e7in, n\u00eb fokus marr\u00ebdh\u00ebniet me Kosov\u00ebn","gt_translate_keys":[{"key":"rendered","format":"text"}]},"content":{"rendered":"<p><img loading=\"lazy\" decoding=\"async\" class=\"aligncenter size-full wp-image-353482\" src=\"https:\/\/hashtag.al\/wp-content\/uploads\/2020\/02\/vg-600x360.jpg\" alt=\"\" width=\"600\" height=\"360\" srcset=\"https:\/\/www.hashtag.al\/wp-content\/uploads\/2020\/02\/vg-600x360.jpg 600w, https:\/\/www.hashtag.al\/wp-content\/uploads\/2020\/02\/vg-600x360-300x180.jpg 300w\" sizes=\"auto, (max-width: 600px) 100vw, 600px\" \/><\/p>\n<p><span style=\"color: #000000;\">Presidenti serb, Aleksandar Vu\u00e7i\u00e7, \u00ebsht\u00eb takuar me t\u00eb d\u00ebrguarin e posa\u00e7\u00ebm t\u00eb Shteteve t\u00eb Bashkuara t\u00eb Amerik\u00ebs p\u00ebr dialogun Kosov\u00eb-Serbi, Richard Grenell, n\u00eb pasditen e s\u00eb enjtes.<\/span><\/p>\n<p><span style=\"color: #000000;\">Takimi Vu\u00e7i\u00e7-Grenell ka ndodhur n\u00eb Bavari, ku dy zyrtar\u00ebt kan\u00eb shkuar p\u00ebr t\u00eb marr\u00eb pjes\u00eb n\u00eb Konferenc\u00ebn e Munihut p\u00ebr Siguri.<\/span><\/p>\n<p><span style=\"color: #000000;\">Para takimit, presidenti i Serbis\u00eb u ka th\u00ebn\u00eb gazetar\u00ebve se priste nj\u00eb bised\u00eb t\u00eb mir\u00eb me diplomatin e lart\u00eb amerikan, b\u00ebjn\u00eb t\u00eb ditur mediat beogradase.<\/span><\/p>\n<p><span style=\"color: #000000;\">Sipas tyre, Vu\u00e7i\u00e7 po ashtu ka th\u00ebn\u00eb se priste q\u00eb diskutimi t\u00eb zhvillohej kryesisht p\u00ebr Kosov\u00ebn, p\u00ebrkat\u00ebsisht p\u00ebr vazhdimin e dialogut mes pal\u00ebs kosovare dhe asaj serbe.<\/span><\/p>\n","protected":false,"gt_translate_keys":[{"key":"rendered","format":"html"}]},"excerpt":{"rendered":"<p>Presidenti serb, Aleksandar Vu\u00e7i\u00e7, \u00ebsht\u00eb takuar me t\u00eb d\u00ebrguarin e posa\u00e7\u00ebm t\u00eb Shteteve t\u00eb Bashkuara t\u00eb Amerik\u00ebs p\u00ebr dialogun Kosov\u00eb-Serbi, Richard Grenell, n\u00eb pasditen e s\u00eb enjtes. Takimi Vu\u00e7i\u00e7-Grenell ka ndodhur n\u00eb Bavari, ku dy zyrtar\u00ebt kan\u00eb shkuar p\u00ebr t\u00eb marr\u00eb pjes\u00eb n\u00eb Konferenc\u00ebn e Munihut p\u00ebr Siguri. Para takimit, presidenti i Serbis\u00eb u ka [&hellip;]<\/p>\n","protected":false,"gt_translate_keys":[{"key":"rendered","format":"html"}]},"author":32,"featured_media":353482,"comment_status":"open","ping_status":"open","sticky":false,"template":"","format":"standard","meta":{"footnotes":""},"categories":[149,13],"tags":[],"class_list":["post-353481","post","type-post","status-publish","format-standard","has-post-thumbnail","hentry","category-kosoverajon","category-te-fundit"],"gt_translate_keys":[{"key":"link","format":"url"}],"_links":{"self":[{"href":"https:\/\/www.hashtag.al\/index.php\/wp-json\/wp\/v2\/posts\/353481","targetHints":{"allow":["GET"]}}],"collection":[{"href":"https:\/\/www.hashtag.al\/index.php\/wp-json\/wp\/v2\/posts"}],"about":[{"href":"https:\/\/www.hashtag.al\/index.php\/wp-json\/wp\/v2\/types\/post"}],"author":[{"embeddable":true,"href":"https:\/\/www.hashtag.al\/index.php\/wp-json\/wp\/v2\/users\/32"}],"replies":[{"embeddable":true,"href":"https:\/\/www.hashtag.al\/index.php\/wp-json\/wp\/v2\/comments?post=353481"}],"version-history":[{"count":0,"href":"https:\/\/www.hashtag.al\/index.php\/wp-json\/wp\/v2\/posts\/353481\/revisions"}],"wp:featuredmedia":[{"embeddable":true,"href":"https:\/\/www.hashtag.al\/index.php\/wp-json\/wp\/v2\/media\/353482"}],"wp:attachment":[{"href":"https:\/\/www.hashtag.al\/index.php\/wp-json\/wp\/v2\/media?parent=353481"}],"wp:term":[{"taxonomy":"category","embeddable":true,"href":"https:\/\/www.hashtag.al\/index.php\/wp-json\/wp\/v2\/categories?post=353481"},{"taxonomy":"post_tag","embeddable":true,"href":"https:\/\/www.hashtag.al\/index.php\/wp-json\/wp\/v2\/tags?post=353481"}],"curies":[{"name":"wp","href":"https:\/\/api.w.org\/{rel}","templated":true}]}}