{"id":353235,"date":"2020-02-12T19:46:41","date_gmt":"2020-02-12T18:46:41","guid":{"rendered":"https:\/\/hashtag.al\/?p=353235"},"modified":"2020-02-12T19:46:41","modified_gmt":"2020-02-12T18:46:41","slug":"qeveri-kujdestare-100-dite-para-zgjedhjeve-dhe-drejtor-i-ri-policie-zbardhen-propozimet-e-pd-se-per-reformen-zgjedhore","status":"publish","type":"post","link":"https:\/\/www.hashtag.al\/index.php\/2020\/02\/12\/qeveri-kujdestare-100-dite-para-zgjedhjeve-dhe-drejtor-i-ri-policie-zbardhen-propozimet-e-pd-se-per-reformen-zgjedhore\/","title":{"rendered":"Qeveri kujdestare 100 dit\u00eb para zgjedhjeve dhe drejtor i ri policie, zbardhen propozimet e PD-s\u00eb p\u00ebr Reform\u00ebn Zgjedhore","gt_translate_keys":[{"key":"rendered","format":"text"}]},"content":{"rendered":"<p><img loading=\"lazy\" decoding=\"async\" class=\"aligncenter size-full wp-image-346768\" src=\"https:\/\/hashtag.al\/wp-content\/uploads\/2020\/01\/gjiknurihajdarivasili.jpeg\" alt=\"\" width=\"900\" height=\"600\" srcset=\"https:\/\/www.hashtag.al\/wp-content\/uploads\/2020\/01\/gjiknurihajdarivasili.jpeg 900w, https:\/\/www.hashtag.al\/wp-content\/uploads\/2020\/01\/gjiknurihajdarivasili-300x200.jpeg 300w, https:\/\/www.hashtag.al\/wp-content\/uploads\/2020\/01\/gjiknurihajdarivasili-768x512.jpeg 768w\" sizes=\"auto, (max-width: 900px) 100vw, 900px\" \/><\/p>\n<p><span style=\"color: #000000;\">Jan\u00eb zbardhur propozimet e Partis\u00eb Demokratike n\u00eb K\u00ebshillin Politik p\u00ebr Reform\u00ebn Zgjedhore.<\/span><\/p>\n<p><span style=\"color: #000000;\">PD-ja ka k\u00ebrkuar qeveri kujdestare 3 muaj para zgjedhjeve gjithashtu dhe kan\u00eb k\u00ebrkuar q\u00eb qeveria kujdestare t\u00eb ndryshoj\u00eb edhe drejtorin e policis\u00eb s\u00eb shtetit, raporton Balkanweb.<\/span><\/p>\n<p><span style=\"color: #000000;\">K\u00ebrkohet q\u00eb 100 dit\u00eb (nj\u00ebqind) dit\u00eb p\u00ebrpara dat\u00ebs s\u00eb zgjedhjeve, Ministri i Brendsh\u00ebm n\u00eb Qeverin\u00eb Kujdestare t\u00eb zgjedhjeve, i caktuar sipas p\u00ebrcaktimeve t\u00eb b\u00ebra n\u00eb ligjin p\u00ebr organizimin dhe funksionimin e K\u00ebshillit t\u00eb Ministrave t\u00eb em\u00ebroj\u00eb Drejtorin e P\u00ebrgjithsh\u00ebm t\u00eb Policis\u00eb s\u00eb Shtetit.<\/span><\/p>\n<p><img loading=\"lazy\" decoding=\"async\" class=\"aligncenter size-full wp-image-353236\" src=\"https:\/\/hashtag.al\/wp-content\/uploads\/2020\/02\/draft-1.jpg\" alt=\"\" width=\"910\" height=\"640\" srcset=\"https:\/\/www.hashtag.al\/wp-content\/uploads\/2020\/02\/draft-1.jpg 910w, https:\/\/www.hashtag.al\/wp-content\/uploads\/2020\/02\/draft-1-300x211.jpg 300w, https:\/\/www.hashtag.al\/wp-content\/uploads\/2020\/02\/draft-1-768x540.jpg 768w\" sizes=\"auto, (max-width: 910px) 100vw, 910px\" \/><\/p>\n<p><span style=\"color: #000000;\">\u201c<em>N\u00eb kushtet aktuale kur policia \u2018\u00ebsht\u00eb larguar\u2019 n\u00eb m\u00ebnyr\u00eb distante nga p\u00ebrfshirja n\u00eb procesin zgjedhor ka sjell\u00eb nj\u00eb fenomen t\u00eb ri. At\u00eb sipas t\u00eb cilit policia \u00ebsht\u00eb e p\u00ebrfshir\u00eb n\u00eb procesin zgjedhor por jo si nj\u00eb fluks q\u00eb pozicionohet si ruajt\u00ebs i rendit apo edhe agjent i policis\u00eb gjyq\u00ebsore p\u00ebr parandalim dhe procedim t\u00eb krimeve. \u00cbsht\u00eb pozicionuar si e p\u00ebrshir\u00eb n\u00eb zgjedhje duke b\u00ebr\u00eb vota p\u00ebr qeverin\u00eb. Nj\u00eb pozicionim q\u00eb asnj\u00ebher\u00eb m\u00eb par\u00eb nuk ka qen\u00eb i njohur p\u00ebr policin\u00eb as n\u00eb situatat m\u00eb ekstreme. N\u00eb k\u00ebt\u00eb kuptim roli i saj duhet ridimensoinuar. Nga nj\u00eb pozicion antiligjor, okult, duhet nxjerr\u00eb n\u00eb dukje veprimtaria e saj dhe duhet vendosur n\u00eb pozicion monitorimi, duke mos e lejuar t\u00eb abuzoje n\u00eb k\u00ebt\u00eb pozicionim t\u00eb ri<\/em>\u201d- deklaron PD.<\/span><\/p>\n<p><span style=\"color: #000000;\">\u201c<em>Kjo \u00ebsht\u00eb nj\u00eb praktik\u00eb e stazhionuar me legjislacionin e m\u00ebparsh\u00ebm. Policia, nuk futet n\u00eb perimetrin e jasht\u00ebm t\u00eb qendrave t\u00eb votimit. Ajo mund t\u00eb nd\u00ebrhyj\u00eb vet\u00ebm ne rastet kur thirret nga komisioni i qendr\u00ebs se votimit. Baza ligjore (e shfuqizuar) ka qen\u00eb mjaftueshm\u00ebrisht e qart\u00eb dhe e testuar\u201d-<\/em> arsyeton PD.<\/span><\/p>\n<p><span style=\"color: #000000;\">\u201c<em>Nj\u00eb funksion q\u00eb ajo n\u00eb veprimtarin\u00eb e p\u00ebrditshme e ka, porse p\u00ebrgjat\u00eb periudh\u00ebs zgjedhore (sakt\u00ebsisht dit\u00ebt e zgjedhjeve) duhet ta ket\u00eb akoma m\u00eb t\u00eb fokusuar dhe t\u00eb rregulluar n\u00eb m\u00ebnyr\u00eb akoma t\u00eb detajuar. Funksioni i policis\u00eb gjyq\u00ebsore \u00ebsht\u00eb shum\u00eb i r\u00ebnd\u00ebsish\u00ebm, sepse ky rol i p\u00ebrforcuar i policis\u00eb, duhet t\u00eb jet\u00eb i konkorduar s\u00eb pari me komisionin e Qendr\u00ebs s\u00eb Votimit, e mbi t\u00eb gjitha edhe me rolin e ri q\u00eb do t\u00eb duhet t\u00eb nd\u00ebrmarr\u00eb edhe prokuroria p\u00ebrgjat\u00eb procesit zgjedhor\u201d, deklaron PD n\u00eb relacionin shpjegues. PD thot\u00eb se e k\u00ebshillueshme do t\u00eb ishte qe roli i policis\u00eb n\u00eb kryerjen e funksioneve t\u00eb policis\u00eb gjyq\u00ebsore, t\u00eb artikulohej si veprimtari q\u00eb kryhet p\u00ebrgjat\u00eb \u201cgjendjes s\u00eb flagranc\u00ebs\u201d.<\/em><\/span><\/p>\n<p><span style=\"color: #000000;\">Pra, PD k\u00ebrkon t\u00eb konkretizohet deri edhe me arrestime n\u00eb flagranc\u00eb t\u00eb shkel\u00ebsve t\u00eb veprave penale zgjedhore, duke shpjeguar se ka shume impakt pozitiv, arrestimi p\u00ebrgjat\u00eb fushat\u00ebs i nj\u00eb individi q\u00eb shp\u00ebrndan para.<\/span><\/p>\n<p><span style=\"color: #000000;\">Po k\u00ebshtu k\u00ebrkohet q\u00eb zinxhiri KQV-polici- Prokurori, t\u00eb funksionoj\u00eb n\u00eb gjendje alarmi p\u00ebrgjat\u00eb dit\u00ebve zgjedhore.<\/span><br \/>\n<span style=\"color: #000000;\">Por nd\u00ebrkoh\u00eb, k\u00ebrkohet q\u00eb prania e policis\u00eb, n\u00eb ambiente t\u00eb tjera jo p\u00ebr q\u00ebllime t\u00eb mbrojtjes s\u00eb rendit zgjedhor, do t\u00eb duhet t\u00eb interpretohet si p\u00ebrfshirje e paligjshme n\u00eb zgjedhje.<\/span><\/p>\n<p><span style=\"color: #000000;\">Po k\u00ebshtu thuhet se \u00e7do informacion, k\u00ebrkes\u00eb, ankes\u00eb, e subjekteve zgjedhore dhe zgjedh\u00ebsve, t\u00eb adresohet tek KQV dhe k\u00ebtij t\u00eb fundit duhet t\u2019i njihen kompetenca edhe jasht\u00eb k\u00ebtij territori.<\/span><\/p>\n","protected":false,"gt_translate_keys":[{"key":"rendered","format":"html"}]},"excerpt":{"rendered":"<p>Jan\u00eb zbardhur propozimet e Partis\u00eb Demokratike n\u00eb K\u00ebshillin Politik p\u00ebr Reform\u00ebn Zgjedhore. PD-ja ka k\u00ebrkuar qeveri kujdestare 3 muaj para zgjedhjeve gjithashtu dhe kan\u00eb k\u00ebrkuar q\u00eb qeveria kujdestare t\u00eb ndryshoj\u00eb edhe drejtorin e policis\u00eb s\u00eb shtetit, raporton Balkanweb. K\u00ebrkohet q\u00eb 100 dit\u00eb (nj\u00ebqind) dit\u00eb p\u00ebrpara dat\u00ebs s\u00eb zgjedhjeve, Ministri i Brendsh\u00ebm n\u00eb Qeverin\u00eb Kujdestare t\u00eb [&hellip;]<\/p>\n","protected":false,"gt_translate_keys":[{"key":"rendered","format":"html"}]},"author":32,"featured_media":346768,"comment_status":"open","ping_status":"open","sticky":false,"template":"","format":"standard","meta":{"footnotes":""},"categories":[65,13],"tags":[],"class_list":["post-353235","post","type-post","status-publish","format-standard","has-post-thumbnail","hentry","category-lajme","category-te-fundit"],"gt_translate_keys":[{"key":"link","format":"url"}],"_links":{"self":[{"href":"https:\/\/www.hashtag.al\/index.php\/wp-json\/wp\/v2\/posts\/353235","targetHints":{"allow":["GET"]}}],"collection":[{"href":"https:\/\/www.hashtag.al\/index.php\/wp-json\/wp\/v2\/posts"}],"about":[{"href":"https:\/\/www.hashtag.al\/index.php\/wp-json\/wp\/v2\/types\/post"}],"author":[{"embeddable":true,"href":"https:\/\/www.hashtag.al\/index.php\/wp-json\/wp\/v2\/users\/32"}],"replies":[{"embeddable":true,"href":"https:\/\/www.hashtag.al\/index.php\/wp-json\/wp\/v2\/comments?post=353235"}],"version-history":[{"count":0,"href":"https:\/\/www.hashtag.al\/index.php\/wp-json\/wp\/v2\/posts\/353235\/revisions"}],"wp:featuredmedia":[{"embeddable":true,"href":"https:\/\/www.hashtag.al\/index.php\/wp-json\/wp\/v2\/media\/346768"}],"wp:attachment":[{"href":"https:\/\/www.hashtag.al\/index.php\/wp-json\/wp\/v2\/media?parent=353235"}],"wp:term":[{"taxonomy":"category","embeddable":true,"href":"https:\/\/www.hashtag.al\/index.php\/wp-json\/wp\/v2\/categories?post=353235"},{"taxonomy":"post_tag","embeddable":true,"href":"https:\/\/www.hashtag.al\/index.php\/wp-json\/wp\/v2\/tags?post=353235"}],"curies":[{"name":"wp","href":"https:\/\/api.w.org\/{rel}","templated":true}]}}