{"id":353232,"date":"2020-02-12T19:25:06","date_gmt":"2020-02-12T18:25:06","guid":{"rendered":"https:\/\/hashtag.al\/?p=353232"},"modified":"2020-02-12T19:22:51","modified_gmt":"2020-02-12T18:22:51","slug":"gjoni-debat-me-tone-te-ashpra-me-rucin-perjashtohet-nga-kuvendi-video","status":"publish","type":"post","link":"https:\/\/www.hashtag.al\/index.php\/2020\/02\/12\/gjoni-debat-me-tone-te-ashpra-me-rucin-perjashtohet-nga-kuvendi-video\/","title":{"rendered":"Gjoni debat me tone t\u00eb ashpra me Ru\u00e7in, p\u00ebrjashtohet nga Kuvendi (Video)","gt_translate_keys":[{"key":"rendered","format":"text"}]},"content":{"rendered":"<p><img loading=\"lazy\" decoding=\"async\" class=\"aligncenter size-full wp-image-353233\" src=\"https:\/\/hashtag.al\/wp-content\/uploads\/2020\/02\/gjioni-dhe-ruci.jpg\" alt=\"\" width=\"1920\" height=\"1080\" srcset=\"https:\/\/www.hashtag.al\/wp-content\/uploads\/2020\/02\/gjioni-dhe-ruci.jpg 1920w, https:\/\/www.hashtag.al\/wp-content\/uploads\/2020\/02\/gjioni-dhe-ruci-300x169.jpg 300w, https:\/\/www.hashtag.al\/wp-content\/uploads\/2020\/02\/gjioni-dhe-ruci-768x432.jpg 768w, https:\/\/www.hashtag.al\/wp-content\/uploads\/2020\/02\/gjioni-dhe-ruci-1024x576.jpg 1024w\" sizes=\"auto, (max-width: 1920px) 100vw, 1920px\" \/><\/p>\n<p><span style=\"color: #000000;\">Kryetari i Kuvendit dhe deputeti i opozit\u00ebs parlamentari nga listat e LSI-s\u00eb Ralf Gjoni jan\u00eb p\u00ebrfshir\u00eb n\u00eb nj\u00eb debat mes tyre. <\/span><\/p>\n<p><span style=\"color: #000000;\">Gjoni ishte duke folur p\u00ebr munges\u00ebn e Gjykat\u00ebs Kushtetuese dhe asaj t\u00eb Lart\u00eb nd\u00ebrsa Ru\u00e7i i k\u00ebrkonte q\u00eb t\u00eb fliste p\u00ebr rendin e dit\u00ebs duke ia nd\u00ebrprer\u00eb fjal\u00ebn \u00e7ka ka sjell\u00eb n\u00eb nj\u00eb debat mes t\u00eb dyve.<\/span><\/p>\n<p><span style=\"color: #000000;\">M\u00eb pas Ru\u00e7i duke i p\u00ebrmendur rregulloren e p\u00ebrjashtoi deputetin Gjoni nga seanca. <\/span><\/p>\n<p><iframe loading=\"lazy\" style=\"border: none; overflow: hidden;\" src=\"https:\/\/www.facebook.com\/plugins\/video.php?href=https%3A%2F%2Fwww.facebook.com%2Fportali.syri.net%2Fvideos%2F767171353805089%2F&amp;show_text=0&amp;width=560\" width=\"560\" height=\"315\" frameborder=\"0\" scrolling=\"no\" allowfullscreen=\"allowfullscreen\"><\/iframe><br \/>\n<span style=\"color: #000000;\">Video marr\u00eb nga Syri.net<\/span><\/p>\n<p><span style=\"color: #000000;\"><strong>Debati:<\/strong><\/span><\/p>\n<p><span style=\"color: #000000;\"><strong style=\"font-style: inherit;\">Gramoz Ru\u00e7i:<\/strong>\u00a0Zoti Gjoni, fol p\u00ebr ligjin<\/span><\/p>\n<p><span style=\"color: #000000;\"><strong style=\"font-style: inherit;\">Ralf Gjoni:<\/strong>\u00a0Po flas p\u00ebr ligjin<\/span><\/p>\n<p><span style=\"color: #000000;\"><strong style=\"font-style: inherit;\">Gramoz Ru\u00e7i:\u00a0<\/strong>Jo p\u00ebr flet p\u00ebr institucionet e drejt\u00ebsis\u00eb jo p\u00ebr ligjin<\/span><\/p>\n<p><span style=\"color: #000000;\"><strong style=\"font-style: inherit;\">Ralf Gjoni:<\/strong>\u00a0Ti nuk e ke tagrin p\u00ebr ta vler\u00ebsuar<\/span><\/p>\n<p><span style=\"color: #000000;\"><strong style=\"font-style: inherit;\">Gramoz Ru\u00e7i:\u00a0<\/strong>Po e kam un\u00eb. Ulu, ulu t\u00eb mos marr mas\u00eb se e ke zaptuar foltoren, edhe nj\u00ebher\u00eb po t\u00eb t\u00ebrheq v\u00ebrejtjen. Po t\u00eb paralajm\u00ebroj se do t\u00eb p\u00ebrjashtoj nga seanca. N\u00ebse do t\u00eb vazhdosh t\u00eb mbash foltoren do t\u00eb p\u00ebrjashtoj p\u00ebr 10 dit\u00eb.<\/span><\/p>\n<p><span style=\"color: #000000;\"><strong style=\"font-style: inherit;\">Ralf Gjoni:<\/strong>\u00a0Zoti kryetar nuk kam mbaruar fjal\u00ebn, kjo nuk \u00ebsht\u00eb pron\u00eb private e jotja<\/span><\/p>\n<p><span style=\"color: #000000;\"><strong style=\"font-style: inherit;\">Gramoz Ru\u00e7i:\u00a0<\/strong>Do t\u00eb p\u00ebrjashtoj, se kur dy minuta q\u00eb po zapton foltoren dhe p\u00ebrjashtohesh<\/span><\/p>\n<p><span style=\"color: #000000;\"><strong style=\"font-style: inherit;\">Ralf Gjoni:<\/strong>\u00a0Kjo \u00ebsht\u00eb turp e faqe e zez\u00eb! Turp!<\/span><\/p>\n<p><span style=\"color: #000000;\"><strong style=\"font-style: inherit;\">Gramoz Ru\u00e7i:<\/strong>\u00a0Sipas nenit 65 pika b, pas v\u00ebrejtjes p\u00ebrjashtohesh nga seanca<\/span><\/p>\n<p><span style=\"color: #000000;\"><strong style=\"font-style: inherit;\">Ralf Gjoni:\u00a0<\/strong>Komunist, shikoni simbolin e komunizmit! Nuk ke turp!<\/span><\/p>\n<p><span style=\"color: #000000;\"><strong style=\"font-style: inherit;\">Gramoz Ru\u00e7i:\u00a0<\/strong>Gjoni n\u00ebse nuk zbaton urdhrin do t\u00eb k\u00ebrkoj t\u00eb p\u00ebrjashtohesh 10 dit\u00eb. Dil nga seanca! Dil p\u00ebrjashta<\/span><\/p>\n<p><span style=\"color: #000000;\">Nd\u00ebrhyn nga vendi Kujtim Gjuzi)<\/span><\/p>\n<p><span style=\"color: #000000;\"><strong style=\"font-style: inherit;\">Gramoz Ru\u00e7i:\u00a0<\/strong>Gjuzi mos fol se do t\u00eb p\u00ebrjashtohesh edhe ti, t\u00eb \u00ebsht\u00eb hequr e drejta e fjal\u00ebs, t\u00eb m\u00ebsohesh me rregull.<\/span><\/p>\n","protected":false,"gt_translate_keys":[{"key":"rendered","format":"html"}]},"excerpt":{"rendered":"<p>Kryetari i Kuvendit dhe deputeti i opozit\u00ebs parlamentari nga listat e LSI-s\u00eb Ralf Gjoni jan\u00eb p\u00ebrfshir\u00eb n\u00eb nj\u00eb debat mes tyre. Gjoni ishte duke folur p\u00ebr munges\u00ebn e Gjykat\u00ebs Kushtetuese dhe asaj t\u00eb Lart\u00eb nd\u00ebrsa Ru\u00e7i i k\u00ebrkonte q\u00eb t\u00eb fliste p\u00ebr rendin e dit\u00ebs duke ia nd\u00ebrprer\u00eb fjal\u00ebn \u00e7ka ka sjell\u00eb n\u00eb nj\u00eb debat [&hellip;]<\/p>\n","protected":false,"gt_translate_keys":[{"key":"rendered","format":"html"}]},"author":32,"featured_media":353233,"comment_status":"open","ping_status":"open","sticky":false,"template":"","format":"standard","meta":{"footnotes":""},"categories":[65,13],"tags":[],"class_list":["post-353232","post","type-post","status-publish","format-standard","has-post-thumbnail","hentry","category-lajme","category-te-fundit"],"gt_translate_keys":[{"key":"link","format":"url"}],"_links":{"self":[{"href":"https:\/\/www.hashtag.al\/index.php\/wp-json\/wp\/v2\/posts\/353232","targetHints":{"allow":["GET"]}}],"collection":[{"href":"https:\/\/www.hashtag.al\/index.php\/wp-json\/wp\/v2\/posts"}],"about":[{"href":"https:\/\/www.hashtag.al\/index.php\/wp-json\/wp\/v2\/types\/post"}],"author":[{"embeddable":true,"href":"https:\/\/www.hashtag.al\/index.php\/wp-json\/wp\/v2\/users\/32"}],"replies":[{"embeddable":true,"href":"https:\/\/www.hashtag.al\/index.php\/wp-json\/wp\/v2\/comments?post=353232"}],"version-history":[{"count":0,"href":"https:\/\/www.hashtag.al\/index.php\/wp-json\/wp\/v2\/posts\/353232\/revisions"}],"wp:featuredmedia":[{"embeddable":true,"href":"https:\/\/www.hashtag.al\/index.php\/wp-json\/wp\/v2\/media\/353233"}],"wp:attachment":[{"href":"https:\/\/www.hashtag.al\/index.php\/wp-json\/wp\/v2\/media?parent=353232"}],"wp:term":[{"taxonomy":"category","embeddable":true,"href":"https:\/\/www.hashtag.al\/index.php\/wp-json\/wp\/v2\/categories?post=353232"},{"taxonomy":"post_tag","embeddable":true,"href":"https:\/\/www.hashtag.al\/index.php\/wp-json\/wp\/v2\/tags?post=353232"}],"curies":[{"name":"wp","href":"https:\/\/api.w.org\/{rel}","templated":true}]}}