{"id":353200,"date":"2020-02-12T17:24:14","date_gmt":"2020-02-12T16:24:14","guid":{"rendered":"https:\/\/hashtag.al\/?p=353200"},"modified":"2020-02-12T17:24:15","modified_gmt":"2020-02-12T16:24:15","slug":"meta-pret-ministrin-e-jashtem-te-turqise-cavusoglu","status":"publish","type":"post","link":"https:\/\/www.hashtag.al\/index.php\/2020\/02\/12\/meta-pret-ministrin-e-jashtem-te-turqise-cavusoglu\/","title":{"rendered":"Meta pret ministrin e Jasht\u00ebm t\u00eb Turqis\u00eb, Cavusoglu","gt_translate_keys":[{"key":"rendered","format":"text"}]},"content":{"rendered":"<p><img loading=\"lazy\" decoding=\"async\" class=\"aligncenter size-full wp-image-353201\" src=\"https:\/\/hashtag.al\/wp-content\/uploads\/2020\/02\/metacavus.jpg3_.jpg\" alt=\"\" width=\"1280\" height=\"853\" srcset=\"https:\/\/www.hashtag.al\/wp-content\/uploads\/2020\/02\/metacavus.jpg3_.jpg 1280w, https:\/\/www.hashtag.al\/wp-content\/uploads\/2020\/02\/metacavus.jpg3_-300x200.jpg 300w, https:\/\/www.hashtag.al\/wp-content\/uploads\/2020\/02\/metacavus.jpg3_-768x512.jpg 768w, https:\/\/www.hashtag.al\/wp-content\/uploads\/2020\/02\/metacavus.jpg3_-1024x682.jpg 1024w\" sizes=\"auto, (max-width: 1280px) 100vw, 1280px\" \/><\/p>\n<p><span style=\"color: #000000;\">Presidenti Meta ka pritur n\u00eb nj\u00eb takim ministrin e Jasht\u00ebm t\u00eb Turqis\u00eb, Cavusoglu. <\/span><\/p>\n<p><span style=\"color: #000000;\">Kreu i shtetit e falenderoi zyrtarin e lart\u00eb turk p\u00ebr solidaritetin e ndihm\u00ebn e menj\u00ebhershme t\u00eb Ankaras\u00eb pas t\u00ebrmetit t\u00eb 26 n\u00ebntorit, nd\u00ebrsa e ka ngush\u00eblluar at\u00eb p\u00ebr viktimat e t\u00ebrmetit e ortekut q\u00eb godit\u00ebn Turqin\u00eb para pak dit\u00ebsh.<\/span><\/p>\n<p><span style=\"color: #000000;\">Meta vler\u00ebsoi marr\u00ebdh\u00ebniet mes vendeve dhe theksoi r\u00ebnd\u00ebsin\u00eb e p\u00ebrmir\u00ebsimit t\u00eb m\u00ebtejsh\u00ebm t\u00eb klim\u00ebs s\u00eb biznesit dhe rritjes s\u00eb investimeve turke n\u00eb ve\u00e7anti n\u00eb vendin ton\u00eb.<\/span><\/p>\n<p><span style=\"color: #000000;\">Presidenti ka n\u00ebnvizuar gjat\u00eb takimit domosdoshm\u00ebrin\u00eb e forcimit t\u00eb bashk\u00ebpunimit n\u00eb luft\u00ebn kund\u00ebr terrorizmit dhe ekstremizmit, si dhe vler\u00ebsoi rolin e r\u00ebnd\u00ebsish\u00ebm t\u00eb Turqis\u00eb p\u00ebr stabilitetin dhe sigurin\u00eb n\u00eb rajon.<\/span><\/p>\n<p><img loading=\"lazy\" decoding=\"async\" class=\"aligncenter size-full wp-image-353202\" src=\"https:\/\/hashtag.al\/wp-content\/uploads\/2020\/02\/metacavus.jpg2_.jpg\" alt=\"\" width=\"1280\" height=\"853\" srcset=\"https:\/\/www.hashtag.al\/wp-content\/uploads\/2020\/02\/metacavus.jpg2_.jpg 1280w, https:\/\/www.hashtag.al\/wp-content\/uploads\/2020\/02\/metacavus.jpg2_-300x200.jpg 300w, https:\/\/www.hashtag.al\/wp-content\/uploads\/2020\/02\/metacavus.jpg2_-768x512.jpg 768w, https:\/\/www.hashtag.al\/wp-content\/uploads\/2020\/02\/metacavus.jpg2_-1024x682.jpg 1024w\" sizes=\"auto, (max-width: 1280px) 100vw, 1280px\" \/> <img loading=\"lazy\" decoding=\"async\" class=\"aligncenter size-full wp-image-353203\" src=\"https:\/\/hashtag.al\/wp-content\/uploads\/2020\/02\/metacavus.jpg\" alt=\"\" width=\"1280\" height=\"853\" srcset=\"https:\/\/www.hashtag.al\/wp-content\/uploads\/2020\/02\/metacavus.jpg 1280w, https:\/\/www.hashtag.al\/wp-content\/uploads\/2020\/02\/metacavus-300x200.jpg 300w, https:\/\/www.hashtag.al\/wp-content\/uploads\/2020\/02\/metacavus-768x512.jpg 768w, https:\/\/www.hashtag.al\/wp-content\/uploads\/2020\/02\/metacavus-1024x682.jpg 1024w\" sizes=\"auto, (max-width: 1280px) 100vw, 1280px\" \/><\/p>\n","protected":false,"gt_translate_keys":[{"key":"rendered","format":"html"}]},"excerpt":{"rendered":"<p>Presidenti Meta ka pritur n\u00eb nj\u00eb takim ministrin e Jasht\u00ebm t\u00eb Turqis\u00eb, Cavusoglu. Kreu i shtetit e falenderoi zyrtarin e lart\u00eb turk p\u00ebr solidaritetin e ndihm\u00ebn e menj\u00ebhershme t\u00eb Ankaras\u00eb pas t\u00ebrmetit t\u00eb 26 n\u00ebntorit, nd\u00ebrsa e ka ngush\u00eblluar at\u00eb p\u00ebr viktimat e t\u00ebrmetit e ortekut q\u00eb godit\u00ebn Turqin\u00eb para pak dit\u00ebsh. Meta vler\u00ebsoi marr\u00ebdh\u00ebniet [&hellip;]<\/p>\n","protected":false,"gt_translate_keys":[{"key":"rendered","format":"html"}]},"author":51,"featured_media":353201,"comment_status":"open","ping_status":"open","sticky":false,"template":"","format":"standard","meta":{"footnotes":""},"categories":[65,13],"tags":[],"class_list":["post-353200","post","type-post","status-publish","format-standard","has-post-thumbnail","hentry","category-lajme","category-te-fundit"],"gt_translate_keys":[{"key":"link","format":"url"}],"_links":{"self":[{"href":"https:\/\/www.hashtag.al\/index.php\/wp-json\/wp\/v2\/posts\/353200","targetHints":{"allow":["GET"]}}],"collection":[{"href":"https:\/\/www.hashtag.al\/index.php\/wp-json\/wp\/v2\/posts"}],"about":[{"href":"https:\/\/www.hashtag.al\/index.php\/wp-json\/wp\/v2\/types\/post"}],"author":[{"embeddable":true,"href":"https:\/\/www.hashtag.al\/index.php\/wp-json\/wp\/v2\/users\/51"}],"replies":[{"embeddable":true,"href":"https:\/\/www.hashtag.al\/index.php\/wp-json\/wp\/v2\/comments?post=353200"}],"version-history":[{"count":0,"href":"https:\/\/www.hashtag.al\/index.php\/wp-json\/wp\/v2\/posts\/353200\/revisions"}],"wp:featuredmedia":[{"embeddable":true,"href":"https:\/\/www.hashtag.al\/index.php\/wp-json\/wp\/v2\/media\/353201"}],"wp:attachment":[{"href":"https:\/\/www.hashtag.al\/index.php\/wp-json\/wp\/v2\/media?parent=353200"}],"wp:term":[{"taxonomy":"category","embeddable":true,"href":"https:\/\/www.hashtag.al\/index.php\/wp-json\/wp\/v2\/categories?post=353200"},{"taxonomy":"post_tag","embeddable":true,"href":"https:\/\/www.hashtag.al\/index.php\/wp-json\/wp\/v2\/tags?post=353200"}],"curies":[{"name":"wp","href":"https:\/\/api.w.org\/{rel}","templated":true}]}}