{"id":352966,"date":"2020-02-11T18:18:14","date_gmt":"2020-02-11T17:18:14","guid":{"rendered":"https:\/\/hashtag.al\/?p=352966"},"modified":"2020-02-11T18:18:14","modified_gmt":"2020-02-11T17:18:14","slug":"basha-pas-takimit-me-kurtin-diskutuam-si-te-ndalojme-largimin-e-te-rinjve","status":"publish","type":"post","link":"https:\/\/www.hashtag.al\/index.php\/2020\/02\/11\/basha-pas-takimit-me-kurtin-diskutuam-si-te-ndalojme-largimin-e-te-rinjve\/","title":{"rendered":"Basha pas takimit me Kurtin: Diskutuam si t\u00eb ndalojm\u00eb largimin e t\u00eb rinjve","gt_translate_keys":[{"key":"rendered","format":"text"}]},"content":{"rendered":"<p><img loading=\"lazy\" decoding=\"async\" class=\"aligncenter size-full wp-image-352967\" src=\"https:\/\/hashtag.al\/wp-content\/uploads\/2020\/02\/basha-kurti.jpg\" alt=\"\" width=\"960\" height=\"639\" srcset=\"https:\/\/www.hashtag.al\/wp-content\/uploads\/2020\/02\/basha-kurti.jpg 960w, https:\/\/www.hashtag.al\/wp-content\/uploads\/2020\/02\/basha-kurti-300x200.jpg 300w, https:\/\/www.hashtag.al\/wp-content\/uploads\/2020\/02\/basha-kurti-768x511.jpg 768w\" sizes=\"auto, (max-width: 960px) 100vw, 960px\" \/><\/p>\n<p><span style=\"color: #000000;\">Kreu i Partis\u00eb Demokratike Lulzim Basha ka zbuluar disa nga temat e diskutimit t\u00eb takimit t\u00eb tij me kryeministrin e Kosov\u00ebs, Albin Kurti.<\/span><\/p>\n<p><span style=\"color: #000000;\">Basha deklaron se nj\u00eb temat e diskutimit me Kurtin ishte edhe \u00e7\u00ebshtja kritike p\u00ebr t\u00eb ndaluar largimin e t\u00eb rinjve.<\/span><\/p>\n<p><span style=\"color: #000000;\">Gjithashtu mes Bash\u00ebs dhe Kurtit u diskutua edhe p\u00ebr zhvillimet e r\u00ebnd\u00ebsishme politike n\u00eb rajon.<\/span><\/p>\n<p><span style=\"color: #000000;\">\u201c<em>N\u00eb nj\u00eb takim t\u00eb ngroht\u00eb me kryeministrin e Kosov\u00ebs, Albin Kurti, diskutuam p\u00ebr t\u00eb gjitha zhvillimet e r\u00ebnd\u00ebsishme politike dhe rajonale. Ngrit\u00ebm gjithashtu edhe \u00e7\u00ebshtjen kritike, se si t\u00eb ndalojm\u00eb largimin e dhimbsh\u00ebm t\u00eb kaq shum\u00eb t\u00eb rinjve nga Shqip\u00ebria dhe Kosova.<\/em><\/span><\/p>\n<p><span style=\"color: #000000;\"><em>E sigurova kryeministrin Kurti se Qeveria e Kosov\u00ebs, institucionet e Republik\u00ebs s\u00eb Kosov\u00ebs dhe v\u00ebllez\u00ebrit e motrat tona \u2013 qytetar\u00ebt e Republik\u00ebs s\u00eb Kosov\u00ebs \u2013 mund t\u00eb vazhdojn\u00eb t\u00eb mb\u00ebshteten tek Partia Demokratike e Shqip\u00ebris\u00eb, sot si opozit\u00eb e fort\u00eb dhe e bashkuar, dhe nes\u00ebr n\u00eb drejtim t\u00eb vendit, p\u00ebr t\u2019i ofruar \u00e7do ndihm\u00eb dhe p\u00ebr t\u00eb marr\u00eb \u00e7do vendim n\u00eb mb\u00ebshtetje t\u00eb Kosov\u00ebs. Ne jemi si p\u00ebrher\u00eb krenarisht n\u00eb krah t\u00eb Kosov\u00ebs ton\u00eb t\u00eb shtrenjt\u00eb<\/em>\u201d-shkruan Basha<\/span><\/p>\n<p><img loading=\"lazy\" decoding=\"async\" class=\"aligncenter size-full wp-image-352968\" src=\"https:\/\/hashtag.al\/wp-content\/uploads\/2020\/02\/basha-kurti-pd.jpg\" alt=\"\" width=\"960\" height=\"639\" srcset=\"https:\/\/www.hashtag.al\/wp-content\/uploads\/2020\/02\/basha-kurti-pd.jpg 960w, https:\/\/www.hashtag.al\/wp-content\/uploads\/2020\/02\/basha-kurti-pd-300x200.jpg 300w, https:\/\/www.hashtag.al\/wp-content\/uploads\/2020\/02\/basha-kurti-pd-768x511.jpg 768w\" sizes=\"auto, (max-width: 960px) 100vw, 960px\" \/><\/p>\n","protected":false,"gt_translate_keys":[{"key":"rendered","format":"html"}]},"excerpt":{"rendered":"<p>Kreu i Partis\u00eb Demokratike Lulzim Basha ka zbuluar disa nga temat e diskutimit t\u00eb takimit t\u00eb tij me kryeministrin e Kosov\u00ebs, Albin Kurti. Basha deklaron se nj\u00eb temat e diskutimit me Kurtin ishte edhe \u00e7\u00ebshtja kritike p\u00ebr t\u00eb ndaluar largimin e t\u00eb rinjve. Gjithashtu mes Bash\u00ebs dhe Kurtit u diskutua edhe p\u00ebr zhvillimet e r\u00ebnd\u00ebsishme [&hellip;]<\/p>\n","protected":false,"gt_translate_keys":[{"key":"rendered","format":"html"}]},"author":32,"featured_media":352967,"comment_status":"open","ping_status":"open","sticky":false,"template":"","format":"standard","meta":{"footnotes":""},"categories":[65,13],"tags":[175,308,320],"class_list":["post-352966","post","type-post","status-publish","format-standard","has-post-thumbnail","hentry","category-lajme","category-te-fundit","tag-basha","tag-kurti","tag-takim"],"gt_translate_keys":[{"key":"link","format":"url"}],"_links":{"self":[{"href":"https:\/\/www.hashtag.al\/index.php\/wp-json\/wp\/v2\/posts\/352966","targetHints":{"allow":["GET"]}}],"collection":[{"href":"https:\/\/www.hashtag.al\/index.php\/wp-json\/wp\/v2\/posts"}],"about":[{"href":"https:\/\/www.hashtag.al\/index.php\/wp-json\/wp\/v2\/types\/post"}],"author":[{"embeddable":true,"href":"https:\/\/www.hashtag.al\/index.php\/wp-json\/wp\/v2\/users\/32"}],"replies":[{"embeddable":true,"href":"https:\/\/www.hashtag.al\/index.php\/wp-json\/wp\/v2\/comments?post=352966"}],"version-history":[{"count":0,"href":"https:\/\/www.hashtag.al\/index.php\/wp-json\/wp\/v2\/posts\/352966\/revisions"}],"wp:featuredmedia":[{"embeddable":true,"href":"https:\/\/www.hashtag.al\/index.php\/wp-json\/wp\/v2\/media\/352967"}],"wp:attachment":[{"href":"https:\/\/www.hashtag.al\/index.php\/wp-json\/wp\/v2\/media?parent=352966"}],"wp:term":[{"taxonomy":"category","embeddable":true,"href":"https:\/\/www.hashtag.al\/index.php\/wp-json\/wp\/v2\/categories?post=352966"},{"taxonomy":"post_tag","embeddable":true,"href":"https:\/\/www.hashtag.al\/index.php\/wp-json\/wp\/v2\/tags?post=352966"}],"curies":[{"name":"wp","href":"https:\/\/api.w.org\/{rel}","templated":true}]}}