{"id":352908,"date":"2020-02-11T13:08:31","date_gmt":"2020-02-11T12:08:31","guid":{"rendered":"https:\/\/hashtag.al\/?p=352908"},"modified":"2020-02-11T13:08:31","modified_gmt":"2020-02-11T12:08:31","slug":"shperthim-ne-afganistan-vriten-5-persona","status":"publish","type":"post","link":"https:\/\/www.hashtag.al\/index.php\/2020\/02\/11\/shperthim-ne-afganistan-vriten-5-persona\/","title":{"rendered":"Shp\u00ebrthim n\u00eb Afganistan, vriten 5 persona","gt_translate_keys":[{"key":"rendered","format":"text"}]},"content":{"rendered":"<p><img loading=\"lazy\" decoding=\"async\" class=\"aligncenter size-full wp-image-352909\" src=\"https:\/\/hashtag.al\/wp-content\/uploads\/2020\/02\/afganistan1.jpg\" alt=\"\" width=\"768\" height=\"432\" srcset=\"https:\/\/www.hashtag.al\/wp-content\/uploads\/2020\/02\/afganistan1.jpg 768w, https:\/\/www.hashtag.al\/wp-content\/uploads\/2020\/02\/afganistan1-300x169.jpg 300w\" sizes=\"auto, (max-width: 768px) 100vw, 768px\" \/><\/p>\n<p><span style=\"color: #000000;\">Nj\u00eb sulm me bomba u ka kushtuar jet\u00ebn t\u00eb pakt\u00ebn 5 personave n\u00eb Afganistan. <\/span><\/p>\n<p><span style=\"color: #000000;\">Ngjarja e r\u00ebnd\u00eb ndodhi pran\u00eb hyrjes s\u00eb akademis\u00eb s\u00eb ushtris\u00eb n\u00eb kryeqytetin e vendit, Kabul. <\/span><\/p>\n<p><span style=\"color: #000000;\">Shp\u00ebrthimi u d\u00ebgjua rreth or\u00ebs 7 t\u00eb m\u00ebngjesit me koh\u00ebn lokale e sipas autoriteteve dy nga viktimat ishin civil\u00eb nd\u00ebrsa tre t\u00eb tjer\u00eb ushtarak\u00eb. <\/span><\/p>\n<p><span style=\"color: #000000;\">Deri tani asnj\u00eb grup se ka marr\u00eb p\u00ebrsip\u00ebr p\u00ebrgjegj\u00ebsin\u00eb p\u00ebr sulmin.<\/span><\/p>\n","protected":false,"gt_translate_keys":[{"key":"rendered","format":"html"}]},"excerpt":{"rendered":"<p>Nj\u00eb sulm me bomba u ka kushtuar jet\u00ebn t\u00eb pakt\u00ebn 5 personave n\u00eb Afganistan. Ngjarja e r\u00ebnd\u00eb ndodhi pran\u00eb hyrjes s\u00eb akademis\u00eb s\u00eb ushtris\u00eb n\u00eb kryeqytetin e vendit, Kabul. Shp\u00ebrthimi u d\u00ebgjua rreth or\u00ebs 7 t\u00eb m\u00ebngjesit me koh\u00ebn lokale e sipas autoriteteve dy nga viktimat ishin civil\u00eb nd\u00ebrsa tre t\u00eb tjer\u00eb ushtarak\u00eb. Deri tani [&hellip;]<\/p>\n","protected":false,"gt_translate_keys":[{"key":"rendered","format":"html"}]},"author":51,"featured_media":352909,"comment_status":"open","ping_status":"open","sticky":false,"template":"","format":"standard","meta":{"footnotes":""},"categories":[6],"tags":[],"class_list":["post-352908","post","type-post","status-publish","format-standard","has-post-thumbnail","hentry","category-nderkombetare"],"gt_translate_keys":[{"key":"link","format":"url"}],"_links":{"self":[{"href":"https:\/\/www.hashtag.al\/index.php\/wp-json\/wp\/v2\/posts\/352908","targetHints":{"allow":["GET"]}}],"collection":[{"href":"https:\/\/www.hashtag.al\/index.php\/wp-json\/wp\/v2\/posts"}],"about":[{"href":"https:\/\/www.hashtag.al\/index.php\/wp-json\/wp\/v2\/types\/post"}],"author":[{"embeddable":true,"href":"https:\/\/www.hashtag.al\/index.php\/wp-json\/wp\/v2\/users\/51"}],"replies":[{"embeddable":true,"href":"https:\/\/www.hashtag.al\/index.php\/wp-json\/wp\/v2\/comments?post=352908"}],"version-history":[{"count":0,"href":"https:\/\/www.hashtag.al\/index.php\/wp-json\/wp\/v2\/posts\/352908\/revisions"}],"wp:featuredmedia":[{"embeddable":true,"href":"https:\/\/www.hashtag.al\/index.php\/wp-json\/wp\/v2\/media\/352909"}],"wp:attachment":[{"href":"https:\/\/www.hashtag.al\/index.php\/wp-json\/wp\/v2\/media?parent=352908"}],"wp:term":[{"taxonomy":"category","embeddable":true,"href":"https:\/\/www.hashtag.al\/index.php\/wp-json\/wp\/v2\/categories?post=352908"},{"taxonomy":"post_tag","embeddable":true,"href":"https:\/\/www.hashtag.al\/index.php\/wp-json\/wp\/v2\/tags?post=352908"}],"curies":[{"name":"wp","href":"https:\/\/api.w.org\/{rel}","templated":true}]}}