{"id":352867,"date":"2020-02-11T11:21:56","date_gmt":"2020-02-11T10:21:56","guid":{"rendered":"https:\/\/hashtag.al\/?p=352867"},"modified":"2020-02-11T11:39:44","modified_gmt":"2020-02-11T10:39:44","slug":"albin-kurti-dua-bashkepunimin-kosove-shqiperi-qe-kombi-yne-se-ka-pare-ndonjehere","status":"publish","type":"post","link":"https:\/\/www.hashtag.al\/index.php\/2020\/02\/11\/albin-kurti-dua-bashkepunimin-kosove-shqiperi-qe-kombi-yne-se-ka-pare-ndonjehere\/","title":{"rendered":"Albin Kurti: Dua bashk\u00ebpunimin Kosov\u00eb-Shqip\u00ebri q\u00eb kombi yn\u00eb s&#8217;e ka par\u00eb ndonj\u00ebher\u00eb","gt_translate_keys":[{"key":"rendered","format":"text"}]},"content":{"rendered":"<p><a href=\"https:\/\/hashtag.al\/wp-content\/uploads\/2020\/02\/KURTI-2.jpg\"><img loading=\"lazy\" decoding=\"async\" class=\"aligncenter size-full wp-image-352868\" src=\"https:\/\/hashtag.al\/wp-content\/uploads\/2020\/02\/KURTI-2.jpg\" alt=\"\" width=\"1436\" height=\"791\" srcset=\"https:\/\/www.hashtag.al\/wp-content\/uploads\/2020\/02\/KURTI-2.jpg 1436w, https:\/\/www.hashtag.al\/wp-content\/uploads\/2020\/02\/KURTI-2-300x165.jpg 300w, https:\/\/www.hashtag.al\/wp-content\/uploads\/2020\/02\/KURTI-2-768x423.jpg 768w, https:\/\/www.hashtag.al\/wp-content\/uploads\/2020\/02\/KURTI-2-1024x564.jpg 1024w\" sizes=\"auto, (max-width: 1436px) 100vw, 1436px\" \/><\/a><\/p>\n<p><span style=\"color: #000000;\">N\u00eb vizit\u00ebn e tij t\u00eb par\u00eb si kryeminist\u00ebr i Kosov\u00ebs n\u00eb Tiran\u00eb, Albin Kurti ka deklaruar se synimi i tij \u00ebsht\u00eb t\u00eb arrij\u00eb nj\u00eb bashk\u00ebpunim mes dy vendeve q\u00eb kombi yn\u00eb nuk e ka par\u00eb m\u00eb par\u00eb por e ka d\u00ebshiruar aq shum\u00eb.<\/span><\/p>\n<p><span style=\"color: #000000;\">Kurti theksoi se ky ka qen\u00eb dhe fokusi i bisedimeve t\u00eb tij me kryeministrin Edi Rama, me t\u00eb cilin ka r\u00ebn\u00eb dakord p\u00ebr ngritjen e nj\u00eb komisioni nd\u00ebrshtet\u00ebror t\u00eb p\u00ebrbashk\u00ebt.<\/span><\/p>\n<p><em><span style=\"color: #000000;\">&#8220;Ju faleminderit shum\u00eb i nderuar kryeminist\u00ebr Rama. Un\u00eb jam shum\u00eb i lumtur q\u00eb ndodhem sot n\u00eb Tiran\u00eb, edhe nj\u00eb or\u00eb b\u00ebhet nj\u00eb jav\u00eb q\u00eb jam n\u00eb k\u00ebt\u00eb detyr\u00eb t\u00eb re. Vendi i par\u00eb q\u00eb vizitova jasht\u00eb Prishtin\u00ebs si kryeqytet ishte prekazi i kryekomandantit Adem Jashari, qyteti i par\u00eb q\u00eb vizitova jasht\u00eb Prishtin\u00ebs ishte Mitrovica e sigurisht q\u00eb shteti i par\u00eb jasht\u00eb Kosov\u00ebs patjet\u00ebr q\u00eb duhej t\u00eb ishte Shqip\u00ebria. Ju falenderoj shum\u00eb p\u00ebr mikpritjen e bised\u00ebn konstruktive q\u00eb kishim. Un\u00eb dua q\u00eb n\u00eb k\u00ebt\u00eb dekad\u00eb t\u00eb re t\u00eb kemi nj\u00eb fillim t\u00eb fuqish\u00ebm t\u00eb bashk\u00ebpunimit Kosov\u00eb-Shqip\u00ebri, q\u00eb nuk ka pasur ndonj\u00ebher\u00eb mes dy vendeve tona. Pra Shqip\u00ebria e Kosova jan\u00eb prioritet i nj\u00ebra-tjetr\u00ebs dhe nuk jan\u00eb \u00e7\u00ebshtje q\u00eb presin. U dakorduam, q\u00eb t\u00eb formojm\u00eb nj\u00eb komision nd\u00ebrshtet\u00ebror, i p\u00ebrb\u00ebr\u00eb edhe nga ministra dhe nga deputet\u00eb, q\u00eb ato 77 marr\u00ebveshje q\u00eb jan\u00eb b\u00ebr\u00eb deri m\u00eb tani t\u00eb zbatohen dhe t\u00eb shtohen edhe marr\u00ebveshje t\u00eb reja.<\/span><\/em><\/p>\n<p><em><span style=\"color: #000000;\">Me k\u00ebt\u00eb rast dua t\u00eb falenderoj popullin shqiptar, p\u00ebr ndihm\u00ebn, p\u00ebrkrahjen e pakursyer e pa rezerv\u00eb p\u00ebr Kosov\u00ebn. Kosova nuk do ia dilte para Serbis\u00eb n\u00eb luft\u00eb e as n\u00eb paqe pa Shqip\u00ebrin\u00eb.<\/span><\/em><\/p>\n<p><span style=\"color: #000000;\"><em>N\u00eb ve\u00e7anti dua t\u00eb bashk\u00ebpunojm\u00eb n\u00eb aspektin ekonomik t\u00eb prodhimtaris\u00eb, arsimit e t\u00eb politik\u00ebs s\u00eb jashtme. Besoj se k\u00ebto jan\u00eb fusha p\u00ebr t\u00eb cilat i kemi preukopimet e nj\u00ebjta dhe aleat\u00ebt tan\u00eb jan\u00eb po t\u00eb nj\u00ebjt\u00ebt. Besoj q\u00eb do ta d\u00ebshmojm\u00eb se si dy kryeministra t\u00eb dy shteteve tona do t\u00eb avancojm\u00eb bashk\u00ebpunimin ton\u00eb n\u00eb fusha e p\u00ebrmasa q\u00eb i ka dashur gjithmon\u00eb kombi un\u00eb por nuk i ka par\u00eb.&#8221;<\/em> &#8211; tha Kurti.<\/span><\/p>\n<p>&nbsp;<\/p>\n","protected":false,"gt_translate_keys":[{"key":"rendered","format":"html"}]},"excerpt":{"rendered":"<p>N\u00eb vizit\u00ebn e tij t\u00eb par\u00eb si kryeminist\u00ebr i Kosov\u00ebs n\u00eb Tiran\u00eb, Albin Kurti ka deklaruar se synimi i tij \u00ebsht\u00eb t\u00eb arrij\u00eb nj\u00eb bashk\u00ebpunim mes dy vendeve q\u00eb kombi yn\u00eb nuk e ka par\u00eb m\u00eb par\u00eb por e ka d\u00ebshiruar aq shum\u00eb. Kurti theksoi se ky ka qen\u00eb dhe fokusi i bisedimeve t\u00eb tij [&hellip;]<\/p>\n","protected":false,"gt_translate_keys":[{"key":"rendered","format":"html"}]},"author":30,"featured_media":352868,"comment_status":"open","ping_status":"open","sticky":false,"template":"","format":"standard","meta":{"footnotes":""},"categories":[65,13],"tags":[],"class_list":["post-352867","post","type-post","status-publish","format-standard","has-post-thumbnail","hentry","category-lajme","category-te-fundit"],"gt_translate_keys":[{"key":"link","format":"url"}],"_links":{"self":[{"href":"https:\/\/www.hashtag.al\/index.php\/wp-json\/wp\/v2\/posts\/352867","targetHints":{"allow":["GET"]}}],"collection":[{"href":"https:\/\/www.hashtag.al\/index.php\/wp-json\/wp\/v2\/posts"}],"about":[{"href":"https:\/\/www.hashtag.al\/index.php\/wp-json\/wp\/v2\/types\/post"}],"author":[{"embeddable":true,"href":"https:\/\/www.hashtag.al\/index.php\/wp-json\/wp\/v2\/users\/30"}],"replies":[{"embeddable":true,"href":"https:\/\/www.hashtag.al\/index.php\/wp-json\/wp\/v2\/comments?post=352867"}],"version-history":[{"count":0,"href":"https:\/\/www.hashtag.al\/index.php\/wp-json\/wp\/v2\/posts\/352867\/revisions"}],"wp:featuredmedia":[{"embeddable":true,"href":"https:\/\/www.hashtag.al\/index.php\/wp-json\/wp\/v2\/media\/352868"}],"wp:attachment":[{"href":"https:\/\/www.hashtag.al\/index.php\/wp-json\/wp\/v2\/media?parent=352867"}],"wp:term":[{"taxonomy":"category","embeddable":true,"href":"https:\/\/www.hashtag.al\/index.php\/wp-json\/wp\/v2\/categories?post=352867"},{"taxonomy":"post_tag","embeddable":true,"href":"https:\/\/www.hashtag.al\/index.php\/wp-json\/wp\/v2\/tags?post=352867"}],"curies":[{"name":"wp","href":"https:\/\/api.w.org\/{rel}","templated":true}]}}