{"id":352860,"date":"2020-02-11T11:18:29","date_gmt":"2020-02-11T10:18:29","guid":{"rendered":"https:\/\/hashtag.al\/?p=352860"},"modified":"2020-02-11T11:10:41","modified_gmt":"2020-02-11T10:10:41","slug":"sindromi-greta-brukseli-detyrohet-te-kerkoje-dy-here-falje-pasi-shefi-i-politikes-se-jashtme-kritikoi-aktivisten","status":"publish","type":"post","link":"https:\/\/www.hashtag.al\/index.php\/2020\/02\/11\/sindromi-greta-brukseli-detyrohet-te-kerkoje-dy-here-falje-pasi-shefi-i-politikes-se-jashtme-kritikoi-aktivisten\/","title":{"rendered":"&#8220;Sindromi Greta&#8221; &#8211; Brukseli detyrohet t\u00eb k\u00ebrkoj\u00eb dy her\u00eb falje pasi shefi i politik\u00ebs s\u00eb jashtme t\u00eb BE-s\u00eb kritikoi aktivisten","gt_translate_keys":[{"key":"rendered","format":"text"}]},"content":{"rendered":"<p><a href=\"https:\/\/hashtag.al\/wp-content\/uploads\/2020\/02\/Borrel-Greta.jpg\"><img loading=\"lazy\" decoding=\"async\" class=\"aligncenter size-full wp-image-352861\" src=\"https:\/\/hashtag.al\/wp-content\/uploads\/2020\/02\/Borrel-Greta.jpg\" alt=\"\" width=\"980\" height=\"551\" srcset=\"https:\/\/www.hashtag.al\/wp-content\/uploads\/2020\/02\/Borrel-Greta.jpg 980w, https:\/\/www.hashtag.al\/wp-content\/uploads\/2020\/02\/Borrel-Greta-300x169.jpg 300w, https:\/\/www.hashtag.al\/wp-content\/uploads\/2020\/02\/Borrel-Greta-768x432.jpg 768w\" sizes=\"auto, (max-width: 980px) 100vw, 980px\" \/><\/a><\/p>\n<p><span style=\"color: #000000;\">Nj\u00eb z\u00ebdh\u00ebn\u00ebse e Komisionit Europian e ka l\u00ebn\u00eb veten n\u00eb m\u00ebshir\u00ebn e publikut disa dit\u00eb pasi shefi i politik\u00ebs s\u00eb jashtme t\u00eb BE-s\u00eb kreu<em> &#8220;m\u00ebkatin e pafalsh\u00ebm&#8221;<\/em> duke iu referuar aktivizmit rinor t\u00eb klim\u00ebs si <em>&#8220;sindromi Greta&#8221;.<\/em><\/span><\/p>\n<p><span style=\"color: #000000;\">Z\u00ebdh\u00ebn\u00ebsja e KE-s\u00eb Dana Spinant u lut p\u00ebr falje gjat\u00eb nj\u00eb konference p\u00ebr shtyp t\u00eb h\u00ebn\u00ebn, lidhur me komentin e kreut t\u00eb politik\u00ebs s\u00eb jashtme Josep Borrell. Politikani spanjoll argumentoi se aktivist\u00ebt e rinj nuk ishin t\u00eb vet\u00ebdijsh\u00ebm p\u00ebr pasojat n\u00eb standardin e tyre t\u00eb jetes\u00ebs, duke e quajtur k\u00ebt\u00eb fenomen<em> &#8220;sindromi Greta&#8221;.<\/em><\/span><\/p>\n<p><span style=\"color: #000000;\">Spinant tha se komentet e Borrellit ishin <em>&#8220;t\u00eb pap\u00ebrshtatshme&#8221;<\/em> dhe k\u00ebmb\u00ebngululi se t\u00eb gjith\u00eb komisioner\u00ebt ishin plot\u00ebsisht dakord me fushatat e reja kund\u00ebr ndryshimit t\u00eb klim\u00ebs.<\/span><\/p>\n<p><span style=\"color: #000000;\"><em>&#8220;\u00cbsht\u00eb mir\u00eb t\u00eb demonstrosh p\u00ebr ndryshimin e klim\u00ebs p\u00ebr sa koh\u00eb q\u00eb nuk t\u00eb k\u00ebrkohet t\u00eb kontribuosh p\u00ebr t\u00eb paguar p\u00ebr t\u00eb&#8221;<\/em>&#8211; tha Borrell t\u00eb m\u00ebrkur\u00ebn e kaluar n\u00eb Bruksel.<\/span><\/p>\n<p><span style=\"color: #000000;\">Diplomati evropian sugjeroi q\u00eb turmat e t\u00eb rinjve q\u00eb dilnin n\u00eb rrug\u00eb p\u00ebr t\u00eb protestuar ndaj ndryshimit t\u00eb klim\u00ebs, nuk mund t\u00eb ishin aq entuziast\u00eb, n\u00ebse do t\u00eb dinin se cilat sakrifica do t\u00eb b\u00ebnin p\u00ebr sa i p\u00ebrket standardit t\u00eb tyre t\u00eb jetes\u00ebs n\u00eb m\u00ebnyr\u00eb q\u00eb t\u00eb kompensojn\u00eb <em>&#8220;minator\u00ebt polak\u00eb<\/em>&#8221; dhe nuk e din\u00eb se cilat m\u00ebnyra t\u00eb t\u00eb jetuarit do t\u00eb preken negativisht.<\/span><\/p>\n<p><span style=\"color: #000000;\">E m\u00eb pas ai iu referua vajz\u00ebs q\u00eb frym\u00ebzoi gjith\u00eb k\u00ebt\u00eb l\u00ebvizje rinore, Greta Thunberg. <em>&#8220;Iden\u00eb se t\u00eb rinjt\u00eb jan\u00eb seriozisht t\u00eb p\u00ebrkushtuar ndaj ndryshimit t\u00eb klim\u00ebs, ne mund ta quajm\u00eb &#8220;Sindromi Greta&#8221; &#8211; m\u00eb lejoni t\u00eb dyshoj p\u00ebr k\u00ebt\u00eb.&#8221;<\/em>&#8211; tha Borrell, citon <span style=\"color: #0000ff;\"><a style=\"color: #0000ff;\" href=\"https:\/\/www.rt.com\/news\/480527-eu-grovels-climate-greta-syndrome\/\">RT<\/a><\/span>.<\/span><\/p>\n<p><span style=\"color: #000000;\">Dit\u00eb m\u00eb pas Borrell b\u00ebri disa postime t\u00eb nj\u00ebpasnj\u00ebshme n\u00eb &#8220;Twitter&#8221;, pasi shum\u00eb mb\u00ebshtet\u00ebs t\u00eb Thunberg e quajt\u00ebn Spanj\u00ebn fashiste dhe k\u00ebrkuan dor\u00ebheqjen e tij. E nuk ishin vet\u00ebm mb\u00ebshtet\u00ebsit n\u00eb rrjet q\u00eb d\u00ebshironin <em>&#8220;kok\u00ebn e Borrellit n\u00eb nj\u00eb pjat\u00eb&#8221;<\/em>, por edhe deputeti gjerman i gjelb\u00ebr Reinhard Butikofer e akuzoi at\u00eb se po b\u00ebnte deklarata <em>&#8220;kund\u00ebr politik\u00ebs s\u00eb BE&#8221;<\/em>. Dhe zyrtar\u00eb t\u00eb tjer\u00eb t\u00eb KE-s\u00eb nuk mund t\u00eb shp\u00ebtonin npa komentuar fjal\u00ebt.<\/span><\/p>\n<p><span style=\"color: #000000;\">Z\u00ebdh\u00ebn\u00ebsi Eric Mamer deklaroi t\u00eb premten se i gjith\u00eb komisioni mb\u00ebshtet Marr\u00ebveshjen e Gjelb\u00ebr Evropiane e cila sipas tij &#8220;pranon dhe mb\u00ebshtet ambiciet e t\u00eb rinjve dhe m\u00eb pak t\u00eb rinjve p\u00ebr t\u00eb luftuar ndryshimin e klim\u00ebs.&#8221;<\/span><\/p>\n<p><span style=\"color: #000000;\">BE synon t\u00eb arrij\u00eb nj\u00eb plan ambicioz dhe t\u00eb kushtuesh\u00ebm deri n\u00eb vitin 2050 &#8211; q\u00eb do t&#8217;u k\u00ebrkoj\u00eb vendeve m\u00eb t\u00eb pasura evropiane t\u00eb krijojn\u00eb ndihma prej rreth 100 miliard\u00eb eurosh p\u00ebr kombet m\u00eb t\u00eb varfra p\u00ebr t\u00eb leht\u00ebsuar kalimin e tyre n\u00eb nj\u00eb ekonomi t\u00eb emetimeve t\u00eb ul\u00ebta t\u00eb karbonit.<\/span><\/p>\n<p><span style=\"color: #000000;\">Duket se as zyrtar\u00ebt m\u00eb t\u00eb ul\u00ebt t\u00eb BE-s\u00eb nuk lejohet t\u00eb kritikojn\u00eb Greta Thunberg, e Borrell \u00ebsht\u00eb me fat q\u00eb ia hodhi me vet\u00ebm nj\u00eb paralajm\u00ebrim.<\/span><\/p>\n<p>&nbsp;<\/p>\n","protected":false,"gt_translate_keys":[{"key":"rendered","format":"html"}]},"excerpt":{"rendered":"<p>Nj\u00eb z\u00ebdh\u00ebn\u00ebse e Komisionit Europian e ka l\u00ebn\u00eb veten n\u00eb m\u00ebshir\u00ebn e publikut disa dit\u00eb pasi shefi i politik\u00ebs s\u00eb jashtme t\u00eb BE-s\u00eb kreu &#8220;m\u00ebkatin e pafalsh\u00ebm&#8221; duke iu referuar aktivizmit rinor t\u00eb klim\u00ebs si &#8220;sindromi Greta&#8221;. Z\u00ebdh\u00ebn\u00ebsja e KE-s\u00eb Dana Spinant u lut p\u00ebr falje gjat\u00eb nj\u00eb konference p\u00ebr shtyp t\u00eb h\u00ebn\u00ebn, lidhur me [&hellip;]<\/p>\n","protected":false,"gt_translate_keys":[{"key":"rendered","format":"html"}]},"author":30,"featured_media":352861,"comment_status":"open","ping_status":"open","sticky":false,"template":"","format":"standard","meta":{"footnotes":""},"categories":[6],"tags":[],"class_list":["post-352860","post","type-post","status-publish","format-standard","has-post-thumbnail","hentry","category-nderkombetare"],"gt_translate_keys":[{"key":"link","format":"url"}],"_links":{"self":[{"href":"https:\/\/www.hashtag.al\/index.php\/wp-json\/wp\/v2\/posts\/352860","targetHints":{"allow":["GET"]}}],"collection":[{"href":"https:\/\/www.hashtag.al\/index.php\/wp-json\/wp\/v2\/posts"}],"about":[{"href":"https:\/\/www.hashtag.al\/index.php\/wp-json\/wp\/v2\/types\/post"}],"author":[{"embeddable":true,"href":"https:\/\/www.hashtag.al\/index.php\/wp-json\/wp\/v2\/users\/30"}],"replies":[{"embeddable":true,"href":"https:\/\/www.hashtag.al\/index.php\/wp-json\/wp\/v2\/comments?post=352860"}],"version-history":[{"count":0,"href":"https:\/\/www.hashtag.al\/index.php\/wp-json\/wp\/v2\/posts\/352860\/revisions"}],"wp:featuredmedia":[{"embeddable":true,"href":"https:\/\/www.hashtag.al\/index.php\/wp-json\/wp\/v2\/media\/352861"}],"wp:attachment":[{"href":"https:\/\/www.hashtag.al\/index.php\/wp-json\/wp\/v2\/media?parent=352860"}],"wp:term":[{"taxonomy":"category","embeddable":true,"href":"https:\/\/www.hashtag.al\/index.php\/wp-json\/wp\/v2\/categories?post=352860"},{"taxonomy":"post_tag","embeddable":true,"href":"https:\/\/www.hashtag.al\/index.php\/wp-json\/wp\/v2\/tags?post=352860"}],"curies":[{"name":"wp","href":"https:\/\/api.w.org\/{rel}","templated":true}]}}