{"id":352295,"date":"2020-02-08T22:27:27","date_gmt":"2020-02-08T21:27:27","guid":{"rendered":"https:\/\/hashtag.al\/?p=352295"},"modified":"2020-02-08T22:27:27","modified_gmt":"2020-02-08T21:27:27","slug":"zgjedhjet-mes-krizes-ne-irlande-sondazhet-favorizojne-kandidaten-e-akuzuar-per-lidhjet-me-ira-n","status":"publish","type":"post","link":"https:\/\/www.hashtag.al\/index.php\/2020\/02\/08\/zgjedhjet-mes-krizes-ne-irlande-sondazhet-favorizojne-kandidaten-e-akuzuar-per-lidhjet-me-ira-n\/","title":{"rendered":"Zgjedhjet mes kriz\u00ebs n\u00eb Irland\u00eb, sondazhet favorizojn\u00eb kandidaten e akuzuar p\u00ebr lidhjet me IRA-n","gt_translate_keys":[{"key":"rendered","format":"text"}]},"content":{"rendered":"<p><img loading=\"lazy\" decoding=\"async\" class=\"aligncenter size-full wp-image-352296\" src=\"https:\/\/hashtag.al\/wp-content\/uploads\/2020\/02\/ira.jpg\" alt=\"\" width=\"1180\" height=\"663\" srcset=\"https:\/\/www.hashtag.al\/wp-content\/uploads\/2020\/02\/ira.jpg 1180w, https:\/\/www.hashtag.al\/wp-content\/uploads\/2020\/02\/ira-300x169.jpg 300w, https:\/\/www.hashtag.al\/wp-content\/uploads\/2020\/02\/ira-768x432.jpg 768w, https:\/\/www.hashtag.al\/wp-content\/uploads\/2020\/02\/ira-1024x575.jpg 1024w\" sizes=\"auto, (max-width: 1180px) 100vw, 1180px\" \/><\/p>\n<p><span style=\"color: #000000;\">Votuesit irlandez\u00eb po zgjedhin kryeministrin e ardhsh\u00ebm n\u00eb mes t\u00eb zhg\u00ebnjimit me masat e reja ekonomike dhe kriz\u00ebs s\u00eb brendshme q\u00eb kan\u00eb nxitur ngritjen e kandidates Sinn Fein, e cila akuzohet nga partit\u00eb n\u00eb pushtet p\u00ebr lidhjet e saj me Ushtrin\u00eb Republikane Irlandeze (IRA).<\/span><\/p>\n<p><span style=\"color: #000000;\">Sipas sondazheve, kandidatja Sinn Fein \u00ebsht\u00eb n\u00eb gar\u00eb t\u00eb ngusht\u00eb me kryeministrin aktual Leo Varadkar dhe kandidaten opozitare Fianna Fail.<\/span><\/p>\n<p><span style=\"color: #000000;\">Mb\u00ebshtetja ndaj Sinn Fein, e cila \u00ebsht\u00eb e fokusuar n\u00eb riunifikimin e Irland\u00ebs, k\u00ebrc\u00ebnon ekuilibrin politik n\u00eb vend edhe pse partia e saj e ka t\u00eb v\u00ebshtir\u00eb ta formoj\u00eb qeverin\u00eb p\u00ebr shkak se kandidatet Fine Gael dhe Fianna Fail refuzojn\u00eb t\u00eb bashk\u00ebpunojn\u00eb me t\u00eb.<\/span><\/p>\n<p><span style=\"color: #000000;\">Sinn Fein ka pushtet t\u00eb madh n\u00eb Irland\u00ebn jugore, q\u00eb \u00ebsht\u00eb pjes\u00eb e Britanis\u00eb, por kishte pasur nj\u00eb rol t\u00eb vog\u00ebl politik n\u00eb vend p\u00ebr shkak t\u00eb akuzave p\u00ebr marr\u00ebdh\u00ebniet me IRA-n, raporton Asociated Press.<\/span><\/p>\n","protected":false,"gt_translate_keys":[{"key":"rendered","format":"html"}]},"excerpt":{"rendered":"<p>Votuesit irlandez\u00eb po zgjedhin kryeministrin e ardhsh\u00ebm n\u00eb mes t\u00eb zhg\u00ebnjimit me masat e reja ekonomike dhe kriz\u00ebs s\u00eb brendshme q\u00eb kan\u00eb nxitur ngritjen e kandidates Sinn Fein, e cila akuzohet nga partit\u00eb n\u00eb pushtet p\u00ebr lidhjet e saj me Ushtrin\u00eb Republikane Irlandeze (IRA). Sipas sondazheve, kandidatja Sinn Fein \u00ebsht\u00eb n\u00eb gar\u00eb t\u00eb ngusht\u00eb me [&hellip;]<\/p>\n","protected":false,"gt_translate_keys":[{"key":"rendered","format":"html"}]},"author":32,"featured_media":352296,"comment_status":"open","ping_status":"open","sticky":false,"template":"","format":"standard","meta":{"footnotes":""},"categories":[6,13],"tags":[],"class_list":["post-352295","post","type-post","status-publish","format-standard","has-post-thumbnail","hentry","category-nderkombetare","category-te-fundit"],"gt_translate_keys":[{"key":"link","format":"url"}],"_links":{"self":[{"href":"https:\/\/www.hashtag.al\/index.php\/wp-json\/wp\/v2\/posts\/352295","targetHints":{"allow":["GET"]}}],"collection":[{"href":"https:\/\/www.hashtag.al\/index.php\/wp-json\/wp\/v2\/posts"}],"about":[{"href":"https:\/\/www.hashtag.al\/index.php\/wp-json\/wp\/v2\/types\/post"}],"author":[{"embeddable":true,"href":"https:\/\/www.hashtag.al\/index.php\/wp-json\/wp\/v2\/users\/32"}],"replies":[{"embeddable":true,"href":"https:\/\/www.hashtag.al\/index.php\/wp-json\/wp\/v2\/comments?post=352295"}],"version-history":[{"count":0,"href":"https:\/\/www.hashtag.al\/index.php\/wp-json\/wp\/v2\/posts\/352295\/revisions"}],"wp:featuredmedia":[{"embeddable":true,"href":"https:\/\/www.hashtag.al\/index.php\/wp-json\/wp\/v2\/media\/352296"}],"wp:attachment":[{"href":"https:\/\/www.hashtag.al\/index.php\/wp-json\/wp\/v2\/media?parent=352295"}],"wp:term":[{"taxonomy":"category","embeddable":true,"href":"https:\/\/www.hashtag.al\/index.php\/wp-json\/wp\/v2\/categories?post=352295"},{"taxonomy":"post_tag","embeddable":true,"href":"https:\/\/www.hashtag.al\/index.php\/wp-json\/wp\/v2\/tags?post=352295"}],"curies":[{"name":"wp","href":"https:\/\/api.w.org\/{rel}","templated":true}]}}