{"id":352057,"date":"2020-02-07T19:54:23","date_gmt":"2020-02-07T18:54:23","guid":{"rendered":"https:\/\/hashtag.al\/?p=352057"},"modified":"2020-02-07T19:54:23","modified_gmt":"2020-02-07T18:54:23","slug":"do-jemi-te-pavarur-lideri-i-katalonjes-flet-para-takimit-me-kryeministrin-spanjoll","status":"publish","type":"post","link":"https:\/\/www.hashtag.al\/index.php\/2020\/02\/07\/do-jemi-te-pavarur-lideri-i-katalonjes-flet-para-takimit-me-kryeministrin-spanjoll\/","title":{"rendered":"&#8220;Do jemi t\u00eb pavarur&#8221; &#8211; Lideri i Katalonj\u00ebs flet para takimit me kryeministrin spanjoll","gt_translate_keys":[{"key":"rendered","format":"text"}]},"content":{"rendered":"<p><img loading=\"lazy\" decoding=\"async\" class=\"aligncenter size-full wp-image-352058\" src=\"https:\/\/hashtag.al\/wp-content\/uploads\/2020\/02\/katalonja.jpg\" alt=\"\" width=\"980\" height=\"551\" srcset=\"https:\/\/www.hashtag.al\/wp-content\/uploads\/2020\/02\/katalonja.jpg 980w, https:\/\/www.hashtag.al\/wp-content\/uploads\/2020\/02\/katalonja-300x169.jpg 300w, https:\/\/www.hashtag.al\/wp-content\/uploads\/2020\/02\/katalonja-768x432.jpg 768w\" sizes=\"auto, (max-width: 980px) 100vw, 980px\" \/><\/p>\n<p><span style=\"color: #000000;\">Ndarja e Katalonj\u00ebs nga Spanja \u00ebsht\u00eb absolutisht e pakthyeshme, tha udh\u00ebheq\u00ebsi rajonal, Quim Torra, duke shtuar se ai \u00ebsht\u00eb gati t\u00eb negocioj\u00eb dat\u00ebn e nj\u00eb referendumi t\u00eb ri t\u00eb pavar\u00ebsis\u00eb me qeverin\u00eb qendrore n\u00eb Madrid.<\/span><\/p>\n<p><span style=\"color: #000000;\">Torra u takua me kryeministrin spanjoll Pedro Sanchez n\u00eb Barcelon\u00eb t\u00eb premten p\u00ebr t\u00eb p\u00ebrvijuar axhend\u00ebn p\u00ebr bisedimet mbi t\u00eb ardhmen e Katalonj\u00ebs q\u00eb do t\u00eb zhvillohen m\u00eb von\u00eb n\u00eb shkurt. Ata jan\u00eb takuar p\u00ebr her\u00eb t\u00eb par\u00eb n\u00eb mbi nj\u00eb vit pasi bisedimet e m\u00ebparshme u rr\u00ebzuan n\u00eb fund t\u00eb vitit 2018.<\/span><\/p>\n<p><span style=\"color: #000000;\">Por duket se Madridi dhe Barcelona po shkojn\u00eb n\u00eb tryez\u00ebn e bisedimeve me q\u00ebndrime krejt t\u00eb kund\u00ebrta. Sanchez, i cili kund\u00ebrshton me forc\u00eb iden\u00eb e pavar\u00ebsis\u00eb s\u00eb Katalonj\u00ebs dhe nj\u00eb referendum t\u00eb ri, tha se \u2018ajo q\u00eb propozon qeveria e Spanj\u00ebs \u00ebsht\u00eb rifillimi.\u2019<\/span><\/p>\n<p><span style=\"color: #000000;\">Por Torra i tha Reuters se nuk po k\u00ebrkon nj\u00eb rifillim, pasi ndarja e rrug\u00ebve me Spanj\u00ebn \u00ebsht\u00eb absolutisht e pakthyeshme.<\/span><\/p>\n<p><span style=\"color: #000000;\"><em>\u2018Nedo jemi t\u00eb pavarur.\u2019<\/em> &#8211; tha ai p\u00ebr Reuters.<\/span><\/p>\n<p><span style=\"color: #000000;\"><em>\u2018Zgjidhja e \u2018konfliktit t\u00eb nxeht\u00eb\u2019 midis Barcelon\u00ebs dhe Madridit do t\u00eb thot\u00eb t\u00eb lejosh katalanasit t\u00eb vendosin t\u00eb ardhmen e tyre n\u00eb m\u00ebnyr\u00eb demokratike dhe paq\u00ebsore,\u2019<\/em> shtoi ai.<\/span><\/p>\n","protected":false,"gt_translate_keys":[{"key":"rendered","format":"html"}]},"excerpt":{"rendered":"<p>Ndarja e Katalonj\u00ebs nga Spanja \u00ebsht\u00eb absolutisht e pakthyeshme, tha udh\u00ebheq\u00ebsi rajonal, Quim Torra, duke shtuar se ai \u00ebsht\u00eb gati t\u00eb negocioj\u00eb dat\u00ebn e nj\u00eb referendumi t\u00eb ri t\u00eb pavar\u00ebsis\u00eb me qeverin\u00eb qendrore n\u00eb Madrid. Torra u takua me kryeministrin spanjoll Pedro Sanchez n\u00eb Barcelon\u00eb t\u00eb premten p\u00ebr t\u00eb p\u00ebrvijuar axhend\u00ebn p\u00ebr bisedimet mbi t\u00eb [&hellip;]<\/p>\n","protected":false,"gt_translate_keys":[{"key":"rendered","format":"html"}]},"author":51,"featured_media":352058,"comment_status":"open","ping_status":"open","sticky":false,"template":"","format":"standard","meta":{"footnotes":""},"categories":[65,6,13],"tags":[],"class_list":["post-352057","post","type-post","status-publish","format-standard","has-post-thumbnail","hentry","category-lajme","category-nderkombetare","category-te-fundit"],"gt_translate_keys":[{"key":"link","format":"url"}],"_links":{"self":[{"href":"https:\/\/www.hashtag.al\/index.php\/wp-json\/wp\/v2\/posts\/352057","targetHints":{"allow":["GET"]}}],"collection":[{"href":"https:\/\/www.hashtag.al\/index.php\/wp-json\/wp\/v2\/posts"}],"about":[{"href":"https:\/\/www.hashtag.al\/index.php\/wp-json\/wp\/v2\/types\/post"}],"author":[{"embeddable":true,"href":"https:\/\/www.hashtag.al\/index.php\/wp-json\/wp\/v2\/users\/51"}],"replies":[{"embeddable":true,"href":"https:\/\/www.hashtag.al\/index.php\/wp-json\/wp\/v2\/comments?post=352057"}],"version-history":[{"count":0,"href":"https:\/\/www.hashtag.al\/index.php\/wp-json\/wp\/v2\/posts\/352057\/revisions"}],"wp:featuredmedia":[{"embeddable":true,"href":"https:\/\/www.hashtag.al\/index.php\/wp-json\/wp\/v2\/media\/352058"}],"wp:attachment":[{"href":"https:\/\/www.hashtag.al\/index.php\/wp-json\/wp\/v2\/media?parent=352057"}],"wp:term":[{"taxonomy":"category","embeddable":true,"href":"https:\/\/www.hashtag.al\/index.php\/wp-json\/wp\/v2\/categories?post=352057"},{"taxonomy":"post_tag","embeddable":true,"href":"https:\/\/www.hashtag.al\/index.php\/wp-json\/wp\/v2\/tags?post=352057"}],"curies":[{"name":"wp","href":"https:\/\/api.w.org\/{rel}","templated":true}]}}