{"id":352007,"date":"2020-02-07T16:21:17","date_gmt":"2020-02-07T15:21:17","guid":{"rendered":"https:\/\/hashtag.al\/?p=352007"},"modified":"2020-02-07T16:21:17","modified_gmt":"2020-02-07T15:21:17","slug":"papa-kritikon-te-pasurit-jepni-ca-me-shume-per-ata-qe-kane-nevoje","status":"publish","type":"post","link":"https:\/\/www.hashtag.al\/index.php\/2020\/02\/07\/papa-kritikon-te-pasurit-jepni-ca-me-shume-per-ata-qe-kane-nevoje\/","title":{"rendered":"Papa kritikon t\u00eb pasurit: Jepni ca m\u00eb shum\u00eb p\u00ebr ata q\u00eb kan\u00eb nevoj\u00eb","gt_translate_keys":[{"key":"rendered","format":"text"}]},"content":{"rendered":"<p><img loading=\"lazy\" decoding=\"async\" class=\"aligncenter size-full wp-image-352008\" src=\"https:\/\/hashtag.al\/wp-content\/uploads\/2020\/02\/papatepasurit-e1581088833751.jpg\" alt=\"\" width=\"980\" height=\"551\" srcset=\"https:\/\/www.hashtag.al\/wp-content\/uploads\/2020\/02\/papatepasurit-e1581088833751.jpg 980w, https:\/\/www.hashtag.al\/wp-content\/uploads\/2020\/02\/papatepasurit-e1581088833751-300x169.jpg 300w, https:\/\/www.hashtag.al\/wp-content\/uploads\/2020\/02\/papatepasurit-e1581088833751-768x432.jpg 768w\" sizes=\"auto, (max-width: 980px) 100vw, 980px\" \/><\/p>\n<p><span style=\"color: #000000;\">Papa Fran\u00e7esku kritikoi praktik\u00ebn e uljes s\u00eb taksave p\u00ebr t\u00eb pasurit si pjes\u00eb e nj\u00eb \u2018strukture m\u00ebkati\u2019 dhe vajtoi faktin se miliarda dollar\u00eb p\u00ebrfundojn\u00eb n\u00eb parajsat fiskale n\u00eb vend t\u00eb financimit p\u00ebr kujdesin sh\u00ebndet\u00ebsor dhe arsimin.<\/span><\/p>\n<p><span style=\"color: #000000;\">Duke folur n\u00eb seminarin e ngritur nga Akademia Papnore p\u00ebr Shkencat Sociale, Papa kritikoi njer\u00ebzit m\u00eb t\u00eb pasur p\u00ebr pranimin e uljeve t\u00eb p\u00ebrs\u00ebritura t\u00eb taksave n\u00eb em\u00ebr t\u00eb investimit dhe zhvillimit. <\/span><\/p>\n<p><span style=\"color: #000000;\">K\u00ebto &#8220;llogari t\u00eb strehimit t\u00eb taksave pengojn\u00eb&#8221;mund\u00ebsin\u00eb e zhvillimit dinjitoz dhe t\u00eb q\u00ebndruesh\u00ebm t\u00eb shoq\u00ebris\u00eb, pohoi ai.<\/span><\/p>\n<p><span style=\"color: #000000;\">Ai shtoi se varf\u00ebria po rritej n\u00eb t\u00eb gjith\u00eb bot\u00ebn dhe se ajo mund t\u00eb frenohej n\u00ebse m\u00eb t\u00eb pasurit do jepnin m\u00eb shum\u00eb.<\/span><\/p>\n<p><span style=\"color: #000000;\"><em>\u201850 njer\u00ebzit m\u00eb t\u00eb pasur n\u00eb bot\u00eb kan\u00eb nj\u00eb kapital ekuivalent prej 2.2 miliard\u00eb dollar\u00ebsh. Ata pes\u00ebdhjet\u00eb njer\u00ebz mund t\u00eb financojn\u00eb kujdesin mjek\u00ebsor dhe arsimimin e \u00e7do f\u00ebmije t\u00eb varf\u00ebr n\u00eb bot\u00eb, qoft\u00eb p\u00ebrmes taksave, nismave filantropike apo t\u00eb dyjave. Ata pes\u00ebdhjet\u00eb njer\u00ebz mund t\u00eb shp\u00ebtonin miliona jet\u00eb \u00e7do vit,\u2019<\/em> tha Papa.<\/span><\/p>\n","protected":false,"gt_translate_keys":[{"key":"rendered","format":"html"}]},"excerpt":{"rendered":"<p>Papa Fran\u00e7esku kritikoi praktik\u00ebn e uljes s\u00eb taksave p\u00ebr t\u00eb pasurit si pjes\u00eb e nj\u00eb \u2018strukture m\u00ebkati\u2019 dhe vajtoi faktin se miliarda dollar\u00eb p\u00ebrfundojn\u00eb n\u00eb parajsat fiskale n\u00eb vend t\u00eb financimit p\u00ebr kujdesin sh\u00ebndet\u00ebsor dhe arsimin. Duke folur n\u00eb seminarin e ngritur nga Akademia Papnore p\u00ebr Shkencat Sociale, Papa kritikoi njer\u00ebzit m\u00eb t\u00eb pasur p\u00ebr [&hellip;]<\/p>\n","protected":false,"gt_translate_keys":[{"key":"rendered","format":"html"}]},"author":51,"featured_media":352008,"comment_status":"open","ping_status":"open","sticky":false,"template":"","format":"standard","meta":{"footnotes":""},"categories":[53],"tags":[],"class_list":["post-352007","post","type-post","status-publish","format-standard","has-post-thumbnail","hentry","category-fast-foodi"],"gt_translate_keys":[{"key":"link","format":"url"}],"_links":{"self":[{"href":"https:\/\/www.hashtag.al\/index.php\/wp-json\/wp\/v2\/posts\/352007","targetHints":{"allow":["GET"]}}],"collection":[{"href":"https:\/\/www.hashtag.al\/index.php\/wp-json\/wp\/v2\/posts"}],"about":[{"href":"https:\/\/www.hashtag.al\/index.php\/wp-json\/wp\/v2\/types\/post"}],"author":[{"embeddable":true,"href":"https:\/\/www.hashtag.al\/index.php\/wp-json\/wp\/v2\/users\/51"}],"replies":[{"embeddable":true,"href":"https:\/\/www.hashtag.al\/index.php\/wp-json\/wp\/v2\/comments?post=352007"}],"version-history":[{"count":0,"href":"https:\/\/www.hashtag.al\/index.php\/wp-json\/wp\/v2\/posts\/352007\/revisions"}],"wp:featuredmedia":[{"embeddable":true,"href":"https:\/\/www.hashtag.al\/index.php\/wp-json\/wp\/v2\/media\/352008"}],"wp:attachment":[{"href":"https:\/\/www.hashtag.al\/index.php\/wp-json\/wp\/v2\/media?parent=352007"}],"wp:term":[{"taxonomy":"category","embeddable":true,"href":"https:\/\/www.hashtag.al\/index.php\/wp-json\/wp\/v2\/categories?post=352007"},{"taxonomy":"post_tag","embeddable":true,"href":"https:\/\/www.hashtag.al\/index.php\/wp-json\/wp\/v2\/tags?post=352007"}],"curies":[{"name":"wp","href":"https:\/\/api.w.org\/{rel}","templated":true}]}}