{"id":351954,"date":"2020-02-07T12:45:50","date_gmt":"2020-02-07T11:45:50","guid":{"rendered":"https:\/\/hashtag.al\/?p=351954"},"modified":"2020-02-08T14:20:02","modified_gmt":"2020-02-08T13:20:02","slug":"mashtrimi-i-alketa-vejsiut-ne-sanremo","status":"publish","type":"post","link":"https:\/\/www.hashtag.al\/index.php\/2020\/02\/07\/mashtrimi-i-alketa-vejsiut-ne-sanremo\/","title":{"rendered":"Mashtrimi i Alketa Vejsiut n\u00eb Sanremo","gt_translate_keys":[{"key":"rendered","format":"text"}]},"content":{"rendered":"<p><img loading=\"lazy\" decoding=\"async\" class=\"aligncenter size-full wp-image-351955\" src=\"https:\/\/hashtag.al\/wp-content\/uploads\/2020\/02\/alkea-festivalet-e-rtsh-prezantueset.jpg\" alt=\"\" width=\"2739\" height=\"2000\" srcset=\"https:\/\/www.hashtag.al\/wp-content\/uploads\/2020\/02\/alkea-festivalet-e-rtsh-prezantueset.jpg 2739w, https:\/\/www.hashtag.al\/wp-content\/uploads\/2020\/02\/alkea-festivalet-e-rtsh-prezantueset-300x219.jpg 300w, https:\/\/www.hashtag.al\/wp-content\/uploads\/2020\/02\/alkea-festivalet-e-rtsh-prezantueset-768x561.jpg 768w, https:\/\/www.hashtag.al\/wp-content\/uploads\/2020\/02\/alkea-festivalet-e-rtsh-prezantueset-1024x748.jpg 1024w\" sizes=\"auto, (max-width: 2739px) 100vw, 2739px\" \/><\/p>\n<p><span style=\"color: #000000;\">Alketa Vejsiu mbr\u00ebmjen e djeshme n\u00eb sken\u00ebn e Sanremos n\u00eb Itali, ku prezantoi p\u00ebrkrah Amadeos duke fal\u00ebnderuar Italin\u00eb, b\u00ebri nj\u00eb deklarat\u00eb t\u00eb pav\u00ebrtet\u00eb lidhur me prezantueset e festivalit t\u00eb RTSH-s\u00eb n\u00eb Shqip\u00ebri.<\/span><\/p>\n<p><span style=\"color: #000000;\">Sipas Vejsiut festivali i RTSH-s\u00eb \u00ebsht\u00eb prezantuar vet\u00ebm nga burra dhe ajo ishte femra e vetme q\u00eb e prezantoi at\u00eb vitin q\u00eb kaloi.<\/span><\/p>\n<p><span style=\"color: #000000;\">\u201c<em>Ne jemi 12 vite pas jush, n\u00eb mos gaboj, pasi krijuat Sanremon, rreth 12 vite m\u00eb pas u organizua Festivali i K\u00ebng\u00ebs. N\u00eb dhjetor p\u00ebrfundoi nj\u00ebri prej edicioneve q\u00eb rezultoi nj\u00eb sukses. P\u00ebr vite me radh\u00eb burra, burra, burra e burra pafund. Por m\u00eb pas, n\u00eb m\u00ebnyr\u00eb t\u00eb pabesueshme ja besuan nj\u00eb gruaje. Kjo grua jam un\u00eb<\/em>\u201d\u2013 deklaroi Alketa.<\/span><\/p>\n<p><span style=\"color: #000000;\"><strong>Po sa e v\u00ebrtet\u00eb \u00ebsht\u00eb deklarata e Alket\u00ebs n\u00eb gjuh\u00ebn italiane n\u00eb sken\u00ebn e Sanremos?<\/strong><\/span><\/p>\n<p><span style=\"color: #000000;\">Nuk dihet se cilat qen\u00eb arsyet e k\u00ebsaj deklarate t\u00eb Vejsiut, ndoshta nuk e ka par\u00eb m\u00eb her\u00ebt festivalin e RTSH-s\u00eb, i cili p\u00ebr 57 vite e ka pasur nj\u00eb prezantuese fem\u00ebr. Vejsiu jo vet\u00ebm b\u00ebri nj\u00eb deklarat\u00eb t\u00eb pav\u00ebrtet\u00eb n\u00eb gjuh\u00ebn italiane, por kur flet n\u00eb Sanremo si nj\u00eb prezantuese nga Shqip\u00ebria dhe n\u00eb em\u00ebr t\u00eb shqiptar\u00ebve, ke p\u00ebrgjegj\u00ebsi publike jo vet\u00ebm t\u00eb thuash t\u00eb v\u00ebrtet\u00ebn por edhe t\u00eb kujdesesh q\u00eb <\/span><span style=\"color: #000000;\">arritjet e shqiptar\u00ebve t\u00eb tu n\u00eb art t\u00eb mos i zerosh.<\/span><\/p>\n<p><span style=\"color: #000000;\">Duke filluar q\u00eb nga festivali i par\u00eb i cili u prezantua nga Margarita Xhepa dhe m\u00eb pas me radh\u00eb deri n\u00eb festivalin e 57-t\u00eb nj\u00eb vit para se t\u00eb prezantonte vet\u00eb Vejsiu, ka pasur nj\u00eb drejtuese fem\u00ebr. Madje edhe emra t\u00eb m\u00ebdhenj t\u00eb artit apo edhe k\u00ebng\u00ebtare t\u00eb njohura.<\/span><\/p>\n<p><span style=\"color: #000000;\">N\u00eb regjistrin e tij, festivalin e RTSH-s\u00eb e kan\u00eb prezantuar emra si Vera Zheji, Drita Bardhi Haxhiraj, Elisabeta Vasili, Adriana Fishta, Edi Luarasi, Flutura \u00c7angu, Arta Dade, Rezarta Malaj, Rezana \u00c7eliku, Zerina Barbullushi, Mimoza Tafaj, Silvana Bra\u00e7e, Anisa Markariam, Dhurata Kasmi, Matilda Mako\u00e7i, Elvira Diamanti, Yllka Mujo, Ema Ndoja, Ina Gjika, Luiza Xhuvani, Kristi Rrapo, Ema Andrea, Rudina Magjistari, Fjoralba Shehu, Juela Me\u00e7ani, Doris Petrela, Valbona \u00c7obo, , Vilma Papajani, Hygerta Sako, Monika Zguro, Inis Gjoni, Klodiana Maliqi, Ornela Bregu, Ledina \u00c7elo, Hueyda El Saied, \u00a0Soni Malaj, Elsa Lila, Miriam Cani, Jonida Maliqi, Mirela Naska, Enkeleida Zeko, Floriana Garo, Klea Huta, Xhesika Berberi, Marinela Meta, Liberta Spahiu, Blerta Tafani, Jonida Shehu dhe Ana Golja.\/<strong>Hashtag.al<\/strong><\/span><\/p>\n<p>&nbsp;<\/p>\n","protected":false,"gt_translate_keys":[{"key":"rendered","format":"html"}]},"excerpt":{"rendered":"<p>Alketa Vejsiu mbr\u00ebmjen e djeshme n\u00eb sken\u00ebn e Sanremos n\u00eb Itali, ku prezantoi p\u00ebrkrah Amadeos duke fal\u00ebnderuar Italin\u00eb, b\u00ebri nj\u00eb deklarat\u00eb t\u00eb pav\u00ebrtet\u00eb lidhur me prezantueset e festivalit t\u00eb RTSH-s\u00eb n\u00eb Shqip\u00ebri. Sipas Vejsiut festivali i RTSH-s\u00eb \u00ebsht\u00eb prezantuar vet\u00ebm nga burra dhe ajo ishte femra e vetme q\u00eb e prezantoi at\u00eb vitin q\u00eb kaloi. [&hellip;]<\/p>\n","protected":false,"gt_translate_keys":[{"key":"rendered","format":"html"}]},"author":32,"featured_media":351955,"comment_status":"open","ping_status":"open","sticky":false,"template":"","format":"standard","meta":{"footnotes":""},"categories":[22,65,13],"tags":[],"class_list":["post-351954","post","type-post","status-publish","format-standard","has-post-thumbnail","hentry","category-ballina","category-lajme","category-te-fundit"],"gt_translate_keys":[{"key":"link","format":"url"}],"_links":{"self":[{"href":"https:\/\/www.hashtag.al\/index.php\/wp-json\/wp\/v2\/posts\/351954","targetHints":{"allow":["GET"]}}],"collection":[{"href":"https:\/\/www.hashtag.al\/index.php\/wp-json\/wp\/v2\/posts"}],"about":[{"href":"https:\/\/www.hashtag.al\/index.php\/wp-json\/wp\/v2\/types\/post"}],"author":[{"embeddable":true,"href":"https:\/\/www.hashtag.al\/index.php\/wp-json\/wp\/v2\/users\/32"}],"replies":[{"embeddable":true,"href":"https:\/\/www.hashtag.al\/index.php\/wp-json\/wp\/v2\/comments?post=351954"}],"version-history":[{"count":0,"href":"https:\/\/www.hashtag.al\/index.php\/wp-json\/wp\/v2\/posts\/351954\/revisions"}],"wp:featuredmedia":[{"embeddable":true,"href":"https:\/\/www.hashtag.al\/index.php\/wp-json\/wp\/v2\/media\/351955"}],"wp:attachment":[{"href":"https:\/\/www.hashtag.al\/index.php\/wp-json\/wp\/v2\/media?parent=351954"}],"wp:term":[{"taxonomy":"category","embeddable":true,"href":"https:\/\/www.hashtag.al\/index.php\/wp-json\/wp\/v2\/categories?post=351954"},{"taxonomy":"post_tag","embeddable":true,"href":"https:\/\/www.hashtag.al\/index.php\/wp-json\/wp\/v2\/tags?post=351954"}],"curies":[{"name":"wp","href":"https:\/\/api.w.org\/{rel}","templated":true}]}}