{"id":351872,"date":"2020-02-07T09:00:42","date_gmt":"2020-02-07T08:00:42","guid":{"rendered":"https:\/\/hashtag.al\/?p=351872"},"modified":"2020-02-06T22:00:02","modified_gmt":"2020-02-06T21:00:02","slug":"hungaria-kyc-kufirin-me-serbine","status":"publish","type":"post","link":"https:\/\/www.hashtag.al\/index.php\/2020\/02\/07\/hungaria-kyc-kufirin-me-serbine\/","title":{"rendered":"Hungaria ky\u00e7 kufirin me Serbin\u00eb","gt_translate_keys":[{"key":"rendered","format":"text"}]},"content":{"rendered":"<p><img loading=\"lazy\" decoding=\"async\" class=\"aligncenter size-full wp-image-351873\" src=\"https:\/\/hashtag.al\/wp-content\/uploads\/2020\/02\/hungarikufiserbi.jpg\" alt=\"\" width=\"863\" height=\"486\" srcset=\"https:\/\/www.hashtag.al\/wp-content\/uploads\/2020\/02\/hungarikufiserbi.jpg 863w, https:\/\/www.hashtag.al\/wp-content\/uploads\/2020\/02\/hungarikufiserbi-300x169.jpg 300w, https:\/\/www.hashtag.al\/wp-content\/uploads\/2020\/02\/hungarikufiserbi-768x433.jpg 768w\" sizes=\"auto, (max-width: 863px) 100vw, 863px\" \/><\/p>\n<p><span style=\"color: #000000;\">Hungaria mbylli kufirin e saj me Serbin\u00eb t\u00eb enjten, pas ardhjes s\u00eb qindra emigrant\u00ebve t\u00eb parregullt.<\/span><\/p>\n<p><span style=\"color: #000000;\">Agjencia Hungareze e Lajmeve raportoi se rreth 500 migrant\u00eb t\u00eb parregullt, p\u00ebrfshir\u00eb gra dhe f\u00ebmij\u00eb, kishin mb\u00ebrritur n\u00eb pik\u00ebn kufitare Kelebia-Tompa.<\/span><\/p>\n<p><span style=\"color: #000000;\">Emigrant\u00ebt q\u00eb duan t\u00eb hyjn\u00eb n\u00eb Evrop\u00ebn Per\u00ebndimore presin q\u00eb autoritetet hungareze t\u00eb hapin port\u00ebn kufitare, than\u00eb autoritetet.<\/span><\/p>\n<p><span style=\"color: #000000;\">Policia n\u00eb rrethin Bacs-Kiskun tha se porta ishte e mbyllur p\u00ebr shkak t\u00eb numrit t\u00eb madh t\u00eb migrant\u00ebve t\u00eb parregullt aty. <\/span><\/p>\n<p><span style=\"color: #000000;\">Hungaria ishte vendi i par\u00eb i BE-s\u00eb q\u00eb nd\u00ebrtoi nj\u00eb gardh kufitar n\u00eb vitin 2015 p\u00ebr t\u00eb kontrolluar fluksin e refugjat\u00ebve p\u00ebrpara se t\u00eb vuloste kufijt\u00eb e saj me Serbin\u00eb.<\/span><\/p>\n<p><span style=\"color: #000000;\">Maqedonia e Veriut dhe Sllovenia gjithashtu nd\u00ebrtuan gardhe p\u00ebr t\u00eb kontrolluar l\u00ebvizjet e refugjat\u00ebve n\u00eb vitin 2015.<\/span><\/p>\n","protected":false,"gt_translate_keys":[{"key":"rendered","format":"html"}]},"excerpt":{"rendered":"<p>Hungaria mbylli kufirin e saj me Serbin\u00eb t\u00eb enjten, pas ardhjes s\u00eb qindra emigrant\u00ebve t\u00eb parregullt. Agjencia Hungareze e Lajmeve raportoi se rreth 500 migrant\u00eb t\u00eb parregullt, p\u00ebrfshir\u00eb gra dhe f\u00ebmij\u00eb, kishin mb\u00ebrritur n\u00eb pik\u00ebn kufitare Kelebia-Tompa. Emigrant\u00ebt q\u00eb duan t\u00eb hyjn\u00eb n\u00eb Evrop\u00ebn Per\u00ebndimore presin q\u00eb autoritetet hungareze t\u00eb hapin port\u00ebn kufitare, than\u00eb autoritetet. [&hellip;]<\/p>\n","protected":false,"gt_translate_keys":[{"key":"rendered","format":"html"}]},"author":51,"featured_media":351873,"comment_status":"open","ping_status":"open","sticky":false,"template":"","format":"standard","meta":{"footnotes":""},"categories":[6],"tags":[],"class_list":["post-351872","post","type-post","status-publish","format-standard","has-post-thumbnail","hentry","category-nderkombetare"],"gt_translate_keys":[{"key":"link","format":"url"}],"_links":{"self":[{"href":"https:\/\/www.hashtag.al\/index.php\/wp-json\/wp\/v2\/posts\/351872","targetHints":{"allow":["GET"]}}],"collection":[{"href":"https:\/\/www.hashtag.al\/index.php\/wp-json\/wp\/v2\/posts"}],"about":[{"href":"https:\/\/www.hashtag.al\/index.php\/wp-json\/wp\/v2\/types\/post"}],"author":[{"embeddable":true,"href":"https:\/\/www.hashtag.al\/index.php\/wp-json\/wp\/v2\/users\/51"}],"replies":[{"embeddable":true,"href":"https:\/\/www.hashtag.al\/index.php\/wp-json\/wp\/v2\/comments?post=351872"}],"version-history":[{"count":0,"href":"https:\/\/www.hashtag.al\/index.php\/wp-json\/wp\/v2\/posts\/351872\/revisions"}],"wp:featuredmedia":[{"embeddable":true,"href":"https:\/\/www.hashtag.al\/index.php\/wp-json\/wp\/v2\/media\/351873"}],"wp:attachment":[{"href":"https:\/\/www.hashtag.al\/index.php\/wp-json\/wp\/v2\/media?parent=351872"}],"wp:term":[{"taxonomy":"category","embeddable":true,"href":"https:\/\/www.hashtag.al\/index.php\/wp-json\/wp\/v2\/categories?post=351872"},{"taxonomy":"post_tag","embeddable":true,"href":"https:\/\/www.hashtag.al\/index.php\/wp-json\/wp\/v2\/tags?post=351872"}],"curies":[{"name":"wp","href":"https:\/\/api.w.org\/{rel}","templated":true}]}}