{"id":351757,"date":"2020-02-06T13:17:34","date_gmt":"2020-02-06T12:17:34","guid":{"rendered":"https:\/\/hashtag.al\/?p=351757"},"modified":"2020-02-06T13:15:07","modified_gmt":"2020-02-06T12:15:07","slug":"ardi-veliu-para-vettingut-jeton-ne-shtepi-me-qira","status":"publish","type":"post","link":"https:\/\/www.hashtag.al\/index.php\/2020\/02\/06\/ardi-veliu-para-vettingut-jeton-ne-shtepi-me-qira\/","title":{"rendered":"Ardi Veliu para vettingut, jeton n\u00eb sht\u00ebpi me qira","gt_translate_keys":[{"key":"rendered","format":"text"}]},"content":{"rendered":"<p><img loading=\"lazy\" decoding=\"async\" class=\"aligncenter size-full wp-image-351758\" src=\"https:\/\/hashtag.al\/wp-content\/uploads\/2020\/02\/ardiveliuvetting.jpg\" alt=\"\" width=\"702\" height=\"450\" srcset=\"https:\/\/www.hashtag.al\/wp-content\/uploads\/2020\/02\/ardiveliuvetting.jpg 702w, https:\/\/www.hashtag.al\/wp-content\/uploads\/2020\/02\/ardiveliuvetting-300x192.jpg 300w\" sizes=\"auto, (max-width: 702px) 100vw, 702px\" \/><\/p>\n<p><span style=\"color: #000000;\">Kreu i Policis\u00eb s\u00eb Shtetit, Veliu, ka dal\u00eb sot para komisionit t\u00eb vettingut. Sipas t\u00eb dh\u00ebnave t\u00eb publikuara, rezulton se Veliu jeton n\u00eb sht\u00ebpi me qira deri n\u00eb p\u00ebrfundimin e nj\u00eb apartamenti me vler\u00eb 79 mij\u00eb euro q\u00eb \u00ebsht\u00eb n\u00eb nd\u00ebrtim e sip\u00ebr. <\/span><\/p>\n<p><span style=\"color: #000000;\">Ai ka marr\u00eb 5 milion\u00eb lek\u00eb kredi p\u00ebr apartamentin, nd\u00ebrsa sipas t\u00eb dh\u00ebnave t\u00eb publikuara ai nuk ka pasuri t\u00eb tjera t\u00eb paluajtshme.<\/span><\/p>\n<p><span style=\"color: #000000;\"> Kreu i policis\u00eb nuk ka as makin\u00eb private, nd\u00ebrsa ka t\u00eb ardhura 750 mij\u00eb lek\u00eb n\u00eb llogari bankare e 5 mij\u00eb euro t\u00eb p\u00ebrftuara nga shitja e nj\u00eb makine. <\/span><\/p>\n<p><span style=\"color: #000000;\">E shoqja ka 800 mij\u00eb lek\u00eb t\u00eb ardhura nga paga si dhe 2.4 milion\u00eb lek\u00eb t\u00eb dhuruara nga prind\u00ebrit nga shitja e nj\u00eb apartamenti n\u00eb Vlor\u00eb.<\/span><\/p>\n<p><span style=\"color: #000000;\">N\u00eb vitet 2002, 2003 dhe 2007, sipas DSIK-s\u00eb, ka raportime se Veliu ka qen\u00eb i implikuar n\u00eb l\u00ebvizjen e klandestin\u00ebve, favorizimin e falsifikimit t\u00eb vizave, por q\u00eb k\u00ebto nuk kan\u00eb pasur vijueshm\u00ebri dhe nuk \u00ebsht\u00eb hapur proces penal, si dhe nuk \u00ebsht\u00eb marr\u00eb n\u00ebn hetim apo i pandehur.<\/span><\/p>\n<p><span style=\"color: #000000;\">Vendimi p\u00ebr Veliun do shpallet n\u00eb 7 shkurt.<\/span><\/p>\n","protected":false,"gt_translate_keys":[{"key":"rendered","format":"html"}]},"excerpt":{"rendered":"<p>Kreu i Policis\u00eb s\u00eb Shtetit, Veliu, ka dal\u00eb sot para komisionit t\u00eb vettingut. Sipas t\u00eb dh\u00ebnave t\u00eb publikuara, rezulton se Veliu jeton n\u00eb sht\u00ebpi me qira deri n\u00eb p\u00ebrfundimin e nj\u00eb apartamenti me vler\u00eb 79 mij\u00eb euro q\u00eb \u00ebsht\u00eb n\u00eb nd\u00ebrtim e sip\u00ebr. Ai ka marr\u00eb 5 milion\u00eb lek\u00eb kredi p\u00ebr apartamentin, nd\u00ebrsa sipas t\u00eb [&hellip;]<\/p>\n","protected":false,"gt_translate_keys":[{"key":"rendered","format":"html"}]},"author":51,"featured_media":351758,"comment_status":"open","ping_status":"open","sticky":false,"template":"","format":"standard","meta":{"footnotes":""},"categories":[65,13],"tags":[],"class_list":["post-351757","post","type-post","status-publish","format-standard","has-post-thumbnail","hentry","category-lajme","category-te-fundit"],"gt_translate_keys":[{"key":"link","format":"url"}],"_links":{"self":[{"href":"https:\/\/www.hashtag.al\/index.php\/wp-json\/wp\/v2\/posts\/351757","targetHints":{"allow":["GET"]}}],"collection":[{"href":"https:\/\/www.hashtag.al\/index.php\/wp-json\/wp\/v2\/posts"}],"about":[{"href":"https:\/\/www.hashtag.al\/index.php\/wp-json\/wp\/v2\/types\/post"}],"author":[{"embeddable":true,"href":"https:\/\/www.hashtag.al\/index.php\/wp-json\/wp\/v2\/users\/51"}],"replies":[{"embeddable":true,"href":"https:\/\/www.hashtag.al\/index.php\/wp-json\/wp\/v2\/comments?post=351757"}],"version-history":[{"count":0,"href":"https:\/\/www.hashtag.al\/index.php\/wp-json\/wp\/v2\/posts\/351757\/revisions"}],"wp:featuredmedia":[{"embeddable":true,"href":"https:\/\/www.hashtag.al\/index.php\/wp-json\/wp\/v2\/media\/351758"}],"wp:attachment":[{"href":"https:\/\/www.hashtag.al\/index.php\/wp-json\/wp\/v2\/media?parent=351757"}],"wp:term":[{"taxonomy":"category","embeddable":true,"href":"https:\/\/www.hashtag.al\/index.php\/wp-json\/wp\/v2\/categories?post=351757"},{"taxonomy":"post_tag","embeddable":true,"href":"https:\/\/www.hashtag.al\/index.php\/wp-json\/wp\/v2\/tags?post=351757"}],"curies":[{"name":"wp","href":"https:\/\/api.w.org\/{rel}","templated":true}]}}