{"id":351705,"date":"2020-02-06T10:47:24","date_gmt":"2020-02-06T09:47:24","guid":{"rendered":"https:\/\/hashtag.al\/?p=351705"},"modified":"2020-02-06T10:50:07","modified_gmt":"2020-02-06T09:50:07","slug":"plagosja-e-35-vjecares-ne-shkoder-policia-tregon-si-ndodhi-perplasja-me-arme","status":"publish","type":"post","link":"https:\/\/www.hashtag.al\/index.php\/2020\/02\/06\/plagosja-e-35-vjecares-ne-shkoder-policia-tregon-si-ndodhi-perplasja-me-arme\/","title":{"rendered":"Plagosja e 35-vje\u00e7ares n\u00eb Shkod\u00ebr, policia tregon si ndodhi p\u00ebrplasja me arm\u00eb","gt_translate_keys":[{"key":"rendered","format":"text"}]},"content":{"rendered":"<p><a href=\"https:\/\/hashtag.al\/wp-content\/uploads\/2020\/02\/Shkoder.jpg\"><img loading=\"lazy\" decoding=\"async\" class=\"aligncenter size-full wp-image-351706\" src=\"https:\/\/hashtag.al\/wp-content\/uploads\/2020\/02\/Shkoder.jpg\" alt=\"\" width=\"660\" height=\"330\" srcset=\"https:\/\/www.hashtag.al\/wp-content\/uploads\/2020\/02\/Shkoder.jpg 660w, https:\/\/www.hashtag.al\/wp-content\/uploads\/2020\/02\/Shkoder-300x150.jpg 300w\" sizes=\"auto, (max-width: 660px) 100vw, 660px\" \/><\/a><\/p>\n<p><span style=\"color: #000000;\">Policia ka zbardhur disa detaje nga ngjarja q\u00eb ndodhi mbr\u00ebmjen e kaluar n\u00eb Shkod\u00ebr, ku nj\u00eb grua 35-vje\u00e7are mbeti e plagosur me arm\u00eb zjarri.<\/span><\/p>\n<p><span style=\"color: #000000;\">Sipas policis\u00eb, ka patur nj\u00eb shk\u00ebmbim zjarri mes dy grupeve n\u00eb lagjen \u201cVasil Shanto\u201d, ku plumbat kan\u00eb kapur aksidentalisht gruan e cila po kalonte rrug\u00ebn.<\/span><\/p>\n<p><span style=\"color: #000000;\">Pas p\u00ebrplasjes me arm\u00eb, jan\u00eb v\u00ebn\u00eb n\u00eb pranga tre t\u00eb rinj, nj\u00ebri prej t\u00eb cil\u00ebve banon n\u00eb Shkup, nd\u00ebrsa dy t\u00eb tjer\u00ebt jan\u00eb nga Durr\u00ebsi e Shkodra.<\/span><\/p>\n<p><span style=\"color: #000000;\">Sipas k\u00ebtyre informacioneve, fillimisht kan\u00eb qen\u00eb tre persona q\u00eb kan\u00eb q\u00eblluar me arm\u00eb rreth or\u00ebs 22:40, drejt nj\u00eb 21-vje\u00e7ari me inicialet M. M. Ky i fundit \u00ebsht\u00eb kund\u00ebrp\u00ebrgjigjur, mir\u00ebpo si pasoj\u00eb e t\u00eb sht\u00ebnave ka mbetur e plagosur kalimtarja.<\/span><\/p>\n<p><strong><span style=\"color: #000000;\">DETAJET E POLICIS\u00cb<\/span><\/strong><\/p>\n<p><span style=\"color: #000000;\">Zbardhet dhe dokumentohet brenda pak or\u00ebsh ngjarja e ndodhur mbr\u00ebmjen e dat\u00ebs 05.02.2020, ku u plagos me arm\u00eb zjarri shtetasja L. J.<\/span><\/p>\n<p><span style=\"color: #000000;\">Finalizohet operacioni \u201cReagimi\u201d.<\/span><\/p>\n<p><span style=\"color: #000000;\">Operacioni nga DVP Shkod\u00ebr, n\u00eb bashk\u00ebpunim me DVP Tiran\u00eb dhe DVP Durr\u00ebs.<\/span><\/p>\n<p><span style=\"color: #000000;\">Kontrolle t\u00eb shumta, n\u00eb disa qytete, p\u00ebr kapjen e autor\u00ebve.<\/span><\/p>\n<p><span style=\"color: #000000;\">Arrestohen ne flagranc\u00eb 3 shtetas dhe shpallet n\u00eb k\u00ebrkim 1 tjet\u00ebr.<\/span><\/p>\n<p><span style=\"color: #000000;\">Menj\u00ebher\u00eb pas ngjarjes s\u00eb ndodhur n\u00eb or\u00ebt e mbr\u00ebmjes s\u00eb dat\u00ebs 5 shkurt, n\u00eb pedonalen e qytetit, ku si pasoj\u00eb e shk\u00ebmbimit t\u00eb zjarrit mes dy personave mbeti e plagosur nj\u00eb kalimtare, Drejtoria Vendore e Policis\u00eb Shkod\u00ebr, n\u00ebn drejtimin e Prokuroris\u00eb ngriti nj\u00eb grup t\u00eb posa\u00e7\u00ebm hetimi, me q\u00ebllim zbardhjen e ngjarjes, identifikimin dhe kapjen e autor\u00ebve.<\/span><\/p>\n<p><span style=\"color: #000000;\">Fal\u00eb veprimeve t\u00eb shpejta dhe profesionale t\u00eb kryera nga grupi hetimor, si dhe n\u00eb baz\u00eb t\u00eb informacioneve t\u00eb marra n\u00eb rrug\u00eb operative u b\u00eb i mundur identifikimi i autor\u00ebve t\u00eb dyshuar t\u00eb k\u00ebsaj ngjarjeje.<\/span><\/p>\n<p><span style=\"color: #000000;\">Mbi baz\u00ebn e k\u00ebtyre informacioneve dhe provave t\u00eb grumbulluara, nga strukturat e DVP Shkod\u00ebr, n\u00eb bashk\u00ebpunim DVP Tiran\u00eb dhe DVP Durr\u00ebs, u finalizua operacioni policor \u201cReagimi, n\u00eb kuad\u00ebr t\u00eb t\u00eb cilit u b\u00eb e mundur kapja dhe arrestimi i n\u00eb flagranc\u00eb i shtetasve:<\/span><\/p>\n<ol>\n<li><span style=\"color: #000000;\">R., 31 vje\u00e7, banues n\u00eb Durr\u00ebs, E. B., 28 vje\u00e7, banues n\u00eb Durr\u00ebs dhe R. Xh., 22 vje\u00e7, banues n\u00eb Shkup, Maqedoni.<\/span><\/li>\n<\/ol>\n<p><span style=\"color: #000000;\">Gjithashtu \u00ebsht\u00eb shpallur n\u00eb k\u00ebrkim M. M., 26 vje\u00e7, banues n\u00eb fshatin Berdic\u00eb, Shkod\u00ebr.<\/span><\/p>\n<p><span style=\"color: #000000;\">Nga hetimet e kryera n\u00eb koh\u00eb rekord nga grupi hetimor i DVP Shkod\u00ebr rezultoi se shtetasit A. R., E. B. dhe R. Xh. kan\u00eb q\u00eblluar me arm\u00eb zjarri mbr\u00ebmjen e dat\u00ebs 05.02.2020, rreth or\u00ebs 22:40, n\u00eb lagjen \u201cVasil Shanto\u201d, n\u00eb drejtim t\u00eb shtetasit M. M., i cili iu \u00ebsht\u00eb kund\u00ebrp\u00ebrgjigjur me arm\u00eb zjarri dhe si pasoj\u00eb ka mbetur e plagosur shtetasja L. J. (kalimtare).<\/span><\/p>\n<p><span style=\"color: #000000;\">Po nga hetimet dyshohet se k\u00ebta shtetas kishin konflikte t\u00eb hershme me nj\u00ebri -tjetrin.<\/span><\/p>\n<p><span style=\"color: #000000;\">N\u00eb vendngjarje \u00ebsht\u00eb gjetur dhe sekuestruar nj\u00eb automjet q\u00eb i p\u00ebrket shtetasit M. M.<\/span><\/p>\n<p><span style=\"color: #000000;\">Materialet iu referuan Prokuroris\u00eb s\u00eb Rrethit Gjyq\u00ebsor Shkod\u00ebr, p\u00ebr veprat penale \u201cVrasja ne\u0308 rrethana t\u00eb tjera cil\u00ebsuese\u201d, \u201cPlagosja e leht\u00eb me dashje\u201d dhe \u201cArm\u00ebmbajtja pa leje\u201d.<\/span><\/p>\n","protected":false,"gt_translate_keys":[{"key":"rendered","format":"html"}]},"excerpt":{"rendered":"<p>Policia ka zbardhur disa detaje nga ngjarja q\u00eb ndodhi mbr\u00ebmjen e kaluar n\u00eb Shkod\u00ebr, ku nj\u00eb grua 35-vje\u00e7are mbeti e plagosur me arm\u00eb zjarri. Sipas policis\u00eb, ka patur nj\u00eb shk\u00ebmbim zjarri mes dy grupeve n\u00eb lagjen \u201cVasil Shanto\u201d, ku plumbat kan\u00eb kapur aksidentalisht gruan e cila po kalonte rrug\u00ebn. Pas p\u00ebrplasjes me arm\u00eb, jan\u00eb v\u00ebn\u00eb [&hellip;]<\/p>\n","protected":false,"gt_translate_keys":[{"key":"rendered","format":"html"}]},"author":30,"featured_media":351706,"comment_status":"open","ping_status":"open","sticky":false,"template":"","format":"standard","meta":{"footnotes":""},"categories":[65,13],"tags":[],"class_list":["post-351705","post","type-post","status-publish","format-standard","has-post-thumbnail","hentry","category-lajme","category-te-fundit"],"gt_translate_keys":[{"key":"link","format":"url"}],"_links":{"self":[{"href":"https:\/\/www.hashtag.al\/index.php\/wp-json\/wp\/v2\/posts\/351705","targetHints":{"allow":["GET"]}}],"collection":[{"href":"https:\/\/www.hashtag.al\/index.php\/wp-json\/wp\/v2\/posts"}],"about":[{"href":"https:\/\/www.hashtag.al\/index.php\/wp-json\/wp\/v2\/types\/post"}],"author":[{"embeddable":true,"href":"https:\/\/www.hashtag.al\/index.php\/wp-json\/wp\/v2\/users\/30"}],"replies":[{"embeddable":true,"href":"https:\/\/www.hashtag.al\/index.php\/wp-json\/wp\/v2\/comments?post=351705"}],"version-history":[{"count":0,"href":"https:\/\/www.hashtag.al\/index.php\/wp-json\/wp\/v2\/posts\/351705\/revisions"}],"wp:featuredmedia":[{"embeddable":true,"href":"https:\/\/www.hashtag.al\/index.php\/wp-json\/wp\/v2\/media\/351706"}],"wp:attachment":[{"href":"https:\/\/www.hashtag.al\/index.php\/wp-json\/wp\/v2\/media?parent=351705"}],"wp:term":[{"taxonomy":"category","embeddable":true,"href":"https:\/\/www.hashtag.al\/index.php\/wp-json\/wp\/v2\/categories?post=351705"},{"taxonomy":"post_tag","embeddable":true,"href":"https:\/\/www.hashtag.al\/index.php\/wp-json\/wp\/v2\/tags?post=351705"}],"curies":[{"name":"wp","href":"https:\/\/api.w.org\/{rel}","templated":true}]}}