{"id":351524,"date":"2020-02-05T15:55:52","date_gmt":"2020-02-05T14:55:52","guid":{"rendered":"https:\/\/hashtag.al\/?p=351524"},"modified":"2020-02-05T15:50:22","modified_gmt":"2020-02-05T14:50:22","slug":"taksa-ndaj-mallrave-serbe-zevendesohet-me-reciprocitet-politik-ekonomik-e-tregtar-kurti","status":"publish","type":"post","link":"https:\/\/www.hashtag.al\/index.php\/2020\/02\/05\/taksa-ndaj-mallrave-serbe-zevendesohet-me-reciprocitet-politik-ekonomik-e-tregtar-kurti\/","title":{"rendered":"&#8220;Taksa ndaj mallrave serbe z\u00ebvend\u00ebsohet me reciprocitet politik, ekonomik e tregtar&#8221; &#8211; Kurti","gt_translate_keys":[{"key":"rendered","format":"text"}]},"content":{"rendered":"<p><img loading=\"lazy\" decoding=\"async\" class=\"aligncenter size-full wp-image-351525\" src=\"https:\/\/hashtag.al\/wp-content\/uploads\/2020\/02\/albinkurtitaksa.png\" alt=\"\" width=\"760\" height=\"451\" srcset=\"https:\/\/www.hashtag.al\/wp-content\/uploads\/2020\/02\/albinkurtitaksa.png 760w, https:\/\/www.hashtag.al\/wp-content\/uploads\/2020\/02\/albinkurtitaksa-300x178.png 300w\" sizes=\"auto, (max-width: 760px) 100vw, 760px\" \/><\/p>\n<p><span style=\"color: #000000;\">Kryeministri i Kosov\u00ebs, Kurti, ka deklaruar sot se taksa 100 p\u00ebrqind ndaj mallrave serbe do t\u00eb z\u00ebvend\u00ebsohet me reciprocitet t\u00eb plot\u00eb.<\/span><\/p>\n<p><span style=\"color: #000000;\">N\u00eb nj\u00eb konferenc\u00eb p\u00ebr mediat pas takimit me shefen e BE-s\u00eb n\u00eb Kosov\u00eb, Nataliya Apostolova, Kurti ka th\u00ebn\u00eb se parimi p\u00ebr marr\u00ebdh\u00ebnie konstruktive do t\u00eb jet\u00eb princip pune.<\/span><\/p>\n<p><span style=\"color: #000000;\"><em>\u2018Ne nuk i vendosim Serbin\u00eb dhe Bosnj\u00ebn n\u00eb t\u00eb nj\u00ebjt\u00ebn fjali asnj\u00ebher\u00eb, edhe p\u00ebr shkaqe historike, edhe p\u00ebr arsye aktuale. Ne konsiderojm\u00eb q\u00eb jemi k\u00ebtu ku jemi si qeveri e re edhe p\u00ebr shkak t\u00eb zotimit ton\u00eb q\u00eb me Serbin\u00eb do t\u00eb kemi reciprocitet politik, ekonomik e tregtar si z\u00ebvend\u00ebsim p\u00ebr tarif\u00ebn 100 p\u00ebr qind. Edhe LDK-ja, edhe VV-ja, mbi 60 p\u00ebr qind t\u00eb votave n\u00eb Kosov\u00eb n\u00eb mesin e shqiptar\u00ebve, ishin me parimin e reciprocitetit. Edhe ata q\u00eb sot jan\u00eb n\u00eb opozit\u00eb apo q\u00eb s\u2019na votuan mund t\u00eb mos pajtohen me ne p\u00ebr gj\u00ebra t\u00eb ndryshme, por p\u00ebr reciprocitetin jan\u00eb pro. K\u00ebt\u00eb parim p\u00ebr marr\u00ebdh\u00ebnie konstruktive do ta ket\u00eb princip pune\u2019<\/em>, ka th\u00ebn\u00eb Kurti.<\/span><\/p>\n","protected":false,"gt_translate_keys":[{"key":"rendered","format":"html"}]},"excerpt":{"rendered":"<p>Kryeministri i Kosov\u00ebs, Kurti, ka deklaruar sot se taksa 100 p\u00ebrqind ndaj mallrave serbe do t\u00eb z\u00ebvend\u00ebsohet me reciprocitet t\u00eb plot\u00eb. N\u00eb nj\u00eb konferenc\u00eb p\u00ebr mediat pas takimit me shefen e BE-s\u00eb n\u00eb Kosov\u00eb, Nataliya Apostolova, Kurti ka th\u00ebn\u00eb se parimi p\u00ebr marr\u00ebdh\u00ebnie konstruktive do t\u00eb jet\u00eb princip pune. \u2018Ne nuk i vendosim Serbin\u00eb dhe [&hellip;]<\/p>\n","protected":false,"gt_translate_keys":[{"key":"rendered","format":"html"}]},"author":51,"featured_media":351525,"comment_status":"open","ping_status":"open","sticky":false,"template":"","format":"standard","meta":{"footnotes":""},"categories":[149,6],"tags":[],"class_list":["post-351524","post","type-post","status-publish","format-standard","has-post-thumbnail","hentry","category-kosoverajon","category-nderkombetare"],"gt_translate_keys":[{"key":"link","format":"url"}],"_links":{"self":[{"href":"https:\/\/www.hashtag.al\/index.php\/wp-json\/wp\/v2\/posts\/351524","targetHints":{"allow":["GET"]}}],"collection":[{"href":"https:\/\/www.hashtag.al\/index.php\/wp-json\/wp\/v2\/posts"}],"about":[{"href":"https:\/\/www.hashtag.al\/index.php\/wp-json\/wp\/v2\/types\/post"}],"author":[{"embeddable":true,"href":"https:\/\/www.hashtag.al\/index.php\/wp-json\/wp\/v2\/users\/51"}],"replies":[{"embeddable":true,"href":"https:\/\/www.hashtag.al\/index.php\/wp-json\/wp\/v2\/comments?post=351524"}],"version-history":[{"count":0,"href":"https:\/\/www.hashtag.al\/index.php\/wp-json\/wp\/v2\/posts\/351524\/revisions"}],"wp:featuredmedia":[{"embeddable":true,"href":"https:\/\/www.hashtag.al\/index.php\/wp-json\/wp\/v2\/media\/351525"}],"wp:attachment":[{"href":"https:\/\/www.hashtag.al\/index.php\/wp-json\/wp\/v2\/media?parent=351524"}],"wp:term":[{"taxonomy":"category","embeddable":true,"href":"https:\/\/www.hashtag.al\/index.php\/wp-json\/wp\/v2\/categories?post=351524"},{"taxonomy":"post_tag","embeddable":true,"href":"https:\/\/www.hashtag.al\/index.php\/wp-json\/wp\/v2\/tags?post=351524"}],"curies":[{"name":"wp","href":"https:\/\/api.w.org\/{rel}","templated":true}]}}