{"id":351354,"date":"2020-02-04T23:55:54","date_gmt":"2020-02-04T22:55:54","guid":{"rendered":"https:\/\/hashtag.al\/?p=351354"},"modified":"2020-02-04T23:52:05","modified_gmt":"2020-02-04T22:52:05","slug":"huawei-plane-per-te-ndertuar-5g-made-in-europe","status":"publish","type":"post","link":"https:\/\/www.hashtag.al\/index.php\/2020\/02\/04\/huawei-plane-per-te-ndertuar-5g-made-in-europe\/","title":{"rendered":"Huawei plane p\u00ebr t\u00eb nd\u00ebrtuar 5G \u201cMade in Europe\u201d","gt_translate_keys":[{"key":"rendered","format":"text"}]},"content":{"rendered":"<p><img loading=\"lazy\" decoding=\"async\" class=\"aligncenter size-full wp-image-342936\" src=\"https:\/\/hashtag.al\/wp-content\/uploads\/2019\/12\/huawei5g.jpg\" alt=\"\" width=\"980\" height=\"551\" srcset=\"https:\/\/www.hashtag.al\/wp-content\/uploads\/2019\/12\/huawei5g.jpg 980w, https:\/\/www.hashtag.al\/wp-content\/uploads\/2019\/12\/huawei5g-300x169.jpg 300w, https:\/\/www.hashtag.al\/wp-content\/uploads\/2019\/12\/huawei5g-768x432.jpg 768w\" sizes=\"auto, (max-width: 980px) 100vw, 980px\" \/><\/p>\n<p><span style=\"color: #000000;\">Kreu i Huawei-t p\u00ebr Europ\u00ebn njoftoi sot se gjigandi kinez i telekomunikacionit do t\u00eb instaloj\u00eb nj\u00ebsi prodhimi n\u00eb kontinentin europian, nd\u00ebrkoh\u00eb q\u00eb grupi po p\u00ebrpiqet t\u00eb luftoj\u00eb presionin amerikan mbi vendet e bllokut p\u00ebr ta ndaluar kompanin\u00eb.<\/span><\/p>\n<p><span style=\"color: #000000;\">\u201cHuawei \u00ebsht\u00eb m\u00eb i angazhuar se kurr\u00eb ndaj Europ\u00ebs\u201d, tha Abraham Liu, z\u00ebvend\u00ebspresidenti i grupit p\u00ebr Europ\u00ebn, n\u00eb nj\u00eb pritje p\u00ebr Vitin e Ri kinez n\u00eb Bruksel.<\/span><\/p>\n<p><span style=\"color: #000000;\">\u201cNe kemi vendosur t\u00eb krijojm\u00eb nj\u00ebsi prodhimi n\u00eb Europ\u00eb, n\u00eb m\u00ebnyr\u00eb q\u00eb me t\u00eb v\u00ebrtet\u00eb t\u00eb kemi 5G p\u00ebr Europ\u00ebn, t\u00eb projektuar n\u00eb Europ\u00eb\u201d, shtoi ai.<\/span><\/p>\n<p><span style=\"color: #000000;\">Njoftimi vjen vet\u00ebm disa dit\u00eb pasi BE i hapi pjes\u00ebrisht der\u00ebn Huawei-it.<\/span><\/p>\n","protected":false,"gt_translate_keys":[{"key":"rendered","format":"html"}]},"excerpt":{"rendered":"<p>Kreu i Huawei-t p\u00ebr Europ\u00ebn njoftoi sot se gjigandi kinez i telekomunikacionit do t\u00eb instaloj\u00eb nj\u00ebsi prodhimi n\u00eb kontinentin europian, nd\u00ebrkoh\u00eb q\u00eb grupi po p\u00ebrpiqet t\u00eb luftoj\u00eb presionin amerikan mbi vendet e bllokut p\u00ebr ta ndaluar kompanin\u00eb. \u201cHuawei \u00ebsht\u00eb m\u00eb i angazhuar se kurr\u00eb ndaj Europ\u00ebs\u201d, tha Abraham Liu, z\u00ebvend\u00ebspresidenti i grupit p\u00ebr Europ\u00ebn, n\u00eb [&hellip;]<\/p>\n","protected":false,"gt_translate_keys":[{"key":"rendered","format":"html"}]},"author":32,"featured_media":340562,"comment_status":"open","ping_status":"open","sticky":false,"template":"","format":"standard","meta":{"footnotes":""},"categories":[6,13],"tags":[],"class_list":["post-351354","post","type-post","status-publish","format-standard","has-post-thumbnail","hentry","category-nderkombetare","category-te-fundit"],"gt_translate_keys":[{"key":"link","format":"url"}],"_links":{"self":[{"href":"https:\/\/www.hashtag.al\/index.php\/wp-json\/wp\/v2\/posts\/351354","targetHints":{"allow":["GET"]}}],"collection":[{"href":"https:\/\/www.hashtag.al\/index.php\/wp-json\/wp\/v2\/posts"}],"about":[{"href":"https:\/\/www.hashtag.al\/index.php\/wp-json\/wp\/v2\/types\/post"}],"author":[{"embeddable":true,"href":"https:\/\/www.hashtag.al\/index.php\/wp-json\/wp\/v2\/users\/32"}],"replies":[{"embeddable":true,"href":"https:\/\/www.hashtag.al\/index.php\/wp-json\/wp\/v2\/comments?post=351354"}],"version-history":[{"count":0,"href":"https:\/\/www.hashtag.al\/index.php\/wp-json\/wp\/v2\/posts\/351354\/revisions"}],"wp:featuredmedia":[{"embeddable":true,"href":"https:\/\/www.hashtag.al\/index.php\/wp-json\/wp\/v2\/media\/340562"}],"wp:attachment":[{"href":"https:\/\/www.hashtag.al\/index.php\/wp-json\/wp\/v2\/media?parent=351354"}],"wp:term":[{"taxonomy":"category","embeddable":true,"href":"https:\/\/www.hashtag.al\/index.php\/wp-json\/wp\/v2\/categories?post=351354"},{"taxonomy":"post_tag","embeddable":true,"href":"https:\/\/www.hashtag.al\/index.php\/wp-json\/wp\/v2\/tags?post=351354"}],"curies":[{"name":"wp","href":"https:\/\/api.w.org\/{rel}","templated":true}]}}